{"id":687805,"date":"2026-01-02T14:05:10","date_gmt":"2026-01-02T14:05:10","guid":{"rendered":"https:\/\/www.europesays.com\/de\/687805\/"},"modified":"2026-01-02T14:05:10","modified_gmt":"2026-01-02T14:05:10","slug":"wetter-in-deutschland-live-karten-zeigen-wo-es-stark-schneit","status":"publish","type":"post","link":"https:\/\/www.europesays.com\/de\/687805\/","title":{"rendered":"Wetter in Deutschland: Live-Karten zeigen, wo es stark schneit"},"content":{"rendered":"<p>        Der Winter ist da<br \/>\n      Deutschland schneit ein: Wetterkarten zeigen die Lage in Echtzeit<\/p>\n<p>            Kopiere den aktuellen Link<\/p>\n<p>          Zur Merkliste hinzuf\u00fcgen<\/p>\n<p>Das Wetter ist zum Jahreswechsel umgeschlagen: In ganz Deutschland schneit es. Im Norden gibt es eine Sturmflut. Wie sich die Lage entwickelt, zeigen interaktive Karten.<\/p>\n<p>    Inhaltsverzeichnis<\/p>\n<p class=\"typo-body-sc-md is-initial\">Das Wetter hat sich p\u00fcnktlich zum Jahreswechsel auf Winter umgestellt: Nach den k\u00e4ltesten Weihnachtsfeiertagen seit 15 Jahren, an denen es Schnee nur in hom\u00f6opathischen Mengen gab, wie der Deutsche Wetterdienst (DWD) schreibt, zeige sich nun &#8222;Frau Holle deutlich gro\u00dfz\u00fcgiger&#8220;. Sprich: Es schneit und das teils kr\u00e4ftig. Wer an diesem Freitagmorgen zur Arbeit musste, bekam die Lage deutlich zu sp\u00fcren und musste erstmal das Auto vom Schnee befreien oder sich durch das zentimeterdicke Wei\u00df zur n\u00e4chsten Bushaltestelle k\u00e4mpfen.<\/p>\n<p class=\"typo-body-sc-md\">Verantwortlich f\u00fcr das Winterwetter ist \u00fcbrigens Tizian: So hei\u00dft das &#8222;ausgewachsene Sturmtief mit seinem Zentrum \u00fcber S\u00fcdnorwegen&#8220;, wie der DWW erkl\u00e4rt. \u00dcber der Nordsee haben sich in der aktuellen Wetterlage kr\u00e4ftige Schauerb\u00e4nder gebildet \u2013 es wird der Vorhersage zufolge teils weiter kr\u00e4ftig schneien, und das im ganzen Land. Lokal sind Schneeverwehungen m\u00f6glich, was die Lage auf den Stra\u00dfen versch\u00e4rfen d\u00fcrfte.<\/p>\n<p class=\"typo-body-sc-md\">Das Portal &#8222;Wetter.de&#8220; res\u00fcmiert: &#8222;Der Winter 2026 geht in seine Hochphase&#8220;. Die kommenden Tage br\u00e4chten alles, was der Winter so kann, die Temperaturen schwanken demnach bei minus zwei bis plus f\u00fcnf Grad. Der Norden <a class=\"taxonomy-entity place\" data-target-type=\"article\" href=\"https:\/\/www.stern.de\/politik\/deutschland\/themen\/deutschland-4540700.html\" target=\"_blank\" rel=\"noopener\">Deutschlands<\/a> war zudem zum Jahreswechsel von einer Sturmflut betroffen. Au\u00dfer \u00f6rtlichen \u00dcberschwemmungen habe es jedoch keine gr\u00f6\u00dferen Sch\u00e4den gegeben, so &#8222;Wetter.de&#8220;.<\/p>\n<p class=\"typo-body-sc-md\">Die unten stehenden Karten zeigen die aktuelle <a class=\"taxonomy-entity keyword\" data-target-type=\"article\" href=\"https:\/\/www.stern.de\/panorama\/themen\/wetterlage-4171472.html\" target=\"_blank\" rel=\"noopener\">Wetterlage<\/a>: \u00a0<\/p>\n<p>  Karte I: Warnung vor Schnee, Eis und Gl\u00e4tte<\/p>\n<p class=\"typo-body-sc-md\">Die unten stehende Karte enth\u00e4lt m\u00f6gliche Warnungen vor winterlichem Wetter. Bei Klick auf oder Mausbewegung \u00fcber einen Ort erhalten Sie weitere Informationen, zum Beispiel zu Gefahrenhinweisen.<\/p>\n<p>  Wetterkarte II: Die Maximaltemperaturen f\u00fcr den heutigen Tag<\/p>\n<p class=\"typo-body-sc-md\">Die unten stehende \u00dcbersicht zeigt die erwarteten Maximaltemperaturen f\u00fcr den heutigen Tag.\u00a0<\/p>\n<\/p>\n<p>  Wetterkarte III zu Wind und Sturm: Die schnellsten B\u00f6en des Tages<\/p>\n<p class=\"typo-body-sc-md\">Die oben stehende Karte zeigt, wo die schnellsten Windb\u00f6en des Tages erwartet werden. \u00a0<\/p>\n<p>  Wetterkarte IV: Niederschlag in Echtzeit<\/p>\n<p class=\"typo-body-sc-md\">Die oben stehende Karte zeigt den Niederschlag des heutigen Tages in Echtzeit.<\/p>\n<p>  Wetterkarte V: Kumulativer Niederschlag heute<\/p>\n<p class=\"typo-body-sc-md\">Die verwendeten Karten stammen teilweise von &#8222;Wetter.de&#8220;. Das Portal ist wie der stern Teil von RTL Deutschland. Dar\u00fcber hinaus wurden Karten von &#8222;Windy.com&#8220; eingebettet. Die Macher nutzen f\u00fcr ihre Darstellungen und Vorhersagen das Modell vom &#8222;Europ\u00e4ischen Zentrum f\u00fcr mittelfristige Wettervorhersage&#8220;.<\/p>\n<p class=\"typo-body-sc-md\"><strong>Quellen<\/strong>: <a class=\"link--external\" href=\"https:\/\/www.dwd.de\/DE\/wetter\/thema_des_tages\/2026\/1\/1.html\" rel=\"nofollow noopener\" target=\"_blank\">Deutscher Wetterdienst<\/a>, &#8222;<a class=\"link--external\" href=\"https:\/\/www.wetter.de\/wettermeldungen\/wetter-tag\/wetter-tag-am-2-januar-schnee-glaette-und-kaelte-dominieren-auch-heute-id30194281.html\" rel=\"nofollow noopener\" target=\"_blank\">Wetter.de<\/a>&#8222;<\/p>\n<p>\n    anb \/ r\u00f6s\n  <\/p>\n","protected":false},"excerpt":{"rendered":"Der Winter ist da Deutschland schneit ein: Wetterkarten zeigen die Lage in Echtzeit Kopiere den aktuellen Link Zur&hellip;\n","protected":false},"author":2,"featured_media":687806,"comment_status":"","ping_status":"","sticky":false,"template":"","format":"standard","meta":{"footnotes":""},"categories":[2],"tags":[331,3924,332,3922,3364,29,30,13,14,3923,15,3921,12],"class_list":{"0":"post-687805","1":"post","2":"type-post","3":"status-publish","4":"format-standard","5":"has-post-thumbnail","7":"category-deutschland","8":"tag-aktuelle-nachrichten","9":"tag-aktuelle-nachrichten-aus-deutschland","10":"tag-aktuelle-news","11":"tag-aktuelle-news-aus-deutschland","12":"tag-de","13":"tag-deutschland","14":"tag-germany","15":"tag-headlines","16":"tag-nachrichten","17":"tag-nachrichten-aus-deutschland","18":"tag-news","19":"tag-news-aus-deutschland","20":"tag-schlagzeilen"},"share_on_mastodon":{"url":"https:\/\/pubeurope.com\/@de\/115825889995530065","error":""},"_links":{"self":[{"href":"https:\/\/www.europesays.com\/de\/wp-json\/wp\/v2\/posts\/687805","targetHints":{"allow":["GET"]}}],"collection":[{"href":"https:\/\/www.europesays.com\/de\/wp-json\/wp\/v2\/posts"}],"about":[{"href":"https:\/\/www.europesays.com\/de\/wp-json\/wp\/v2\/types\/post"}],"author":[{"embeddable":true,"href":"https:\/\/www.europesays.com\/de\/wp-json\/wp\/v2\/users\/2"}],"replies":[{"embeddable":true,"href":"https:\/\/www.europesays.com\/de\/wp-json\/wp\/v2\/comments?post=687805"}],"version-history":[{"count":0,"href":"https:\/\/www.europesays.com\/de\/wp-json\/wp\/v2\/posts\/687805\/revisions"}],"wp:featuredmedia":[{"embeddable":true,"href":"https:\/\/www.europesays.com\/de\/wp-json\/wp\/v2\/media\/687806"}],"wp:attachment":[{"href":"https:\/\/www.europesays.com\/de\/wp-json\/wp\/v2\/media?parent=687805"}],"wp:term":[{"taxonomy":"category","embeddable":true,"href":"https:\/\/www.europesays.com\/de\/wp-json\/wp\/v2\/categories?post=687805"},{"taxonomy":"post_tag","embeddable":true,"href":"https:\/\/www.europesays.com\/de\/wp-json\/wp\/v2\/tags?post=687805"}],"curies":[{"name":"wp","href":"https:\/\/api.w.org\/{rel}","templated":true}]}}