{"id":687886,"date":"2026-01-02T14:49:10","date_gmt":"2026-01-02T14:49:10","guid":{"rendered":"https:\/\/www.europesays.com\/de\/687886\/"},"modified":"2026-01-02T14:49:10","modified_gmt":"2026-01-02T14:49:10","slug":"mainz-05-christian-heidel-holt-bundesliga-stuermer-bild-de","status":"publish","type":"post","link":"https:\/\/www.europesays.com\/de\/687886\/","title":{"rendered":"Mainz 05: Christian Heidel holt Bundesliga-St\u00fcrmer! &#8211; bild.de"},"content":{"rendered":"<ol>\n<li><a href=\"https:\/\/news.google.com\/rss\/articles\/CBMirwFBVV95cUxPaFF0NlBhSmxYaXQ0ZG5FTzVRUVR5YmlISHAyMjRoazhma0pWNHdPODc4NmdzZ0lEcGh0Qk0zX1pwWDhaam1GWUhFRWpvVDNWVVNaODloUU9DZUNIR2FZUDc2MFFlTmswcThjSl9fM19LNEhLMWdyN0hIV24tOVBoTV8xSlBjVGhaVGNmSFdHN3pPTER0UjNidDNLQVByWkRBc3BlQXFVRVo3d2FrZGFF?oc=5\" target=\"_blank\" rel=\"noopener\">Mainz 05: Christian Heidel holt Bundesliga-St\u00fcrmer!<\/a>&nbsp;&nbsp;bild.de<\/li>\n<li><a href=\"https:\/\/news.google.com\/rss\/articles\/CBMinAFBVV95cUxPckdUV2oxbkdhX3dHQm9QOUdQN3NLdGhIQkJTRm9lN3dWbVBQdUVTQXQ1VzZfRHdyYWJaWUVkaXhCaWd2X3dLbDJPalZhTWtwTWJIUTBuTGVOdjR1eHJVMWtjeVJwRHNsTjdJQWxSdlNTdW1yTjdzNFhtT3l1RmFfZkttdVhGaEJrVDJEUk9NUmx2cjByY3E3RU1Nckw?oc=5\" target=\"_blank\" rel=\"noopener\">FCA-St\u00fcrmer Phillip Tietz vor Wechsel zu Mainz 05<\/a>&nbsp;&nbsp;augsburg-journal.de<\/li>\n<li><a href=\"https:\/\/news.google.com\/rss\/articles\/CBMilwFBVV95cUxQcnA0ZEM3QXdXcmdHd0xFVGNXX2xzYk5EcmdtaUlOZktfX1pwM2QzamU2SUNtcHdFWW1IOEhpT2pOT2pTd21HZHV2eEFsQmxoTXVoR3BEUnRlX01UZEpid0dmTGxUMWo5aWlUa0xyU3RXcW1NUGpoeXM2Zjc4aF9ZQkg1YUxiRE41Ym5VOXk0WjcxS1VaZWpn?oc=5\" target=\"_blank\" rel=\"noopener\">Verst\u00e4rkung im Abstiegskampf: Mainz holt Tietz vom FCA<\/a>&nbsp;&nbsp;Kicker<\/li>\n<li><a href=\"https:\/\/news.google.com\/rss\/articles\/CBMisAFBVV95cUxQOFlXeWNWMV9JWXBoOEVLWUdSUGxFYlZIQWVnVE5rNnJNYjFKWjJjRl9pSlYtVktWM2JDV0NHV3NfXzRDXzU3YjhUOVZ1UVdxOG9BQXVIM1hTMlFMZ3g0S01Ma054V1ExenNrb1dPYmFlczN0VHkyRmhFa2pFTW9rb29TUG5tajAwcHhUYnE4cklYejZDTDhSR2hoVzRGTWdBMWhUbGt2Y1BXU2xvdjlZbg?oc=5\" target=\"_blank\" rel=\"noopener\">Einer schon fix: Zwei neue Bundesliga-St\u00fcrmer f\u00fcr Mainz?<\/a>&nbsp;&nbsp;FussballTransfers.com<\/li>\n<li><a href=\"https:\/\/news.google.com\/rss\/articles\/CBMikAFBVV95cUxONy04RW4wWkFUajBtVHA4SjhfQXlDeVFPVkRkVHNYcXVSSzFVa2FmSHVtbGU1TExXb3NJMXIzbV9zdVM5OFFqaGVMSzl1eW5CZlJOa2NTUm13V0lEajJSUmZRUkNGVWthY2RsQXhiT2tXTUI4SllmUEtVX3JyZFNQVnB2a0xiQVBNSnpVWG1lR0o?oc=5\" target=\"_blank\" rel=\"noopener\">Bericht: Mainz 05 holt neuen St\u00fcrmer<\/a>&nbsp;&nbsp;merkurist.de<\/li>\n<\/ol>\n","protected":false},"excerpt":{"rendered":"Mainz 05: Christian Heidel holt Bundesliga-St\u00fcrmer!&nbsp;&nbsp;bild.de FCA-St\u00fcrmer Phillip Tietz vor Wechsel zu Mainz 05&nbsp;&nbsp;augsburg-journal.de Verst\u00e4rkung im Abstiegskampf: Mainz&hellip;\n","protected":false},"author":2,"featured_media":687887,"comment_status":"","ping_status":"","sticky":false,"template":"","format":"standard","meta":{"footnotes":""},"categories":[136],"tags":[29,538,49571,30,42384,25014,265,1470,469,45],"class_list":{"0":"post-687886","1":"post","2":"type-post","3":"status-publish","4":"format-standard","5":"has-post-thumbnail","7":"category-sport","8":"tag-deutschland","9":"tag-erste-bundesliga","10":"tag-fc-augsburg-1907","11":"tag-germany","12":"tag-heidel-christian","13":"tag-mainz-05","14":"tag-sport","15":"tag-sport-leuchtturm-muenchen","16":"tag-sport-leuchtturm-zentral","17":"tag-texttospeech"},"share_on_mastodon":{"url":"https:\/\/pubeurope.com\/@de\/115826062984214912","error":""},"_links":{"self":[{"href":"https:\/\/www.europesays.com\/de\/wp-json\/wp\/v2\/posts\/687886","targetHints":{"allow":["GET"]}}],"collection":[{"href":"https:\/\/www.europesays.com\/de\/wp-json\/wp\/v2\/posts"}],"about":[{"href":"https:\/\/www.europesays.com\/de\/wp-json\/wp\/v2\/types\/post"}],"author":[{"embeddable":true,"href":"https:\/\/www.europesays.com\/de\/wp-json\/wp\/v2\/users\/2"}],"replies":[{"embeddable":true,"href":"https:\/\/www.europesays.com\/de\/wp-json\/wp\/v2\/comments?post=687886"}],"version-history":[{"count":0,"href":"https:\/\/www.europesays.com\/de\/wp-json\/wp\/v2\/posts\/687886\/revisions"}],"wp:featuredmedia":[{"embeddable":true,"href":"https:\/\/www.europesays.com\/de\/wp-json\/wp\/v2\/media\/687887"}],"wp:attachment":[{"href":"https:\/\/www.europesays.com\/de\/wp-json\/wp\/v2\/media?parent=687886"}],"wp:term":[{"taxonomy":"category","embeddable":true,"href":"https:\/\/www.europesays.com\/de\/wp-json\/wp\/v2\/categories?post=687886"},{"taxonomy":"post_tag","embeddable":true,"href":"https:\/\/www.europesays.com\/de\/wp-json\/wp\/v2\/tags?post=687886"}],"curies":[{"name":"wp","href":"https:\/\/api.w.org\/{rel}","templated":true}]}}