{"id":688158,"date":"2026-01-02T17:21:09","date_gmt":"2026-01-02T17:21:09","guid":{"rendered":"https:\/\/www.europesays.com\/de\/688158\/"},"modified":"2026-01-02T17:21:09","modified_gmt":"2026-01-02T17:21:09","slug":"was-aus-den-boeller-faellen-von-2025-wurde","status":"publish","type":"post","link":"https:\/\/www.europesays.com\/de\/688158\/","title":{"rendered":"Was aus den B\u00f6ller-F\u00e4llen von 2025 wurde"},"content":{"rendered":"<p>Die letzten Raketen und B\u00f6ller sind explodiert, Silvester und Neujahr sind vorbei. F\u00fcr die Polizei und Justiz bahnt sich jedoch viel Arbeit an. Denn der R\u00fcckblick auf die j\u00fcngste Silvesternacht zeigt: Es stehen Ermittlungen an, wom\u00f6glich werden Strafverfahren eingeleitet und einige F\u00e4lle m\u00fcssen m\u00f6glicherweise vor Gericht ausgefochten werden. Darauf deutet zumindest die diesj\u00e4hrige Bilanz hin.<\/p>\n<p>Laut der Berliner Polizei wurden <a data-doctype=\"beitrag\" href=\"https:\/\/www.rbb24.de\/panorama\/beitrag\/2025\/12\/berlin-feuerwehr-polizei-bilanz-silvesternacht.html\" rel=\"nofollow noopener\" target=\"_blank\">430 Personen vor\u00fcbergehend festgenommen<\/a>, gegen 14 wurde ein &#8222;Unterbindungsgewahrsam&#8220; verh\u00e4ngt, sieben Personen wurden einem Haftrichter vorgef\u00fchrt. Insgesamt leitete die Polizei etwa 800 Ermittlungsverfahren ein, haupts\u00e4chlich wegen Verst\u00f6\u00dfen gegen das Waffen- und Sprengstoffgesetz sowie Angriffen auf Polizisten. Und: Bereits im Vorfeld wurden \u00fcber 220.000 St\u00fcck Pyrotechnik, davon 109.000 illegal, beschlagnahmt. Am Freitag kam zudem heraus, dass in Potsdam ein 12-j\u00e4hriger Junge am Neujahrstag durch einen Sprengk\u00f6rper schwer verletzt wurde. Bei dem Feuerwerksk\u00f6rper k\u00f6nnte es sich um eine sogenannte Kugelbombe gehandelt haben. <a data-doctype=\"beitrag\" href=\"https:\/\/www.rbb24.de\/panorama\/beitrag\/2026\/01\/berlin-brandenburg-kugelbombe-kind-verletzt-silvester.html\" rel=\"nofollow noopener\" target=\"_blank\">Das Kind sei in einem &#8222;kritischen Zustand&#8220;<\/a>.<\/p>\n<p>Bereits vergangenes Jahr machte die Nutzung illegaler Pyrotechnik in Berlin bundesweit Schlagzeilen. Besonders der Einsatz von Kugelbomben verursachte enorme Sch\u00e4den, auch Menschen wurden teils massiv verletzt. Daraufhin folgten Festnahmen, Ermittlungen, Wohnungsdurchsuchungen. Inzwischen ist ein Jahr vergangenen.<\/p>\n<p>Was wurde aus diesen F\u00e4llen?<\/p>\n","protected":false},"excerpt":{"rendered":"Die letzten Raketen und B\u00f6ller sind explodiert, Silvester und Neujahr sind vorbei. F\u00fcr die Polizei und Justiz bahnt&hellip;\n","protected":false},"author":2,"featured_media":688159,"comment_status":"","ping_status":"","sticky":false,"template":"","format":"standard","meta":{"footnotes":"","_share_on_mastodon":"0"},"categories":[1825],"tags":[296,1890,29,30,140715,134296],"class_list":["post-688158","post","type-post","status-publish","format-standard","has-post-thumbnail","category-berlin","tag-berlin","tag-brandenburg","tag-deutschland","tag-germany","tag-rbb24silvester","tag-rbb24tagesschau"],"share_on_mastodon":{"url":"https:\/\/pubeurope.com\/@de\/115826660861871367","error":""},"_links":{"self":[{"href":"https:\/\/www.europesays.com\/de\/wp-json\/wp\/v2\/posts\/688158","targetHints":{"allow":["GET"]}}],"collection":[{"href":"https:\/\/www.europesays.com\/de\/wp-json\/wp\/v2\/posts"}],"about":[{"href":"https:\/\/www.europesays.com\/de\/wp-json\/wp\/v2\/types\/post"}],"author":[{"embeddable":true,"href":"https:\/\/www.europesays.com\/de\/wp-json\/wp\/v2\/users\/2"}],"replies":[{"embeddable":true,"href":"https:\/\/www.europesays.com\/de\/wp-json\/wp\/v2\/comments?post=688158"}],"version-history":[{"count":0,"href":"https:\/\/www.europesays.com\/de\/wp-json\/wp\/v2\/posts\/688158\/revisions"}],"wp:featuredmedia":[{"embeddable":true,"href":"https:\/\/www.europesays.com\/de\/wp-json\/wp\/v2\/media\/688159"}],"wp:attachment":[{"href":"https:\/\/www.europesays.com\/de\/wp-json\/wp\/v2\/media?parent=688158"}],"wp:term":[{"taxonomy":"category","embeddable":true,"href":"https:\/\/www.europesays.com\/de\/wp-json\/wp\/v2\/categories?post=688158"},{"taxonomy":"post_tag","embeddable":true,"href":"https:\/\/www.europesays.com\/de\/wp-json\/wp\/v2\/tags?post=688158"}],"curies":[{"name":"wp","href":"https:\/\/api.w.org\/{rel}","templated":true}]}}