{"id":688493,"date":"2026-01-02T20:19:28","date_gmt":"2026-01-02T20:19:28","guid":{"rendered":"https:\/\/www.europesays.com\/de\/688493\/"},"modified":"2026-01-02T20:19:28","modified_gmt":"2026-01-02T20:19:28","slug":"aktuelle-news-ereignisse-und-geschichten-vom-freitag-5","status":"publish","type":"post","link":"https:\/\/www.europesays.com\/de\/688493\/","title":{"rendered":"Aktuelle News, Ereignisse und Geschichten vom Freitag"},"content":{"rendered":"<p class=\"fp-paragraph\">Ein neues Jahr &#8211; und der Ticker ist zur\u00fcck: Was passiert heute am <strong>Freitag, 2. Januar,<\/strong> in Halle? Welche Stra\u00dfen sind gesperrt, wo gibt\u2019s Neues aus Politik, Kultur und Sport \u2013 und welche gute Nachricht sorgt f\u00fcr Gespr\u00e4chsstoff?<\/p>\n<p class=\"fp-paragraph\">Im Liveticker der Lokalredaktion Halle erfahren Sie den ganzen Tag \u00fcber alles Wichtige aus Halle. Wenn heute etwas passiert, lesen Sie es zuerst hier.<\/p>\n<p>Eine ganze Stadt auf einen Wisch<\/p>\n<p class=\"fp-paragraph\">Wann war eigentlich zum letzten Ticker? Hier finden Sie <a href=\"https:\/\/www.mz.de\/lokal\/halle-saale\/heute-in-halle-mittwoch-1712-newsblog-4167475\" target=\"_blank\" rel=\"noopener\">den Newsblog von Mittwoch, 17. Dezember<\/a>. Immer der aktuelle Ticker vom Tag steht unter <a rel=\"noopener\" target=\"_new\" href=\"https:\/\/www.mz.de\/thema\/heute-in-halle\">Heute in Halle<\/a>. Und hier erkl\u00e4ren wir Ihnen, was Sie dort sonst noch alles finden: <a href=\"https:\/\/www.mz.de\/lokal\/halle-saale\/das-ist-der-blog-heute-in-halle-alle-news-auf-einen-wisch-4114116\" target=\"_blank\" rel=\"noopener\">Newsblog, Newsletter und Podcast<\/a>.<\/p>\n<p class=\"fp-paragraph\">Wer den Blog auf dem Handy oder Tablet \u00f6ffnet und aktualisiert, hat immer die aktuellsten Nachrichten aus Halle auf dem Bildschirm \u2013 ganz ohne langes Suchen.<\/p>\n<p>Das ist neu am ersten Freitag im neuen Jahr in Halle:<\/p>\n<p>19.02 Uhr \u2013 175 Jahre in Familienhand: Backerei Z\u00f6rner hat geschlossen<\/p>\n<p class=\"fp-paragraph\">\u00dcber 40 Jahre lang und noch als Rentner haben Andreas und Cornelia Hermann ihre B\u00e4ckerei in Langenbogen bei Halle betrieben. Aber jetzt ist Schluss mit der B\u00e4ckerei Z\u00f6rner, die es zuvor 175 Jahre lang gegeben hatte. Nun aufzuh\u00f6ren, f\u00e4llt den beiden alles andere als leicht.<br \/><a href=\"https:\/\/www.mz.de\/lokal\/halle-saale\/nach-175-jahren-in-familienhand-backerei-zorner-in-langenbogen-hat-zum-jahresbeginn-geschlossen-4174681\" target=\"_blank\" rel=\"noopener\">Nach 175 Jahren in Familienhand: B\u00e4ckerei Z\u00f6rner in Langenbogen hat zum Jahresbeginn geschlossen<\/a><\/p>\n<p><img decoding=\"async\" class=\"fp-lazyload lazyload\" src=\"https:\/\/www.europesays.com\/de\/wp-content\/uploads\/2026\/01\/b9f73ef0-8ac8-44c7-915b-75f85fbfa24f.jpeg\"  data- style=\"display: block; width: 100%;\" loading=\"lazy\" alt=\"Nach 175 Jahren als Familienbetrieb haben Andreas und Cornelia Hermann die B\u00e4ckerei Z\u00f6rner in Langenbogen jetzt geschlossen.\"\/>Nach 175 Jahren als Familienbetrieb haben Andreas und Cornelia Hermann die B\u00e4ckerei Z\u00f6rner in Langenbogen jetzt geschlossen.<\/p>\n<p> (Foto: Denny Kleindienst)<\/p>\n<p class=\"fp-paragraph\"><strong>Kennen Sie schon unseren Newsletter?<\/strong> Wenn Sie sich hier anmelden, kommt <strong><a href=\"https:\/\/www.mz.de\/newsletter\/halle\" target=\"_blank\" rel=\"noopener\">Hier in Halle<\/a><\/strong> jeden Morgen von Montag bis Samstag direkt per Mail zu Ihnen.<\/p>\n<p class=\"fp-paragraph\">Lesen Sie heute von <strong>Luisa K\u00f6nig<\/strong>: <a href=\"https:\/\/www.mz.de\/newsletter\/halle\/wieder-zahlreiche-verletzungen-in-silvesternacht-4174119\" target=\"_blank\" rel=\"noopener\">Wieder zahlreiche Verletzungen in Silvesternacht<\/a><\/p>\n<p>18.34 Uhr \u2013 Gl\u00fcck mit leichter Versp\u00e4tung: Das ist Halles Neujahrsbaby<\/p>\n<p class=\"fp-paragraph\">Er lie\u00df sich Zeit und sorgte dann aber nicht nur bei seiner Familie f\u00fcr gro\u00dfe Freude: Emilio Fritz ist Halles Neujahrsbaby. Er kam am Neujahrstag um 17.38 Uhr als erstes Kind in diesem Jahr im Krei\u00dfsaal der Universit\u00e4tsklinik und Poliklinik f\u00fcr Geburtshilfe und Pr\u00e4natalmedizin in Halle zur Welt.<br \/><a href=\"https:\/\/www.mz.de\/lokal\/halle-saale\/mit-verspatung-emilio-ist-halles-neujahrsbaby-4174666\" target=\"_blank\" rel=\"noopener\">Mit Versp\u00e4tung: Emilio ist Halles Neujahrsbaby<\/a><\/p>\n<p><img decoding=\"async\" class=\"fp-lazyload lazyload\" src=\"https:\/\/www.europesays.com\/de\/wp-content\/uploads\/2026\/01\/8f329a2b-f172-45a1-a504-bc258d4f7bd5.jpeg\"  data- style=\"display: block; width: 100%;\" loading=\"lazy\" alt=\"Happy New Year: Emilio ist Halles Neujahrsbaby.\"\/>Happy New Year: Emilio ist Halles Neujahrsbaby.<\/p>\n<p> (Foto: Universit\u00e4tsmedizin Halle)<\/p>\n<p>17.54 Uhr\u00a0\u2013 Das ist der Podcast vom 2. Januar<\/p>\n<p class=\"fp-paragraph\">Wieder \u00c4rger um Bau der A143, schwerstverletztes Opfer des Ungl\u00fccks in Crans-Montana wird im Klinikum Bergmannstrost behandelt, die MZ-Reisemesse wirft ihre Schatten voraus: Das und mehr zu h\u00f6ren gibt es <a href=\"https:\/\/www.mz.de\/podcast\/aktuelle-nachrichten-heute-in-halle-das-ist-der-podcast-mit-den-schlagzeilen-von-freitag-2-januar-4086590\" target=\"_blank\" rel=\"noopener\">im Podcast von Freitag, 2. Januar<\/a>.<\/p>\n<p class=\"fp-paragraph\"><strong>Sie wollen lieber zuh\u00f6ren als lesen?<\/strong> <strong><a href=\"https:\/\/www.mz.de\/podcast\/halle-saale-aktuelle-nachrichten-podcast-4086590\" target=\"_blank\" rel=\"noopener\">\u201eHeute in Halle&#8220;<\/a> <\/strong>gibt es deshalb auch als Podcast: Hier und \u00fcberall, wo es Podcasts gibt, h\u00f6ren Sie jeden Abend die Schlagzeilen des Tages.<\/p>\n<p>17.01 Uhr \u2013 Das ist eine der sch\u00f6nsten Krippen von Halle<\/p>\n<p class=\"fp-paragraph\">Mit dem Ende der Weihnachtszeit am 6. Januar wird sie wieder abgebaut. Warum bis dahin der Besuch einer opulenten Weihnachtskrippe in Halle lohnt.<br \/><a href=\"https:\/\/www.mz.de\/lokal\/halle-saale\/fast-100-jahre-tradition-wo-man-eine-der-schonsten-weihnachtskrippen-von-halle-besichtigen-kann-4174624\" target=\"_blank\" rel=\"noopener\">Fast 100 Jahre Tradition: Wo man eine der sch\u00f6nsten Weihnachtskrippen von Halle besichtigen kann<\/a><\/p>\n<p><img decoding=\"async\" class=\"fp-lazyload lazyload\" src=\"https:\/\/www.europesays.com\/de\/wp-content\/uploads\/2026\/01\/c14507d4-c074-44a0-87e0-b74a1e20fa10.jpeg\"  data- style=\"display: block; width: 100%;\" loading=\"lazy\" alt=\"Stimmungsvoll: Eine der wohl sch\u00f6nsten halleschen Weihnachtskrippen ist noch bis zum 6. Januar zu besichtigen.\"\/>Stimmungsvoll: Eine der wohl sch\u00f6nsten halleschen Weihnachtskrippen ist noch bis zum 6. Januar zu besichtigen.<\/p>\n<p> (Foto: Diakoniewerk Halle)<\/p>\n<p>16.07 Uhr \u2013 So wird die 27. MZ-Reisemesse in Halle<\/p>\n<p class=\"fp-paragraph\">Zum 27. Mal \u00f6ffnet die MZ-Reisemesse am 24. Januar in Halle ihre T\u00fcren. Wer will, kann mit Shuttle-Bussen zum Medienhaus in der Delitzscher Stra\u00dfe anreisen.<br \/><a href=\"https:\/\/www.mz.de\/lokal\/halle-saale\/lust-auf-urlaub-mit-der-mz-von-halle-aus-in-die-ganze-welt-4174462\" target=\"_blank\" rel=\"noopener\"><a href=\"https:\/\/www.mz.de\/lokal\/halle-saale\/lust-auf-urlaub-mit-der-mz-von-halle-aus-in-die-ganze-welt-4174462\" target=\"_blank\" rel=\"noopener\">Reisemesse: Lust auf Urlaub &#8211; mit der MZ von Halle aus in die ganze Welt<\/a><\/p>\n<p><img decoding=\"async\" class=\"fp-lazyload lazyload\" src=\"https:\/\/www.europesays.com\/de\/wp-content\/uploads\/2026\/01\/b2da7484-36e5-4541-a902-130b60b062e0.jpeg\"  data- style=\"display: block; width: 100%;\" loading=\"lazy\" alt=\"Zur MZ-Reisemesse ist traditionell viel los.\"\/>Zur MZ-Reisemesse ist traditionell viel los.<\/p>\n<p> (Foto: Dirk Skrzypczak)<\/p>\n<p>15.25 Uhr \u2013 Crans-Montana: Schwerstverletzte Person kommt ins Bergmannstrost<\/p>\n<p class=\"fp-paragraph\">Eine Silvesterparty <a href=\"https:\/\/www.mz.de\/panorama\/die-feuerholle-von-crans-montana-junge-opfer-mutige-retter-4174241\" target=\"_blank\" rel=\"noopener\">im Skiort Crans-Montana in der Schweiz endete mit einer Katastrophe<\/a>. Nun soll einer bei dem Inferno schwerstverletzten Person in Halle geholfen werden &#8211; im Brandverletztenzentrum des Klinikums Bergmannstrost.<br \/><a href=\"https:\/\/www.mz.de\/lokal\/halle-saale\/nach-grossfeuer-in-crans-montana-klinikum-bergmannstrost-in-halle-nimmt-schwerstverletzte-auf-4174542\" target=\"_blank\" rel=\"noopener\">Nach Gro\u00dffeuer in Crans-Montana: Klinikum Bergmannstrost in Halle nimmt Schwerstverletzte auf<\/a><\/p>\n<p><img decoding=\"async\" class=\"fp-lazyload lazyload\" src=\"https:\/\/www.europesays.com\/de\/wp-content\/uploads\/2026\/01\/5c6d98ff-9f14-43b4-93d3-d40e6c509c7d.jpeg\"  data- style=\"display: block; width: 100%;\" loading=\"lazy\" alt=\"Rund 100 Brandopfer j\u00e4hrlich: Professor Frank Siemers, Chef des Brandverletztenzentrums am BG Klinikum in Halle, am Patientenbett.\"\/>Rund 100 Brandopfer j\u00e4hrlich: Professor Frank Siemers, Chef des Brandverletztenzentrums am BG Klinikum in Halle, am Patientenbett.<\/p>\n<p> (Symbolfoto: Steffen Schellhorn)<\/p>\n<p>14.31 Uhr \u2013 In der Stra\u00dfenbahn bedroht und beleidigt<\/p>\n<p class=\"fp-paragraph\">Am Donnerstagabend gegen 21.45 Uhr kam es nach Angaben der Polizei zu einer verbalen Bedrohung in einer Stra\u00dfenbahn. Der unbekannte T\u00e4ter habe nach ersten Erkenntnissen anlasslos zwei M\u00e4nner im Alter von 30 und 37 Jahren beleidigt und bedroht. Anschlie\u00dfend begab sich der Tatverd\u00e4chtige in einen anderen Teil der Stra\u00dfenbahn, bevor er diese am Hauptbahnhof verlie\u00df. Trotz einer sofortigen Nahbereichsfahndung sei der Tatverd\u00e4chtige nicht mehr angetroffen worden.<\/p>\n<p>12.53 Uhr \u2013 Wildunfall bei Teutschenthal<\/p>\n<p class=\"fp-paragraph\">Am Donnerstag gegen 22.15 Uhr befuhr eine 61-j\u00e4hrige Fahrzeugf\u00fchrerin eines PKW VW die Landstra\u00dfe 164 in Richtung Teutschenthal, als pl\u00f6tzlich mehrere Wildschweine die Fahrbahn \u00fcberquerten. Laut Polizeibericht kam es zum Zusammensto\u00df zwischen dem Fahrzeug und einem der Tiere. Am Fahrzeug entstand Sachschaden in H\u00f6he von etwa 5.000 Euro. Das Wild sei am Unfallort verendet.<\/p>\n<p>12.01 Uhr \u2013 Wieder \u00c4rger um Bau der A143<\/p>\n<p class=\"fp-paragraph\">Die A143 und die Umwelt &#8211; die Kritik am Bauvorhaben westlich von Halle rei\u00dft nicht ab. Der Landtagsabgeordnete Wolfgang Aldag sieht Anzeichen daf\u00fcr, dass die Deges geltendes Recht missachtet.<br \/><a href=\"https:\/\/www.mz.de\/lokal\/halle-saale\/schwere-vorwurfe-verstosst-bundesgesellschaft-beim-tunnelbau-der-a143-nahe-halle-gegen-gerichtsurteil-4174437\" target=\"_blank\" rel=\"noopener\">Schwere Vorw\u00fcrfe: Verst\u00f6\u00dft Bundesgesellschaft beim Tunnelbau der A143 nahe Halle gegen Gerichtsurteil?<\/a><\/p>\n<p><img decoding=\"async\" class=\"fp-lazyload lazyload\" src=\"https:\/\/www.europesays.com\/de\/wp-content\/uploads\/2026\/01\/8bdb6f49-6320-4ec6-9249-43556c63fc86.jpeg\"  data- style=\"display: block; width: 100%;\" loading=\"lazy\" alt=\"Der Stein des Ansto\u00dfes, der Landschaftstunnel bei Friedrichsschwerz: Versto\u00dfen Planungen gegen Gerichtsbeschl\u00fcsse?\"\/>Der Stein des Ansto\u00dfes, der Landschaftstunnel bei Friedrichsschwerz: Versto\u00dfen Planungen gegen Gerichtsbeschl\u00fcsse?<\/p>\n<p> (Foto: Steffen Schellhorn)<\/p>\n<p>11.03 Uhr \u2013 Winterspaziergang im Botanischen Garten<\/p>\n<p class=\"fp-paragraph\">Seit \u00fcber 20 Jahren l\u00e4dt Kustos Matthias Hoffmann zum Jahresende in den botanischen Garten der Universit\u00e4t Halle ein. Und auch wenn derzeit kaum etwas bl\u00fcht, zeigen sich doch winzige Farbtupfer und spannende Strukturen.<br \/><a href=\"https:\/\/www.mz.de\/lokal\/halle-saale\/bluten-knospen-fruchte-was-es-bei-einem-winterspaziergang-in-halle-zu-entdecken-gibt-4173528\" target=\"_blank\" rel=\"noopener\">Bl\u00fcten, Knospen, Fr\u00fcchte &#8211; Was es bei einem Winterspaziergang in Halle zu entdecken gibt<\/a><\/p>\n<p><img decoding=\"async\" class=\"fp-lazyload lazyload\" src=\"https:\/\/www.europesays.com\/de\/wp-content\/uploads\/2026\/01\/628048e8-fba5-4f8d-8133-5bdd4fb2b11a.jpeg\"  data- style=\"display: block; width: 100%;\" loading=\"lazy\" alt=\"Der Andrang zum allj\u00e4hrlichen Winterspaziergang durch Halles botanischen Garten ist jedes mal gro\u00df. In diesem Jahr pr\u00e4sentiert Kustos Matthias Hoffmann winterliche Knospen und Triebe.\"\/>Der Andrang zum allj\u00e4hrlichen Winterspaziergang durch Halles botanischen Garten ist jedes mal gro\u00df. In diesem Jahr pr\u00e4sentiert Kustos Matthias Hoffmann winterliche Knospen und Triebe.<\/p>\n<p> (Foto: Katja Pausch)<\/p>\n<p>10.31 Uhr\u00a0\u2013 Nach Wei\u00dfenborns Austritt: Jetzt spricht Halles SPD-Chef<\/p>\n<p class=\"fp-paragraph\">Aufregung in Halles Sozialdemokratie <a href=\"https:\/\/www.mz.de\/lokal\/halle-saale\/kritik-an-vizekanzler-klingbeil-kampfer-fur-rentengerechtigkeit-aus-halle-tritt-aus-der-spd-aus-4173454\" target=\"_blank\" rel=\"noopener\">nach dem Austritt von Klaus-Dieter Wei\u00dfenborn<\/a>, dem fr\u00fcheren Vorsitzenden des SPD-Ortsvereins Halle-Neustadt: Jetzt meldet sich Stadtverbandschef Peter Dehn zu Wort. <br \/><a href=\"https:\/\/www.mz.de\/lokal\/halle-saale\/nach-austritt-wegen-klingbeil-und-co-jetzt-spricht-halles-spd-chef-4174357\" target=\"_blank\" rel=\"noopener\">Nach Austritt wegen Klingbeil und Co. &#8211; jetzt spricht Halles SPD-Chef<\/a><\/p>\n<p>9.24 Uhr \u2013 Ein Mitbewohner mit roten Augen und wei\u00dfem Schnabel<\/p>\n<p class=\"fp-paragraph\">365 Tage, 365 Tiere: Der n\u00e4chste tierische Mitbewohner in Halle ist da. Heute am 2. Januar geht es um V\u00f6gel, die Sumpf- und Stillgew\u00e4sser lieben.<br \/><a href=\"https:\/\/www.mz.de\/lokal\/halle-saale\/halles-mitbewohner-mit-roten-augen-und-weissem-schnabel-4173142\" target=\"_blank\" rel=\"noopener\">Halles Mitbewohner mit roten Augen und wei\u00dfem Schnabel<\/a><\/p>\n<p><img decoding=\"async\" class=\"fp-lazyload lazyload\" src=\"https:\/\/www.europesays.com\/de\/wp-content\/uploads\/2026\/01\/428268e7-8278-42ea-b57e-786f2d233093.jpeg\"  data- style=\"display: block; width: 100%;\" loading=\"lazy\" alt=\"Vor allem am Hufeisensee in Halle sind diese tierischen Mitbewohner zu Hause.\"\/>Vor allem am Hufeisensee in Halle sind diese tierischen Mitbewohner zu Hause.<\/p>\n<p> (Foto: Steffen Schellhorn)<\/p>\n<p>8.09 Uhr \u2013 Das sagen die Daten: Da ist der HFC Spitze, da nicht<\/p>\n<p class=\"fp-paragraph\">Der Hallesche FC l\u00e4uft in der Regionalliga den Erwartungen hinterher. Eine Datenanalyse zeigt genau, woran das liegt. An einem R\u00fcckkehrer h\u00e4ngen gro\u00dfe Hoffnungen.<br \/><a href=\"https:\/\/www.mz.de\/sport\/hallescher-fc\/hallescher-fc-das-verraet-eine-datenanalyse-ueber-den-klub-der-regionalliga-nordost-4174137\" target=\"_blank\" rel=\"noopener\">In vielen Kategorien Spitzenreiter, aber: Das verr\u00e4t eine Datenanalyse \u00fcber den HFC<\/a><\/p>\n<p><img decoding=\"async\" class=\"fp-lazyload lazyload\" src=\"https:\/\/www.europesays.com\/de\/wp-content\/uploads\/2026\/01\/0879963c-44aa-4ef9-9218-790b8c3c01b3.jpeg\"  data- style=\"display: block; width: 100%;\" loading=\"lazy\" alt=\"Fatlum Elezi steht exemplarisch f\u00fcr die Probleme des HFC.\u00a0\"\/>Fatlum Elezi steht exemplarisch f\u00fcr die Probleme des HFC.\u00a0<\/p>\n<p> (Foto: IMAGO\/K\u00f6hn)<\/p>\n<p class=\"fp-paragraph\">Wie bringen Fu\u00dfballer ihre H\u00f6chstleistung auf den Platz? <a href=\"https:\/\/www.mz.de\/podcast\/folge-35-tracking-hopserlauf-und-gummibarchen-so-halt-der-hfc-seine-profis-fit-und-leistungsbereit-4170459\" target=\"_blank\" rel=\"noopener\">In der neuen Folge unseres Podcasts \u201eChemie kennt keine Liga\u201c<\/a> geben Athletiktrainer Denis Hasenbeck sowie Sportwissenschaftler John Brandes spannende Einblicke hinter die Kulissen.<\/p>\n<p>7.27 Uhr \u2013 Wegen Rente: Wei\u00dfenborn tritt aus SPD aus<\/p>\n<p class=\"fp-paragraph\">Klaus-Dieter Wei\u00dfenborn setzt sich seit Jahrzehnten f\u00fcr gerechte Renten Ostdeutscher ein. Er f\u00fchlt sich von der Bundespolitik verraten.<br \/><a href=\"https:\/\/www.mz.de\/lokal\/halle-saale\/kritik-an-vizekanzler-klingbeil-kampfer-fur-rentengerechtigkeit-aus-halle-tritt-aus-der-spd-aus-4173454\" target=\"_blank\" rel=\"noopener\"><a href=\"https:\/\/www.mz.de\/lokal\/halle-saale\/kritik-an-vizekanzler-klingbeil-kampfer-fur-rentengerechtigkeit-aus-halle-tritt-aus-der-spd-aus-4173454\" target=\"_blank\" rel=\"noopener\">Kritik an Vizekanzler Klingbeil &#8211; K\u00e4mpfer f\u00fcr Rentengerechtigkeit aus Halle tritt aus der SPD aus<\/a><\/p>\n<p><img decoding=\"async\" class=\"fp-lazyload lazyload\" src=\"https:\/\/www.europesays.com\/de\/wp-content\/uploads\/2026\/01\/378821a1-31c4-41be-8f05-7d6febee7421.jpeg\"  data- style=\"display: block; width: 100%;\" loading=\"lazy\" alt=\"\u201eDie SPD-Spitze missachtet ihre Grundwerte\u201c: Klaus-Dieter Wei\u00dfenborn hat seinen Parteiaustritt erkl\u00e4rt.\"\/>\u201eDie SPD-Spitze missachtet ihre Grundwerte\u201c: Klaus-Dieter Wei\u00dfenborn hat seinen Parteiaustritt erkl\u00e4rt.<\/p>\n<p> (Foto: Lutz W\u00fcrbach)<\/p>\n<p>6.52 Uhr \u2013 Everest Marathon: Dieser Hallenser will dabei sein<\/p>\n<p class=\"fp-paragraph\">Der Hallenser Olaf Bornack bereitet sich auf den extremsten Lauf der Welt vor. Er will den \u201eEverest Marathon\u201c meistern. Wie sich der 57-J\u00e4hrige wappnet.<br \/><a href=\"https:\/\/www.mz.de\/lokal\/halle-saale\/start-auf-5-356-metern-dieser-hallenser-will-einen-marathon-auf-dem-mount-everest-laufen-4174144\" target=\"_blank\" rel=\"noopener\">Start auf 5.356 Metern: Dieser Hallenser will einen Marathon auf dem Mount Everest laufen<\/a><\/p>\n<p><img decoding=\"async\" class=\"fp-lazyload lazyload\" src=\"https:\/\/www.europesays.com\/de\/wp-content\/uploads\/2026\/01\/14bda687-e277-4219-b335-86711bc033ad.jpeg\"  data- style=\"display: block; width: 100%;\" loading=\"lazy\" alt=\"Olaf Bornack hat Erfahrung mit extremen Laufveranstaltungen.\"\/>Olaf Bornack hat Erfahrung mit extremen Laufveranstaltungen.<\/p>\n<p> (Foto: Objektfoto)<\/p>\n<p>6.25 Uhr\u00a0\u2013 So lief die Silvesternacht im Klinikum Bergmannstrost<\/p>\n<p class=\"fp-paragraph\">Alle Jahre wieder verletzen sich zahlreiche Menschen in der Silvesternacht an Feuerwerk und landen dann im Klinikum Bergmannstrost in Halle. In diesem Jahr waren die Verletzungen besonders stark. Die MZ hat Oberarzt Stefan Weber in der Nacht begleitet. Was dort passiert ist.<br \/><a href=\"https:\/\/www.mz.de\/lokal\/halle-saale\/silvester-boeller-verletzungen-krankenhaus-unfall-operation-amputation-hand-4174082\" target=\"_blank\" rel=\"noopener\">Zwischen Luftschlangen und amputierten Fingern So lief die Silvesternacht im Klinikum Bergmannstrost in Halle<\/a><\/p>\n<p><img decoding=\"async\" class=\"fp-lazyload lazyload\" src=\"https:\/\/www.europesays.com\/de\/wp-content\/uploads\/2026\/01\/2f1c18be-4169-45fe-bc99-f3c17462fd61.jpeg\"  data- style=\"display: block; width: 100%;\" loading=\"lazy\" alt=\"Oberarzt Stefan Weber stand in der Silvesternacht im Klinikum Bergmannstrost in Halle im OP und musste teils schwerwiegende Verletzungen versorgen.\"\/>Oberarzt Stefan Weber stand in der Silvesternacht im Klinikum Bergmannstrost in Halle im OP und musste teils schwerwiegende Verletzungen versorgen.<\/p>\n<p> (Foto: Luisa K\u00f6nig)<\/p>\n<p>6.12 Uhr \u2013 Ein Feuerwehrauto aus Pei\u00dfen im Museum in G\u00f6teborg<\/p>\n<p class=\"fp-paragraph\">Ein 50 Jahre alter Volvo, einst Einsatzleitwagen der Ortsfeuerwehr Pei\u00dfen, steht heute im renommierten Volvo Museum in G\u00f6teborg. F\u00fcr die Kameraden ist das eine \u00fcberraschende und besondere Nachricht.<br \/><a href=\"https:\/\/www.mz.de\/lokal\/halle-saale\/warum-ein-ehemaliges-feuerwehrauto-aus-dem-saalekreis-jetzt-in-einem-museum-in-schweden-steht-4173411\" target=\"_blank\" rel=\"noopener\">Von Pei\u00dfen nach G\u00f6teborg: Warum ein ehemaliges Feuerwehrauto aus dem Saalekreis jetzt in einem Museum in Schweden steht<\/a><\/p>\n<p><img decoding=\"async\" class=\"fp-lazyload lazyload\" src=\"https:\/\/www.europesays.com\/de\/wp-content\/uploads\/2026\/01\/3170384a-111d-4a08-a56d-c9b57ee3001e.jpeg\"  data- style=\"display: block; width: 100%;\" loading=\"lazy\" alt=\"Mehrere Jahrzehnte war der Volvo f\u00fcr die Ortsfeuerwehr in Pei\u00dfen im Dienst.\u00a0\"\/>Mehrere Jahrzehnte war der Volvo f\u00fcr die Ortsfeuerwehr in Pei\u00dfen im Dienst.\u00a0<\/p>\n<p> (Collage: Freiwillige Feuerwehr Pei\u00dfen)<\/p>\n<p>5.53 Uhr \u2013 365 Tage, 365 Tiere: Ein Streifzug durch Halle<\/p>\n<p class=\"fp-paragraph\">Ein neues Jahr, ein neuer Blick auf die Stadt: 2026 sehen wir uns wieder sehr genau an, wer alles in der Stadt Halle lebt. Und dieses Mal blicken wir nicht nur auf die menschlichen Mitbewohner. Da gibt es Tag f\u00fcr Tag im neuen Jahr durchaus manche \u00dcberraschungen. Den Auftakt am 1. Januar machte ein Nagetier, das einst sogar gez\u00fcchtet wurde.<br \/><a href=\"https:\/\/www.mz.de\/lokal\/halle-saale\/365-tage-365-tiere-das-sind-halles-tierische-mitbewohner-4173138\" target=\"_blank\" rel=\"noopener\">365 Tage, 365 Tiere: Das sind Halles tierische Mitbewohner<\/a><\/p>\n<p><img decoding=\"async\" class=\"fp-lazyload lazyload\" src=\"https:\/\/www.europesays.com\/de\/wp-content\/uploads\/2026\/01\/11b0d915-a751-45ea-b380-850e99c9fee1.jpeg\"  data- style=\"display: block; width: 100%;\" loading=\"lazy\" alt=\"Willkommen in Halle: Wer sind die tierischen Mitbewohner, die in Halle l\u00e4ngst heimisch sind?\"\/>Willkommen in Halle: Wer sind die tierischen Mitbewohner, die in Halle l\u00e4ngst heimisch sind?<\/p>\n<p> (Foto: Steffen Schellhorn)<\/p>\n<p>Newsletter und Podcast<\/p>\n<ul class=\"list-content\">\n<li class=\"list-item\"><a href=\"https:\/\/www.mz.de\/newsletter\/halle\" target=\"_blank\" rel=\"noopener\">Newsletter \u201eHier in Halle\u201c<\/a> \u2013 Montag bis Samstag fr\u00fch die wichtigsten News aus der Stadt<\/li>\n<li class=\"list-item\"><a href=\"https:\/\/www.mz.de\/podcast\/halle-saale-aktuelle-nachrichten-podcast-4086590\" target=\"_blank\" rel=\"noopener\">Podcast \u201eHeute in Halle\u201c<\/a> \u2013 t\u00e4glich die Schlagzeilen zum H\u00f6ren<\/li>\n<\/ul>\n<p>Archiv \u2013 die letzten drei Werktage<\/p>\n<p>Halles Tag im \u00dcberblick<\/p>\n<p class=\"fp-paragraph\"><a href=\"https:\/\/www.mz.de\/lokal\/halle-saale\/heute-in-halle-donnerstag-1112-newsblog-4164125\" target=\"_blank\" rel=\"noopener\">Damit sind Sie f\u00fcr heute auf dem Laufenden. Im Laufe des Tages erg\u00e4nzen wir diesen Ticker um neue Meldungen aus Halle \u2013 aktuell, lokal und verl\u00e4sslich. Danke, dass Sie \u201eHeute in Halle\u201c lesen.<\/p>\n","protected":false},"excerpt":{"rendered":"Ein neues Jahr &#8211; und der Ticker ist zur\u00fcck: Was passiert heute am Freitag, 2. Januar, in Halle?&hellip;\n","protected":false},"author":2,"featured_media":688494,"comment_status":"","ping_status":"","sticky":false,"template":"","format":"standard","meta":{"footnotes":""},"categories":[1860],"tags":[3364,29,548,663,3934,30,4062,17332,13,14,15,17331,860,12],"class_list":{"0":"post-688493","1":"post","2":"type-post","3":"status-publish","4":"format-standard","5":"has-post-thumbnail","7":"category-halle-saale","8":"tag-de","9":"tag-deutschland","10":"tag-eu","11":"tag-europa","12":"tag-europe","13":"tag-germany","14":"tag-halle","15":"tag-halle-saale","16":"tag-headlines","17":"tag-nachrichten","18":"tag-news","19":"tag-saale","20":"tag-sachsen-anhalt","21":"tag-schlagzeilen"},"share_on_mastodon":{"url":"https:\/\/pubeurope.com\/@de\/115827361267520383","error":""},"_links":{"self":[{"href":"https:\/\/www.europesays.com\/de\/wp-json\/wp\/v2\/posts\/688493","targetHints":{"allow":["GET"]}}],"collection":[{"href":"https:\/\/www.europesays.com\/de\/wp-json\/wp\/v2\/posts"}],"about":[{"href":"https:\/\/www.europesays.com\/de\/wp-json\/wp\/v2\/types\/post"}],"author":[{"embeddable":true,"href":"https:\/\/www.europesays.com\/de\/wp-json\/wp\/v2\/users\/2"}],"replies":[{"embeddable":true,"href":"https:\/\/www.europesays.com\/de\/wp-json\/wp\/v2\/comments?post=688493"}],"version-history":[{"count":0,"href":"https:\/\/www.europesays.com\/de\/wp-json\/wp\/v2\/posts\/688493\/revisions"}],"wp:featuredmedia":[{"embeddable":true,"href":"https:\/\/www.europesays.com\/de\/wp-json\/wp\/v2\/media\/688494"}],"wp:attachment":[{"href":"https:\/\/www.europesays.com\/de\/wp-json\/wp\/v2\/media?parent=688493"}],"wp:term":[{"taxonomy":"category","embeddable":true,"href":"https:\/\/www.europesays.com\/de\/wp-json\/wp\/v2\/categories?post=688493"},{"taxonomy":"post_tag","embeddable":true,"href":"https:\/\/www.europesays.com\/de\/wp-json\/wp\/v2\/tags?post=688493"}],"curies":[{"name":"wp","href":"https:\/\/api.w.org\/{rel}","templated":true}]}}