{"id":688503,"date":"2026-01-02T20:25:14","date_gmt":"2026-01-02T20:25:14","guid":{"rendered":"https:\/\/www.europesays.com\/de\/688503\/"},"modified":"2026-01-02T20:25:14","modified_gmt":"2026-01-02T20:25:14","slug":"hallenkreismeisterschaft-gelsenkirchen-samstag-im-liveticker-wer-holt-die-krone","status":"publish","type":"post","link":"https:\/\/www.europesays.com\/de\/688503\/","title":{"rendered":"Hallenkreismeisterschaft Gelsenkirchen Samstag im Liveticker: Wer holt die Krone?"},"content":{"rendered":"<p class=\"expressive-copy-lg-body\">Wer setzt sich bei der <a href=\"https:\/\/www.waz.de\/sport\/lokalsport\/gladbeck\/article410821902\/hallenkreismeisterschaft-gelsenkirchen-klub-sagt-ab-das-ist-natuerlich-bloed.html\" data-category-full-path=\"https:\/\/www.waz.de\/sport\/lokalsport\/gladbeck\/\" data-paid-status=\"premium\" data-article-publish-date=\"1767176770\" target=\"_blank\" rel=\"noopener\">Hallenkreismeisterschaft in Gelsenkirchen<\/a> an diesem Samstag die Krone auf? Geht es nach der Papierform, m\u00fcsste die SSV Buer am Ende eines langen Turniertags den goldenen Pokal in die H\u00f6he strecken. Die Rothosen treten als Westfalenligist und damit als rangh\u00f6chstes Team beim Hallen-Spektakel an. Vor wenigen Tagen war das Team von <a href=\"https:\/\/www.waz.de\/sport\/lokalsport\/gelsenkirchen\/article410703089\/rote-laterne-leuchtet-aber-buers-trainer-gueney-verspricht-wir-schaffen-es.html\" data-category-full-path=\"https:\/\/www.waz.de\/sport\/lokalsport\/gelsenkirchen\/\" data-paid-status=\"premium\" data-article-publish-date=\"1765706998\" target=\"_blank\" rel=\"noopener\">Coach Oktay G\u00fcney <\/a>beim erneut gut besetzten Mitternachts-Cup in Herten am Start und schaffte es dort bis ins Viertelfinale. Im Neunmeterschie\u00dfen war gegen BWW Langenbochum Schluss. Turniersieger wurde beim Spektakel in Herten der FC Marl.<\/p>\n<p>    <img decoding=\"async\" src=\"https:\/\/www.europesays.com\/de\/wp-content\/uploads\/2026\/01\/405483048_1767377112_v16_9_1200.jpeg\" class=\"relative z-10 block w-full object-cover aspect-[16\/9] md:aspect-[16\/9] lg:aspect-[16\/9]\" alt=\"Halbfinalspiel der Fu\u00dfball Hallenkreismeisterschaft SSV Buer gegen SV Horst-Emscher 08\" title=\"Die SSV Buer (rotes Trikot) und das Team von Ausrichter Horst 08 (schwarze Trikots) z\u00e4hlen zu den Favoriten auf den Hallentitel in Gelsenkirchen. \" loading=\"lazy\"\/><\/p>\n<p>\n      Die SSV Buer (rotes Trikot) und das Team von Ausrichter Horst 08 (schwarze Trikots) z\u00e4hlen zu den Favoriten auf den Hallentitel in Gelsenkirchen.<br \/>\n      \u00a9 Funke Foto Services | Michael Korte\n    <\/p>\n<p class=\"expressive-copy-lg-body\">Als krasse Au\u00dfenseiter stellen sich die <strong>SG Eintracht Gelsenkirchen 07\/12<\/strong> (Kreisliga B) und C-Kreisligist <strong>BV Horst S\u00fcd<\/strong> der Herausforderung bei der Hallenkreismeisterschaft in der Sch\u00fcrenkamp-Halle. \u201eWir sind das <a href=\"https:\/\/www.waz.de\/sport\/article410498119\/kap-wer-kap-verde-debuetanten-bereichern-die-fussball-wm.html\" data-category-full-path=\"https:\/\/www.waz.de\/sport\/\" data-paid-status=\"premium\" data-article-publish-date=\"1763569800\" target=\"_blank\" rel=\"noopener\">Kap Verde<\/a> der Kreismeisterschaft\u201c, sagt Trainer <a href=\"https:\/\/www.waz.de\/sport\/lokalsport\/gelsenkirchen\/article410834485\/halle-gelsenkirchen-2026-wir-sind-das-kap-verde-der-kreismeisterschaft.html\" data-category-full-path=\"https:\/\/www.waz.de\/sport\/lokalsport\/gelsenkirchen\/\" data-paid-status=\"premium\" data-article-publish-date=\"1767362913\" target=\"_blank\" rel=\"noopener\">Berkay G\u00fcl <\/a>vom BV Horst S\u00fcd mit einem Augenzwinkern. G\u00fcl will sich mit seinen Jungs so teuer wie m\u00f6glich verkaufen, muss allerdings improvisieren, weil ihm nicht alle Spieler zur Verf\u00fcgung stehen.<\/p>\n<p>  Gelsenkirchen: Viele Teams als Favoriten in der Verlosung<\/p>\n<p class=\"expressive-copy-lg-body\">Viel zugetraut wird neben der SSV Buer, Titelverteidiger Sportfreunde Bulmke, Bezirksliga-Spitzenreiter Erler SV 08 und dem spielstarken <a href=\"https:\/\/www.waz.de\/sport\/lokalsport\/gelsenkirchen\/article410806735\/hallenkreismeisterschaft-gelsenkirchen-so-teuer-ist-dieses-mal-das-bier.html\" data-category-full-path=\"https:\/\/www.waz.de\/sport\/lokalsport\/gelsenkirchen\/\" data-paid-status=\"premium\" data-article-publish-date=\"1767008314\" target=\"_blank\" rel=\"noopener\">SV Horst 08<\/a> auch YEG Hassel, der sich zuletzt mit seinen technisch versierten \u201eOldies\u201c zwei Mal in Folge die \u00dc32-Hallenkreismeisterschaft sichern konnte. Als \u201eExot\u201c ist Preu\u00dfen Gladbeck, Tabellensechster der Kreisliga A, am Sch\u00fcrenkamp dabei. Die Mannschaft von Trainer Naim Murici ist das einzige Team aus der Nachbarstadt im Zw\u00f6lfer-Feld. <\/p>\n<p class=\"expressive-copy-lg-body\"><strong>Endrunde Gruppe Stauder <\/strong><\/p>\n<p class=\"expressive-copy-lg-body\"><strong>Teams: Eintracht Gelsenkirchen (Kreisliga B), Horst 08 (Bezirksliga), SG Preu\u00dfen Gladbeck (Kreisliga A), Viktoria Resse (Kreisliga A), SF Bulmke (Bezirksliga), Erler SV 08 (Bezirksliga).<\/strong><\/p>\n<p class=\"expressive-copy-lg-body\"><strong>Der Spielplan<\/strong><\/p>\n<ul class=\"[[data-group=summary]_&amp;]:my-0 my-10 [h3+&amp;]:mt-0 expressive-copy-lg\">\n<li>11.00 Uhr: Eintracht Gelsenkirchen &#8211; SV Horst 08<\/li>\n<li>11.15 Uhr: SG Preu\u00dfen Gladbeck &#8211; Viktoria Resse<\/li>\n<li>12.00 Uhr: SF Bulmke &#8211; Erler SV 08<\/li>\n<li>12.15 Uhr: SG Preu\u00dfen Gladbeck &#8211; Eintracht Gelsenkirchen<\/li>\n<li>13.00 Uhr: Erler SV 08 &#8211; SV Horst 08<\/li>\n<li>13.15 Uhr: Viktoria Resse &#8211; SF Bumke<\/li>\n<li>14.00 Uhr: Eintracht Gelsenkirchen &#8211; Erler SV 08<\/li>\n<li>14.15 Uhr: SF Bulmke &#8211; SG Preu\u00dfen Gladbeck<\/li>\n<li>15.00 Uhr: SV Horst 08 &#8211; Viktoria Resse<\/li>\n<li>15.15 Uhr: SF Bulmke &#8211; Eintracht Gelsenkirchen<\/li>\n<li>16.00 Uhr: Viktoria Resse &#8211; Erler SV 08<\/li>\n<li>16.15 Uhr: SG Preu\u00dfen Gladbeck &#8211; SV Horst 08<\/li>\n<li>17.00 Uhr: Viktoria Resse &#8211; Eintracht Gelsenkirchen<\/li>\n<li>17.15 Uhr: SV Horst 08 &#8211; SF Bulmke<\/li>\n<li>18.00 Uhr: Erler SV 08 &#8211; SG Preu\u00dfen Gladbeck<\/li>\n<\/ul>\n<p class=\"expressive-copy-lg-body\"><strong>Endrunde Gruppe Basdorf<\/strong><\/p>\n<p class=\"expressive-copy-lg-body\"><strong>Teams: SC Westfalia ETuS (Kreisliga A), SC Hassel (Bezirksliga), SSV Buer (Westfalenliga), YEG Hassel (Landesliga), Eintracht Erle (Kreisliga A), BV Horst S\u00fcd (Kreisliga C).<\/strong><\/p>\n<p class=\"expressive-copy-lg-body\"><strong>Der Spielplan<\/strong><\/p>\n<ul class=\"[[data-group=summary]_&amp;]:my-0 my-10 [h3+&amp;]:mt-0 expressive-copy-lg\">\n<li>11.30 Uhr: SC Westfalia\/ETuS 04\/31 &#8211; SC Hassel<\/li>\n<li>11.45 Uhr: SSV Buer &#8211; YEG Hassel<\/li>\n<li>12.30 Uhr: Eintracht Erle &#8211; BV Horst-S\u00fcd<\/li>\n<li>12.45 Uhr: SSV Buer &#8211; SC Westfalia\/ETuS 04\/31<\/li>\n<li>13.30 Uhr: BV Horst-S\u00fcd &#8211; SC Hassel<\/li>\n<li>13.45 Uhr: YEG Hassel &#8211; Eintracht Erle<\/li>\n<li>14.30 Uhr: SC Westfalia\/ETuS 04\/31 &#8211; BV Horst-S\u00fcd<\/li>\n<li>14.45 Uhr: Eintracht Erle &#8211; SSV Buer<\/li>\n<li>15.30 Uhr: SC Hassel &#8211; YEG Hassel<\/li>\n<li>15.45 Uhr: Eintracht Erle &#8211; SC Westfalia\/ETuS 04\/31<\/li>\n<li>16.30 Uhr: YEG Hassel &#8211; BV Horst-S\u00fcd<\/li>\n<li>16.45 Uhr: SSV Buer &#8211; SC Hassel<\/li>\n<li>17.30 Uhr: YEG Hassel &#8211; SC Westfalia\/ETuS 04\/31<\/li>\n<li>17.45 Uhr: SC Hassel &#8211; Eintracht Erle<\/li>\n<li>18.15 Uhr: BV Horst-S\u00fcd &#8211; SSV Buer<\/li>\n<\/ul>\n<p class=\"expressive-copy-lg-body\"><strong>Halbfinale<\/strong><\/p>\n<ul class=\"[[data-group=summary]_&amp;]:my-0 my-10 [h3+&amp;]:mt-0 expressive-copy-lg\">\n<li>18.45 Uhr: 1. Gruppe Stauder &#8211; 2. Gruppe Basdorf<\/li>\n<li>19.00 Uhr: 2. Gruppe Stauder &#8211; 1. Gruppe Basdorf<\/li>\n<\/ul>\n<p class=\"expressive-copy-lg-body\"><strong>Endspiel<\/strong><\/p>\n<p class=\"expressive-copy-lg-body\">19.15 Uhr<\/p>\n","protected":false},"excerpt":{"rendered":"Wer setzt sich bei der Hallenkreismeisterschaft in Gelsenkirchen an diesem Samstag die Krone auf? Geht es nach der&hellip;\n","protected":false},"author":2,"featured_media":688504,"comment_status":"","ping_status":"","sticky":false,"template":"","format":"standard","meta":{"footnotes":""},"categories":[1848],"tags":[3364,29,548,663,3934,3658,30,13,14,15,1209,12],"class_list":{"0":"post-688503","1":"post","2":"type-post","3":"status-publish","4":"format-standard","5":"has-post-thumbnail","7":"category-gelsenkirchen","8":"tag-de","9":"tag-deutschland","10":"tag-eu","11":"tag-europa","12":"tag-europe","13":"tag-gelsenkirchen","14":"tag-germany","15":"tag-headlines","16":"tag-nachrichten","17":"tag-news","18":"tag-nordrhein-westfalen","19":"tag-schlagzeilen"},"share_on_mastodon":{"url":"https:\/\/pubeurope.com\/@de\/115827384323885805","error":""},"_links":{"self":[{"href":"https:\/\/www.europesays.com\/de\/wp-json\/wp\/v2\/posts\/688503","targetHints":{"allow":["GET"]}}],"collection":[{"href":"https:\/\/www.europesays.com\/de\/wp-json\/wp\/v2\/posts"}],"about":[{"href":"https:\/\/www.europesays.com\/de\/wp-json\/wp\/v2\/types\/post"}],"author":[{"embeddable":true,"href":"https:\/\/www.europesays.com\/de\/wp-json\/wp\/v2\/users\/2"}],"replies":[{"embeddable":true,"href":"https:\/\/www.europesays.com\/de\/wp-json\/wp\/v2\/comments?post=688503"}],"version-history":[{"count":0,"href":"https:\/\/www.europesays.com\/de\/wp-json\/wp\/v2\/posts\/688503\/revisions"}],"wp:featuredmedia":[{"embeddable":true,"href":"https:\/\/www.europesays.com\/de\/wp-json\/wp\/v2\/media\/688504"}],"wp:attachment":[{"href":"https:\/\/www.europesays.com\/de\/wp-json\/wp\/v2\/media?parent=688503"}],"wp:term":[{"taxonomy":"category","embeddable":true,"href":"https:\/\/www.europesays.com\/de\/wp-json\/wp\/v2\/categories?post=688503"},{"taxonomy":"post_tag","embeddable":true,"href":"https:\/\/www.europesays.com\/de\/wp-json\/wp\/v2\/tags?post=688503"}],"curies":[{"name":"wp","href":"https:\/\/api.w.org\/{rel}","templated":true}]}}