{"id":688508,"date":"2026-01-02T20:27:26","date_gmt":"2026-01-02T20:27:26","guid":{"rendered":"https:\/\/www.europesays.com\/de\/688508\/"},"modified":"2026-01-02T20:27:26","modified_gmt":"2026-01-02T20:27:26","slug":"transfer-ticker-fc-augsburg-laesst-tietz-ziehen","status":"publish","type":"post","link":"https:\/\/www.europesays.com\/de\/688508\/","title":{"rendered":"Transfer-Ticker: FC Augsburg l\u00e4sst Tietz ziehen"},"content":{"rendered":"<p>Die Transfer-News und Ger\u00fcchte von Freitag, 2. Januar<\/p>\n<p>16.35 Uhr: Victor Osimhen als Kane-Backup zum FC Bayern?<\/p>\n<p>Victor Osimhen wurde dem FC Bayern als Backup f\u00fcr Harry Kane angeboten. Sportvorstand Max Eberl entschied sich laut der &#8222;tz&#8220; dennoch klar gegen einen Transfer &#8211; mangels Bedarf. Aktuell ist der 27-J\u00e4hrige an Galatasaray Istanbul bis 2029 gebunden.<\/p>\n<p>14.16 Uhr: Philip Tietz verl\u00e4sst den FC Augsburg<\/p>\n<p>Nach zweieinhalb Jahren verl\u00e4sst Phillip Tietz den FC Augsburg und wechselt mit sofortiger Wirkung zum 1. FSV Mainz 05. \u00dcber die Modalit\u00e4ten haben beide Vereine Stillschweigen vereinbart. Die Abl\u00f6sesumme soll laut Medienberichten bei rund vier Millionen Euro liegen.<\/p>\n<p>Der 28-j\u00e4hrige Angreifer kam im Juli 2023 vom SV Darmstadt 98 zum FCA. F\u00fcr die Schwaben bestritt Tietz insgesamt 85 Pflichtspiele, in denen er 17 Mal traf. In dieser Saison stand er in zehn Bundesliga-Partien insgesamt 189 Minuten auf dem Platz und erzielte dabei ein Tor.<\/p>\n<p>11.03 Uhr: Bayern holt Guardiola-Assistenten Fradley als Co-Trainer<\/p>\n<p>Der FC Bayern M\u00fcnchen holt f\u00fcr die Mission Titelverteidigung einen langj\u00e4hrigen Assistenten von Pep Guardiola mit ins Trainerteam. Wie der deutsche Rekordmeister mitteilte, kommt mit Daniel Fradley f\u00fcr die zweite Saisonh\u00e4lfte ein weiterer Co-Trainer f\u00fcr Vincent Kompany. Der 35-J\u00e4hrige war seit November 2023 Chefanalyst bei Manchester City unter Startrainer Guardiola.<\/p>\n<p>Zuvor war Fradley bereits in gleicher Funktion f\u00fcr den MLS-Klub New York City sowie den englischen F\u00fcnftligisten Rochdale t\u00e4tig. Coach Kompany hatte Ende Oktober seinen Vertrag bei den Bayern bis 2029 verl\u00e4ngert, im Dezember folgten die Verl\u00e4ngerungen mit den Assistenten Ren\u00e9 Maric,\u00a0Aaron Danks und Floribert Ngalula\u00a0sowie mit Torwarttrainer Michael Rechner.<\/p>\n<p>10.14 Uhr: 1. FC N\u00fcrnberg verleiht St\u00fcrmer Telalovic<\/p>\n<p>Der 1. FC N\u00fcrnberg verleiht Semir Telalovic f\u00fcr den verbleibenden Teil der Spielzeit 2025\/26 an Arminia Bielefeld. In den bisherigen Partien der Saison kam der 26-J\u00e4hrige f\u00fcr den FCN achtmal zum Einsatz. Noch vor f\u00fcnf Jahren war Telalovi\u0107 in der sechstklassigen Verbandsliga aktiv. Durch seine Leistungen beim FV Illertissen in der Regionalliga empfahl er sich zun\u00e4chst f\u00fcr die U23 von Borussia M\u00f6nchengladbach. 2023 zog es ihn in die englische zweite Liga zu den Blackburn Rovers. Ein Jahr sp\u00e4ter kam er zur\u00fcck nach Deutschland und schloss sich zur Saison 2024\/2025 dem SSV Ulm an, ehe er im Sommer 2025 an den Valznerweiher wechselte.<\/p>\n<p>9.05 Uhr: Kim will wohl beim FC Bayern bleiben<\/p>\n<p>Min-Jae Kim hat zur Zeit viele Interessenten. Neben Fenerbahce Istanbul soll auch AC Mailand um den Verteidiger buhlen. Doch laut &#8222;Sky&#8220; lehnt der S\u00fcdkoreaner aktuell alle Anfragen f\u00fcr einen Winterwechsel ab. Kim wolle mindestens bis zum Saisonende beim FC Bayern bleiben. Der 29-J\u00e4hrige besitzt beim Rekordmeister noch einen Vertrag bis 2028 mit einer angeblichen Ausstiegsklausel in H\u00f6he von 70 Millionen Euro.<\/p>\n<p>Audio: Ger\u00fcchte um Kim<\/p>\n<p>Bildrechte: picture-alliance\/dpa<\/p>\n<p>Audiobeitrag<\/p>\n<p class=\"ArticleModuleMediaCollapsibleMetadataBox_caption__bU9AL\">Min-Jae Kim<\/p>\n<p>Die Transfer-News und Ger\u00fcchte von Donnerstag, 1. Januar<\/p>\n<p>13.15 Uhr: Bayern-Leihgabe Peretz vor Abschied beim HSV<\/p>\n<p>Daniel Peretz verl\u00e4sst den Hamburger SV nach einem kurzen Gastspiel offenbar schon wieder und wechselt nach England: Wie die &#8222;Bild&#8220; berichtete, verleiht der FC Bayern den Torh\u00fcter f\u00fcr die restliche Saison zum englischen Zweitligisten FC Southampton. Beim HSV absolvierte der 25-J\u00e4hrige lediglich zwei Pflichtspiele. Der Vertrag von Peretz beim Rekordmeister l\u00e4uft noch bis 2028.<\/p>\n<p>11.05 Uhr: L\u00e4sst der FC Bayern Leon Goretzka ziehen?<\/p>\n<p>Was wird aus Leon Goretzka? Zuletzt wurde der Mittelfeldspieler mit zahlreichen Klubs in Verbindung gebracht: Atl\u00e9tico Madrid, Galatasaray Istanbul, SSC Neapel, Tottenham Hotspur oder Juventus Turin sollen Interesse an dem Nationalspieler haben. Der Vertrag des 30-J\u00e4hrigen l\u00e4uft im Sommer aus. Der FC Bayern k\u00f6nnte in der Wintertransferphase noch eine Abl\u00f6sesumme f\u00fcr ihn bekommen. Doch laut Transferinsider Fabrizio Romano ist der Rekordmeister mit Blick auf den d\u00fcnnen Kader nicht bereit, Goretzka im Winter ziehen zu lassen.<\/p>\n<p>10.30 Uhr: Mala Grohs vor Abschied beim FC Bayern<\/p>\n<p>Nach Lea Sch\u00fcller verl\u00e4sst wohl einen weitere Spielerin den FC Bayern Richtung England. Laut &#8222;Sport Bild&#8220; m\u00f6chte Torh\u00fcterin Mala Grohs den Verein verlassen. Die 24-J\u00e4hrige zieht es wohl in die FA Women\u2019s Super League, einen konkreten Verein nennt die Zeitung aber nicht. Im M\u00e4rz feierte Grohs nach einer Tumor-Erkrankung ihr Comeback, schaffte es aber nicht ihren Stammplatz zur\u00fcckzuerobern.<\/p>\n<p>9.00 Uhr: Klose vor Verl\u00e4ngerung beim 1. FC N\u00fcrnberg<\/p>\n<p>Der Vertrag von Trainer Miroslav Klose soll einem Bericht der &#8222;Bild&#8220; nach, zeitnah verl\u00e4ngert werden. &#8222;Wir haben schon gesprochen und werden noch mal zusammensitzen. Wenn es etwas zu verk\u00fcnden gibt, werden wir das wie immer tun. Vor dem Trainingsstart am Freitag wird aber nichts mehr passieren&#8220;, sagte Club-Sport-Boss Joti Chatzialexiou der Bild. Zweifel an Kloses Verbleib gibt&#8217;s trotzdem nicht. Im Gespr\u00e4ch ist nach BILD-Informationen eine Vertragsverl\u00e4ngerung bis 2028. Chatzialexiou: &#8222;Ich sehe die Entwicklung der Mannschaft und Themen, die wir verbessern m\u00fcssen. Das aber am besten gemeinsam.&#8220;<\/p>\n<p>Tabellenf\u00fchrung und Abstiegskampf, aktuelle Spielpaarungen, Ergebnisse und Liveticker, Torj\u00e4gerlisten, Laufleistung- sowie Zweikampfstatistiken und noch viel mehr: <a href=\"https:\/\/www.br.de\/nachrichten\/sport\/das-livecenter-von-br24-sport-ergebnisse-tabellen-live-radio,SjugGyx\" target=\"_blank\" rel=\"noopener\">Fu\u00dfball im Ergebniscenter von BR24Sport.<\/a><\/p>\n","protected":false},"excerpt":{"rendered":"Die Transfer-News und Ger\u00fcchte von Freitag, 2. Januar 16.35 Uhr: Victor Osimhen als Kane-Backup zum FC Bayern? Victor&hellip;\n","protected":false},"author":2,"featured_media":688509,"comment_status":"","ping_status":"","sticky":false,"template":"","format":"standard","meta":{"footnotes":""},"categories":[1846],"tags":[783,621,995,680,772,299,3364,29,548,663,3934,483,458,5955,347,30,13,14,15,12,7702,8306,16757,8811],"class_list":{"0":"post-688508","1":"post","2":"type-post","3":"status-publish","4":"format-standard","5":"has-post-thumbnail","7":"category-augsburg","8":"tag-1-fc-nuernberg","9":"tag-2-bundesliga","10":"tag-3-liga","11":"tag-augsburg","12":"tag-bayern","13":"tag-bundesliga","14":"tag-de","15":"tag-deutschland","16":"tag-eu","17":"tag-europa","18":"tag-europe","19":"tag-fc-augsburg","20":"tag-fc-bayern-muenchen","21":"tag-fc-ingolstadt-04","22":"tag-fussball","23":"tag-germany","24":"tag-headlines","25":"tag-nachrichten","26":"tag-news","27":"tag-schlagzeilen","28":"tag-schweinfurt","29":"tag-spvgg-greuther-fuerth","30":"tag-ssv-jahn-regensburg","31":"tag-tsv-1860-muenchen"},"share_on_mastodon":{"url":"https:\/\/pubeurope.com\/@de\/115827392155725988","error":""},"_links":{"self":[{"href":"https:\/\/www.europesays.com\/de\/wp-json\/wp\/v2\/posts\/688508","targetHints":{"allow":["GET"]}}],"collection":[{"href":"https:\/\/www.europesays.com\/de\/wp-json\/wp\/v2\/posts"}],"about":[{"href":"https:\/\/www.europesays.com\/de\/wp-json\/wp\/v2\/types\/post"}],"author":[{"embeddable":true,"href":"https:\/\/www.europesays.com\/de\/wp-json\/wp\/v2\/users\/2"}],"replies":[{"embeddable":true,"href":"https:\/\/www.europesays.com\/de\/wp-json\/wp\/v2\/comments?post=688508"}],"version-history":[{"count":0,"href":"https:\/\/www.europesays.com\/de\/wp-json\/wp\/v2\/posts\/688508\/revisions"}],"wp:featuredmedia":[{"embeddable":true,"href":"https:\/\/www.europesays.com\/de\/wp-json\/wp\/v2\/media\/688509"}],"wp:attachment":[{"href":"https:\/\/www.europesays.com\/de\/wp-json\/wp\/v2\/media?parent=688508"}],"wp:term":[{"taxonomy":"category","embeddable":true,"href":"https:\/\/www.europesays.com\/de\/wp-json\/wp\/v2\/categories?post=688508"},{"taxonomy":"post_tag","embeddable":true,"href":"https:\/\/www.europesays.com\/de\/wp-json\/wp\/v2\/tags?post=688508"}],"curies":[{"name":"wp","href":"https:\/\/api.w.org\/{rel}","templated":true}]}}