{"id":6886,"date":"2025-04-04T05:37:10","date_gmt":"2025-04-04T05:37:10","guid":{"rendered":"https:\/\/www.europesays.com\/de\/6886\/"},"modified":"2025-04-04T05:37:10","modified_gmt":"2025-04-04T05:37:10","slug":"harry-und-meghan-charity-chefin-spricht-von-mobbing-im-grossen-stil-unterhaltung","status":"publish","type":"post","link":"https:\/\/www.europesays.com\/de\/6886\/","title":{"rendered":"Harry und Meghan: Charity-Chefin spricht von \u201eMobbing im gro\u00dfen Stil\u201c | Unterhaltung"},"content":{"rendered":"<p><b>Jetzt wird es richtig schmutzig! Vier Tage nachdem Prinz Harry v\u00f6llig \u00fcberraschend als Schirmherr seiner Charity-Organisation \u201eSentebale\u201c zur\u00fcckgetreten ist, eskaliert \u00f6ffentlich der Streit mit der Vorsitzenden der Wohlt\u00e4tigkeits-Stiftung. <\/b><\/p>\n<p>In einem Interview erhebt Dr. Sophie Chandauka schwere Vorw\u00fcrfe gegen den Royal, seine Ehefrau Herzogin Meghan sowie die \u201eMarke Sussex\u201c. Die Rede ist von \u201eBel\u00e4stigung und Mobbing in gro\u00dfem Stil\u201c, Schikane und Einsch\u00fcchterung. Doch wie so oft gibt es auch hier ZWEI Versionen der Geschichte &#8230;<\/p>\n<p><b>Welche pikanten Details Harrys Vorstands-Chefin \u00fcber die Zusammenarbeit mit ihm auspackt, was sie ihm sonst noch vorwirft und wer den Prinzen jetzt in Schutz nimmt, lesen Sie mit BILDplus. <\/b><\/p>\n","protected":false},"excerpt":{"rendered":"Jetzt wird es richtig schmutzig! Vier Tage nachdem Prinz Harry v\u00f6llig \u00fcberraschend als Schirmherr seiner Charity-Organisation \u201eSentebale\u201c zur\u00fcckgetreten&hellip;\n","protected":false},"author":2,"featured_media":6887,"comment_status":"","ping_status":"","sticky":false,"template":"","format":"standard","meta":{"footnotes":""},"categories":[1776],"tags":[1801,5784,29,214,30,4858,2846,567,1802,45,215],"class_list":{"0":"post-6886","1":"post","2":"type-post","3":"status-publish","4":"format-standard","5":"has-post-thumbnail","7":"category-prominente","8":"tag-celebrities","9":"tag-charity-event","10":"tag-deutschland","11":"tag-entertainment","12":"tag-germany","13":"tag-herzogin-von-sussex-meghan","14":"tag-netflix","15":"tag-prinz-harry","16":"tag-prominente","17":"tag-texttospeech","18":"tag-unterhaltung"},"share_on_mastodon":{"url":"https:\/\/pubeurope.com\/@de\/114278081679002885","error":""},"_links":{"self":[{"href":"https:\/\/www.europesays.com\/de\/wp-json\/wp\/v2\/posts\/6886","targetHints":{"allow":["GET"]}}],"collection":[{"href":"https:\/\/www.europesays.com\/de\/wp-json\/wp\/v2\/posts"}],"about":[{"href":"https:\/\/www.europesays.com\/de\/wp-json\/wp\/v2\/types\/post"}],"author":[{"embeddable":true,"href":"https:\/\/www.europesays.com\/de\/wp-json\/wp\/v2\/users\/2"}],"replies":[{"embeddable":true,"href":"https:\/\/www.europesays.com\/de\/wp-json\/wp\/v2\/comments?post=6886"}],"version-history":[{"count":0,"href":"https:\/\/www.europesays.com\/de\/wp-json\/wp\/v2\/posts\/6886\/revisions"}],"wp:featuredmedia":[{"embeddable":true,"href":"https:\/\/www.europesays.com\/de\/wp-json\/wp\/v2\/media\/6887"}],"wp:attachment":[{"href":"https:\/\/www.europesays.com\/de\/wp-json\/wp\/v2\/media?parent=6886"}],"wp:term":[{"taxonomy":"category","embeddable":true,"href":"https:\/\/www.europesays.com\/de\/wp-json\/wp\/v2\/categories?post=6886"},{"taxonomy":"post_tag","embeddable":true,"href":"https:\/\/www.europesays.com\/de\/wp-json\/wp\/v2\/tags?post=6886"}],"curies":[{"name":"wp","href":"https:\/\/api.w.org\/{rel}","templated":true}]}}