{"id":688600,"date":"2026-01-02T21:23:21","date_gmt":"2026-01-02T21:23:21","guid":{"rendered":"https:\/\/www.europesays.com\/de\/688600\/"},"modified":"2026-01-02T21:23:21","modified_gmt":"2026-01-02T21:23:21","slug":"pol-hh-260102-4-vermisstenfahndung-nach-17-jaehriger-aus-hamburg-eidelstedt","status":"publish","type":"post","link":"https:\/\/www.europesays.com\/de\/688600\/","title":{"rendered":"POL-HH: 260102-4. Vermisstenfahndung nach 17-J\u00e4hriger aus Hamburg-Eidelstedt"},"content":{"rendered":"<p class=\"date\">02.01.2026 \u2013 16:24<\/p>\n<p class=\"customer\">\n                        <a class=\"story-customer\" title=\"weiter zum newsroom von Polizei Hamburg\" href=\"https:\/\/www.presseportal.de\/blaulicht\/nr\/6337\" target=\"_blank\" rel=\"noopener\">Polizei Hamburg<\/a>\n                    <\/p>\n<p><a class=\"glightbox event-trigger\" href=\"https:\/\/cache.pressmailing.net\/thumbnail\/story_hires\/742e1f17-b8a8-413f-98a8-695a9f50f7cb\/VPSudenaz.jpg.jpg\" data-description=\"VP Sudenaz\" data-category=\"medialightbox\" data-action=\"click\" data-label=\"single\" data-value=\"6957e336270000fd2c5bb978\" target=\"_blank\" rel=\"noopener\"><img decoding=\"async\" height=\"540\" with=\"720\" src=\"https:\/\/www.europesays.com\/de\/wp-content\/uploads\/2026\/01\/pol-hh-260102-4-vermisstenfahndung-nach-17-j-hriger-aus-hamburg-eidelstedt.jpeg\"   alt=\"POL-HH: 260102-4. Vermisstenfahndung nach 17-J\u00e4hriger aus Hamburg-Eidelstedt\" class=\"single\"\/><\/a><\/p>\n<p><a data-category=\"citylink-story-view\" data-action=\"click\" data-label=\"Citylink in Meldungsansicht\" class=\"story-city event-trigger\" href=\"https:\/\/www.presseportal.de\/regional\/Hamburg\" title=\"News aus Hamburg \" target=\"_blank\" rel=\"noopener\">Hamburg<\/a> (ots)<\/p>\n<p>Zeit: seit 28.12.2025, 18:00 Uhr; Ort: Hamburg-Eidelstedt, Pinneberger Chaussee<\/p>\n<p>Seit vergangenem Sonntag wird die 17-j\u00e4hrige Sudenaz Milenova aus dem Stadtteil Eidelstedt vermisst. Die Polizei bittet bei der Suche um Mithilfe aus der Bev\u00f6lkerung.<\/p>\n<p>Nach dem derzeitigen Stand der Ermittlungen verlie\u00df die Jugendliche ihre Wohnanschrift, um nach eigenen Angaben den Eidelstedter Platz aufzusuchen und sagte zu, etwa 30 Minuten sp\u00e4ter wieder zu Hause zu sein. Nachdem sie nicht wie verabredet nach Hause kam, informierte die Mutter die Polizei.<\/p>\n<p>In den darauffolgenden Tagen bestand noch vereinzelt telefonischer Kontakt (Videocalls) von mehreren Familienangeh\u00f6rigen mit der Vermissten. Dazu ergaben die Ermittlungen einen Hinweis auf einen m\u00f6glichen Aufenthaltsort von Sudenaz in der Friesenstra\u00dfe im Stadtteil Hammerbrook.<\/p>\n<p>Das M\u00e4dchen soll nicht altersad\u00e4quat geistig entwickelt sein, jedoch orientiert und mit der Nutzung des \u00d6PNV vertraut sein.<\/p>\n<p>Da die bisherigen Suchma\u00dfnahmen der Polizei nicht zu ihrem Auffinden gef\u00fchrt haben, hat heute ein Amtsrichter einen Beschluss zu einer \u00d6ffentlichkeitsfahndung mit einem Lichtbild erlassen.<\/p>\n<p>Die 17-J\u00e4hrige kann wie folgt beschrieben werden:<\/p>\n<p>   &#8211; scheinbares Alter 17 Jahre<br \/>\n   &#8211; dickliche Statur<br \/>\n   &#8211; etwa 155 &#8211; 160 cm gro\u00df<br \/>\n   &#8211; lange, schwarze Haare<br \/>\n   &#8211; bekleidet mit einem schwarzen Mantel, einer blauen Jeans und<br \/>\n     wei\u00dfen Turnschuhen<\/p>\n<p>Das zust\u00e4ndige Landeskriminalamt der Region Eimsb\u00fcttel (LKA 134) hat die Ermittlungen \u00fcbernommen.<\/p>\n<p>In diesem Zusammenhang bittet die Polizei Personen, die Hinweise auf den Aufenthaltsort des M\u00e4dchens geben k\u00f6nnen, sich unter 040 4286-56789 beim Hinweistelefon der Polizei Hamburg oder bei einer Polizeidienststelle zu melden. Sollten Sie Sudenaz sehen, melden Sie sich bitte direkt beim polizeilichen Notruf unter 110.<\/p>\n<p>Mx.<\/p>\n<p class=\"contact-headline\">R\u00fcckfragen der Medien bitte an:<\/p>\n<p class=\"contact-text\">Polizei Hamburg<br \/>Polizeipressestelle \/ P\u00d6A 1<br \/>Thilo Marxsen<br \/>Telefon: 040 4286-56211<br \/>E-Mail: <a href=\"https:\/\/www.presseportal.de\/blaulicht\/pm\/6337\/mailto: polizeipressestelle@polizei.hamburg.de\" class=\"uri-mailto\" target=\"_blank\" rel=\"noopener\"> polizeipressestelle@polizei.hamburg.de<\/a><br \/><a target=\"_blank\" class=\"uri-ext outbound\" rel=\"noopener\" href=\"https:\/\/www.polizei.hamburg\">www.polizei.hamburg<\/a><\/p>\n<p class=\"originator\">Original-Content von: Polizei Hamburg, \u00fcbermittelt durch news aktuell<\/p>\n","protected":false},"excerpt":{"rendered":"02.01.2026 \u2013 16:24 Polizei Hamburg Hamburg (ots) Zeit: seit 28.12.2025, 18:00 Uhr; Ort: Hamburg-Eidelstedt, Pinneberger Chaussee Seit vergangenem&hellip;\n","protected":false},"author":2,"featured_media":688601,"comment_status":"","ping_status":"","sticky":false,"template":"","format":"standard","meta":{"footnotes":""},"categories":[1826],"tags":[29,30,692,691,177,121,178,180,179,181],"class_list":{"0":"post-688600","1":"post","2":"type-post","3":"status-publish","4":"format-standard","5":"has-post-thumbnail","7":"category-hamburg","8":"tag-deutschland","9":"tag-germany","10":"tag-hamburg","11":"tag-hh","12":"tag-kriminalitt","13":"tag-polizei","14":"tag-presse","15":"tag-pressemeldung","16":"tag-pressemitteilung","17":"tag-pressemitteilungen"},"share_on_mastodon":{"url":"https:\/\/pubeurope.com\/@de\/115827612492563795","error":""},"_links":{"self":[{"href":"https:\/\/www.europesays.com\/de\/wp-json\/wp\/v2\/posts\/688600","targetHints":{"allow":["GET"]}}],"collection":[{"href":"https:\/\/www.europesays.com\/de\/wp-json\/wp\/v2\/posts"}],"about":[{"href":"https:\/\/www.europesays.com\/de\/wp-json\/wp\/v2\/types\/post"}],"author":[{"embeddable":true,"href":"https:\/\/www.europesays.com\/de\/wp-json\/wp\/v2\/users\/2"}],"replies":[{"embeddable":true,"href":"https:\/\/www.europesays.com\/de\/wp-json\/wp\/v2\/comments?post=688600"}],"version-history":[{"count":0,"href":"https:\/\/www.europesays.com\/de\/wp-json\/wp\/v2\/posts\/688600\/revisions"}],"wp:featuredmedia":[{"embeddable":true,"href":"https:\/\/www.europesays.com\/de\/wp-json\/wp\/v2\/media\/688601"}],"wp:attachment":[{"href":"https:\/\/www.europesays.com\/de\/wp-json\/wp\/v2\/media?parent=688600"}],"wp:term":[{"taxonomy":"category","embeddable":true,"href":"https:\/\/www.europesays.com\/de\/wp-json\/wp\/v2\/categories?post=688600"},{"taxonomy":"post_tag","embeddable":true,"href":"https:\/\/www.europesays.com\/de\/wp-json\/wp\/v2\/tags?post=688600"}],"curies":[{"name":"wp","href":"https:\/\/api.w.org\/{rel}","templated":true}]}}