{"id":688613,"date":"2026-01-02T21:30:11","date_gmt":"2026-01-02T21:30:11","guid":{"rendered":"https:\/\/www.europesays.com\/de\/688613\/"},"modified":"2026-01-02T21:30:11","modified_gmt":"2026-01-02T21:30:11","slug":"deutschland-tour-rapperin-zah1de-gibt-erstes-tour-konzert-in-berlin-kultur","status":"publish","type":"post","link":"https:\/\/www.europesays.com\/de\/688613\/","title":{"rendered":"Deutschland-Tour &#8211; Rapperin Zah1de gibt erstes Tour-Konzert in Berlin &#8211; Kultur"},"content":{"rendered":"<p data-manual=\"paragraph\" data-schema-org-speakable=\"true\" class=\"css-1eosz7k\"><a href=\"https:\/\/www.sueddeutsche.de\/thema\/Berlin\" target=\"_blank\" rel=\"noopener\">Berlin<\/a> (dpa) &#8211; Die Rapperin Zah1de hat am Freitag in Berlin den Startschuss f\u00fcr ihre erste <a href=\"https:\/\/www.sueddeutsche.de\/thema\/Deutschland\" target=\"_blank\" rel=\"noopener\">Deutschland<\/a>-Tour gegeben. Die 15-J\u00e4hrige trat in der Uber Eats Music Hall zusammen mit Mitgliedern ihrer Tanzschule Lunatix auf, in der die Berlinerin seit f\u00fcnf Jahren trainiert. Unter den Konzertbesuchern waren viele Kinder mit ihren Eltern. Die jungen Fans sangen textsicher mit, kreischten und jubelten.<\/p>\n<p data-manual=\"paragraph\" data-schema-org-speakable=\"true\" class=\"css-1eosz7k\">Am Samstag ist in der Halle ein zweites Konzert geplant, dann geht es f\u00fcr die Musikerin weiter nach Neum\u00fcnster in Schleswig-Holstein. Alle drei Konzerte seien ausverkauft, sagte eine Sprecherin des Veranstalters. F\u00fcr die Open-Air-Konzerte im Sommer gebe es noch Karten.<\/p>\n<p><img decoding=\"async\" src=\"https:\/\/www.europesays.com\/de\/wp-content\/uploads\/2026\/01\/93fc7b45-30a4-48ee-817a-e75450f7f828.jpg\"   alt=\"Die Rapperin ist zusammen mit Mitgliedern ihrer Tanzschule Lunatix aufgetreten.\" loading=\"lazy\" class=\"css-8atqhb\"\/>Die Rapperin ist zusammen mit Mitgliedern ihrer Tanzschule Lunatix aufgetreten. (Foto: Britta Pedersen\/dpa)Rapperin ging mit Tiktoks viral<\/p>\n<p data-manual=\"paragraph\" data-schema-org-speakable=\"true\" class=\"css-1eosz7k\">Im Dezember ist das Deb\u00fctalbum mit dem Namen \u201ePretty Privilege\u201c der 15-J\u00e4hrigen erschienen. Zahide Kayaci, so ihr b\u00fcrgerlicher Name, wurde 2010 in Kreuzberg geboren und hat t\u00fcrkische Wurzeln. Die Karriere der Teenagerin begann nicht im Tonstudio, sondern vor der Smartphone-Kamera: Mit kurzen TikToks in der Berliner Tanzschule ging sie viral. Gemanaged wird Zah1de von Lunatix-Chef Serdar Bogatekin, der in vielen ihrer Songs und Videos als \u201eSerdar Abi\u201c eine Rolle spielt und auch das Show-Konzept f\u00fcr ihre Tour entwickelt hat.<\/p>\n<p data-manual=\"paragraph\" data-schema-org-speakable=\"true\" class=\"css-1eosz7k\">Mit ihren Videos trifft die Rapperin einen Nerv. Rund 8,5 Millionen Follower hat sie allein auf Tiktok, Hunderttausende folgen ihr auf Instagram und YouTube. 2025 wurde Zah1de in M\u00fcnchen mit dem Bambi in der Kategorie \u201eShootingstar\u201c ausgezeichnet. Rapperin Shirin David \u00fcberreichte den Preis und bezeichnete die Newcomerin gar als Vorbild.<\/p>\n<p data-manual=\"paragraph\" data-schema-org-speakable=\"true\" class=\"css-1eosz7k\">\u00a9 dpa-infocom, dpa:260102-930-491967\/1<\/p>\n","protected":false},"excerpt":{"rendered":"Berlin (dpa) &#8211; Die Rapperin Zah1de hat am Freitag in Berlin den Startschuss f\u00fcr ihre erste Deutschland-Tour gegeben.&hellip;\n","protected":false},"author":2,"featured_media":688614,"comment_status":"","ping_status":"","sticky":false,"template":"","format":"standard","meta":{"footnotes":""},"categories":[1825],"tags":[296,29,30,80,2549,810,149,159351],"class_list":{"0":"post-688613","1":"post","2":"type-post","3":"status-publish","4":"format-standard","5":"has-post-thumbnail","7":"category-berlin","8":"tag-berlin","9":"tag-deutschland","10":"tag-germany","11":"tag-kultur","12":"tag-leute","13":"tag-musik","14":"tag-sueddeutsche-zeitung","15":"tag-uber-eats-music-hall"},"share_on_mastodon":{"url":"https:\/\/pubeurope.com\/@de\/115827640050406779","error":""},"_links":{"self":[{"href":"https:\/\/www.europesays.com\/de\/wp-json\/wp\/v2\/posts\/688613","targetHints":{"allow":["GET"]}}],"collection":[{"href":"https:\/\/www.europesays.com\/de\/wp-json\/wp\/v2\/posts"}],"about":[{"href":"https:\/\/www.europesays.com\/de\/wp-json\/wp\/v2\/types\/post"}],"author":[{"embeddable":true,"href":"https:\/\/www.europesays.com\/de\/wp-json\/wp\/v2\/users\/2"}],"replies":[{"embeddable":true,"href":"https:\/\/www.europesays.com\/de\/wp-json\/wp\/v2\/comments?post=688613"}],"version-history":[{"count":0,"href":"https:\/\/www.europesays.com\/de\/wp-json\/wp\/v2\/posts\/688613\/revisions"}],"wp:featuredmedia":[{"embeddable":true,"href":"https:\/\/www.europesays.com\/de\/wp-json\/wp\/v2\/media\/688614"}],"wp:attachment":[{"href":"https:\/\/www.europesays.com\/de\/wp-json\/wp\/v2\/media?parent=688613"}],"wp:term":[{"taxonomy":"category","embeddable":true,"href":"https:\/\/www.europesays.com\/de\/wp-json\/wp\/v2\/categories?post=688613"},{"taxonomy":"post_tag","embeddable":true,"href":"https:\/\/www.europesays.com\/de\/wp-json\/wp\/v2\/tags?post=688613"}],"curies":[{"name":"wp","href":"https:\/\/api.w.org\/{rel}","templated":true}]}}