{"id":688618,"date":"2026-01-02T21:34:12","date_gmt":"2026-01-02T21:34:12","guid":{"rendered":"https:\/\/www.europesays.com\/de\/688618\/"},"modified":"2026-01-02T21:34:12","modified_gmt":"2026-01-02T21:34:12","slug":"konstanzer-tv-bauer-patrick-romer-als-kandidat-bei-rtl-show-dabei","status":"publish","type":"post","link":"https:\/\/www.europesays.com\/de\/688618\/","title":{"rendered":"Konstanzer TV-Bauer Patrick Romer als Kandidat bei RTL-Show dabei"},"content":{"rendered":"<p class=\"mb-6 text-xs md:text-m lg:text-l font-serif group-[.font-sans]:font-sans \">\n    <a href=\"https:\/\/www.suedkurier.de\/panorama\/konstanzer-patrick-romer-im-rtl-dschungelcamp-28-11-2025-112885167\" target=\"_self\" class=\"underline \" rel=\"noopener\">Was sich Ende November 2025 angedeutet hatte<\/a>, ist nun offiziell: Der Konstanzer Landwirt Patrick Romer wird bei der 19. Staffel von \u201eIch bin ein Star \u2013 holt mich hier raus!\u201c als Kandidat dabei sein. Schon l\u00e4nger hatte der 29-J\u00e4hrige mit einer Teilnahme bei der RTL-Show gelieb\u00e4ugelt, dem S\u00dcDKURIER sagte er im Dezember 2024: \u201e<a href=\"https:\/\/www.suedkurier.de\/region\/kreis-konstanz\/konstanz\/dschungelcamp-2025-ist-patrick-romer-dabei;art372448,12253768\" target=\"_self\" class=\"underline \" rel=\"noopener\">Ich w\u00fcrde das total gern einmal machen.<\/a>\u201c\n  <\/p>\n<p class=\"mb-6 text-xs md:text-m lg:text-l font-serif group-[.font-sans]:font-sans \">\n    Nun erf\u00fcllt sich also der Traum f\u00fcr Patrick Romer. Ab dem 23. Januar wird er zusammen mit anderen mehr oder weniger bekannten Stars und Sternchen um den Titel des Dschungelk\u00f6nigs k\u00e4mpfen.\n  <\/p>\n<p>            \u201eBauer sucht Frau\u201c machte ihn bekannt, nun mischt Patrick Romer das Dschungelcamp auf<\/p>\n<p class=\"mb-6 text-xs md:text-m lg:text-l font-serif group-[.font-sans]:font-sans \">\n    Erfahrung im Reality-TV hat der geb\u00fcrtige Konstanzer, der heute im Vorort Dingelsdorf lebt und mit seinen Eltern einen Bauernhof betreibt, bereits reichlich gesammelt: 2020 wurde er durch die Teilnahme bei der RTL-Show \u201eBauer sucht Frau\u201c einem gr\u00f6\u00dferen Publikum bekannt, es folgten Auftritte bei \u201eCouple Challenge\u201c und beim \u201e<a href=\"https:\/\/www.suedkurier.de\/ueberregional\/menschen\/nach-sommerhaus-sieg-so-reagiert-patrick-romer-auf-kritik;art1015351,11318408\" target=\"_self\" class=\"underline \" rel=\"noopener\">Sommerhaus der Stars<\/a>\u201c.\n  <\/p>\n<p class=\"mb-6 text-xs md:text-m lg:text-l font-serif group-[.font-sans]:font-sans \">\n    In den vergangenen Jahren wurde es ruhiger um den einstigen \u201eSommerhaus-R\u00fcpel\u201c, wie der Konstanzer in den Boulevard-Medien betitelt wurde. Der Hauptgrund: Lebensgef\u00e4hrtin Annelie Henze. \u201e<a href=\"https:\/\/www.suedkurier.de\/region\/kreis-konstanz\/konstanz\/patrick-romer-ueber-seine-liebe-zu-amelie-henze-haus-hochzeit-kinder;art372448,12252968\" target=\"_self\" class=\"underline \" rel=\"noopener\">Seit Annelie bin ich seri\u00f6ser geworden<\/a>\u201c, sagt Patrick Romer, der seither einige TV-Angebote ausgeschlagen hatte. Doch der Versuchung Dschungelcamp konnte er nicht widerstehen.\n  <\/p>\n<p>            Wer neben Patrick Romer noch bei \u201eIch bin ein Star \u2013 holt mich hier raus!\u201c dabei ist<\/p>\n<p class=\"mb-6 text-xs md:text-m lg:text-l font-serif group-[.font-sans]:font-sans \">\n    Die spartanische Unterkunft im australischen Dschungel wird sich Patrick Romer mit elf weiteren Promis teilen: Dazu z\u00e4hlen etwa Schauspielerin Mirja du Mont, Ex-Spielerfrau und Unternehmerin Simone Ballack und Schauspieler Hardy Kr\u00fcger. Daneben werden mit Eva Benetatou, Samira Yavuz und Umut Tekin weitere Sternchen zu sehen sein, die \u00e4hnlich wie Patrick Romer vor allem durch verschiedene Reality-TV-Formate bekannt wurden.\n  <\/p>\n<p>    <img decoding=\"async\" src=\"https:\/\/www.europesays.com\/de\/wp-content\/uploads\/2026\/01\/s196.jpg\" alt=\"Die versammelte Prominenz, die um die Dschungel-Krone k\u00e4mpft: Stephen D\u00fcrr, Patrick Romer, Gil Ofarim, Eva Benetatou, Mirja du Mont, Ariel, Hardy Kr\u00fcger, Samira Yavuz, Simone Ballack, Nicole Belstler-Boettcher, Umut Tekin und Hubert Fella (v.l.)\" title=\"Die versammelte Prominenz, die um die Dschungel-Krone k\u00e4mpft: Stephen D\u00fcrr, Patrick Romer, Gil Ofarim, Eva Benetatou, Mirja du Mont, Ariel, Hardy Kr\u00fcger, Samira Yavuz, Simone Ballack, Nicole Belstler-Boettcher, Umut Tekin und Hubert Fella (v.l.)\" class=\"h-full w-full object-cover\"\/><\/p>\n<p>      Icon vergr\u00f6\u00dfern<\/p>\n<p>    Die versammelte Prominenz, die um die Dschungel-Krone k\u00e4mpft: Stephen D\u00fcrr, Patrick Romer, Gil Ofarim, Eva Benetatou, Mirja du Mont, Ariel, Hardy Kr\u00fcger, Samira Yavuz, Simone Ballack, Nicole Belstler-Boettcher, Umut Tekin und Hubert Fella (v.l.)<br \/>\n    Foto: RTL<\/p>\n<p>        Schlie\u00dfen <\/p>\n<p>      Icon Schlie\u00dfen<\/p>\n<p>        Icon vergr\u00f6\u00dfern<\/p>\n<p>        Icon verkleinern<\/p>\n<p>      Icon Pfeil bewegen<\/p>\n<p>    Die versammelte Prominenz, die um die Dschungel-Krone k\u00e4mpft: Stephen D\u00fcrr, Patrick Romer, Gil Ofarim, Eva Benetatou, Mirja du Mont, Ariel, Hardy Kr\u00fcger, Samira Yavuz, Simone Ballack, Nicole Belstler-Boettcher, Umut Tekin und Hubert Fella (v.l.)<br \/>\n    Foto: RTL<\/p>\n<p class=\"mb-6 text-xs md:text-m lg:text-l font-serif group-[.font-sans]:font-sans \">\n    F\u00fcr Gespr\u00e4chsstoff d\u00fcrfte vor allem die Teilnahme von Musiker Gil Ofarim sorgen. Im April 2025 hatte der S\u00e4nger nach einem Antisemitismus-Skandal sein Comeback auf der B\u00fchne gegeben. Vor Gericht hatte er einger\u00e4umt, Antisemitismusvorw\u00fcrfe gegen einen Hotelmitarbeiter in Leipzig erfunden zu haben.\n  <\/p>\n<p class=\"mb-6 text-xs md:text-m lg:text-l font-serif group-[.font-sans]:font-sans \">\n    Die 19. Staffel des Dschungelcamps startet am Freitag, 23. Januar, und wird ab 20.15 bei RTL und RTL+ laufen. Die Siegerin bzw. der Sieger wird im gro\u00dfen Finale am 8. Februar gek\u00fcrt. Und vielleicht gibt es dann f\u00fcr Patrick Romer einen neuen Grund zum Feiern.\n  <\/p>\n<ul data-module-id=\"DragDropModule\" class=\"flex flex-wrap justify-start group-[.no-bookmarks]:hidden\">\n<li class=\"mb-3 mr-3\">\n    Hagen Schulz<\/p>\n<p>      Icon Haken im Kreis gesetzt<\/p>\n<p>      Icon Plus im Kreis<\/p>\n<\/li>\n<li class=\"mb-3 mr-3\">\n    Dschungelcamp<\/p>\n<p>      Icon Haken im Kreis gesetzt<\/p>\n<p>      Icon Plus im Kreis<\/p>\n<\/li>\n<li class=\"mb-3 mr-3\">\n    RTL<\/p>\n<p>      Icon Haken im Kreis gesetzt<\/p>\n<p>      Icon Plus im Kreis<\/p>\n<\/li>\n<\/ul>\n","protected":false},"excerpt":{"rendered":"Was sich Ende November 2025 angedeutet hatte, ist nun offiziell: Der Konstanzer Landwirt Patrick Romer wird bei der&hellip;\n","protected":false},"author":2,"featured_media":688619,"comment_status":"","ping_status":"","sticky":false,"template":"","format":"standard","meta":{"footnotes":""},"categories":[1773],"tags":[159353,6631,29,933,214,30,12196,99582,159352,640,471,1780,9812,140415,684,215],"class_list":{"0":"post-688618","1":"post","2":"type-post","3":"status-publish","4":"format-standard","5":"has-post-thumbnail","7":"category-serien","8":"tag-annelie-henze","9":"tag-bauer-sucht-frau","10":"tag-deutschland","11":"tag-dschungelcamp","12":"tag-entertainment","13":"tag-germany","14":"tag-ich-bin-ein-star-holt-mich-hier-raus","15":"tag-mirja-du-mont","16":"tag-patrick-romer","17":"tag-rtl","18":"tag-serien","19":"tag-series","20":"tag-sommerhaus-der-stars","21":"tag-suedkurier","22":"tag-tv","23":"tag-unterhaltung"},"share_on_mastodon":{"url":"https:\/\/pubeurope.com\/@de\/115827655713798694","error":""},"_links":{"self":[{"href":"https:\/\/www.europesays.com\/de\/wp-json\/wp\/v2\/posts\/688618","targetHints":{"allow":["GET"]}}],"collection":[{"href":"https:\/\/www.europesays.com\/de\/wp-json\/wp\/v2\/posts"}],"about":[{"href":"https:\/\/www.europesays.com\/de\/wp-json\/wp\/v2\/types\/post"}],"author":[{"embeddable":true,"href":"https:\/\/www.europesays.com\/de\/wp-json\/wp\/v2\/users\/2"}],"replies":[{"embeddable":true,"href":"https:\/\/www.europesays.com\/de\/wp-json\/wp\/v2\/comments?post=688618"}],"version-history":[{"count":0,"href":"https:\/\/www.europesays.com\/de\/wp-json\/wp\/v2\/posts\/688618\/revisions"}],"wp:featuredmedia":[{"embeddable":true,"href":"https:\/\/www.europesays.com\/de\/wp-json\/wp\/v2\/media\/688619"}],"wp:attachment":[{"href":"https:\/\/www.europesays.com\/de\/wp-json\/wp\/v2\/media?parent=688618"}],"wp:term":[{"taxonomy":"category","embeddable":true,"href":"https:\/\/www.europesays.com\/de\/wp-json\/wp\/v2\/categories?post=688618"},{"taxonomy":"post_tag","embeddable":true,"href":"https:\/\/www.europesays.com\/de\/wp-json\/wp\/v2\/tags?post=688618"}],"curies":[{"name":"wp","href":"https:\/\/api.w.org\/{rel}","templated":true}]}}