{"id":688620,"date":"2026-01-02T21:35:11","date_gmt":"2026-01-02T21:35:11","guid":{"rendered":"https:\/\/www.europesays.com\/de\/688620\/"},"modified":"2026-01-02T21:35:11","modified_gmt":"2026-01-02T21:35:11","slug":"kreis-extreme-glaette-radio-kiepenkerl","status":"publish","type":"post","link":"https:\/\/www.europesays.com\/de\/688620\/","title":{"rendered":"KREIS: Extreme Gl\u00e4tte &#8211; Radio Kiepenkerl"},"content":{"rendered":"<ol>\n<li><a href=\"https:\/\/news.google.com\/rss\/articles\/CBMifkFVX3lxTE8wRWFFRkYzMVF5THJkMnl6VUhDbWk4VDJ6RzV5V2NfYm8tSGJma2gtTjh5NFk1dWZGQ1BvWWpSdjhfci1OR0pBOFQ5MXkyNXFPajFmczZfVXFtUlhkenl4V0xselN5cGlaa283YWlPNURSSUhZZlJvQjd4Rm1Odw?oc=5\" target=\"_blank\" rel=\"noopener\">KREIS: Extreme Gl\u00e4tte<\/a>&nbsp;&nbsp;Radio Kiepenkerl<\/li>\n<li><a href=\"https:\/\/news.google.com\/rss\/articles\/CBMiogFBVV95cUxQTnVtXzB4Qks3VFhfVlpZMTh0OFFOZ08wYlVXOU9mUkpsVG5QSTAtaEItU2xYN0Q2b0hjWlRweFZmR19qQ2FTODlTQWxOanRteEdzQTFOcS1PR2Rvc3N3cm94WWpMVm9OeXYyTy1yZUtRcHRRTjZtbi1iV192RDk1UkdDTHVjUGFtOWFyVFJPQnFTeXY2U1dZZTBTQW1rNFhVa3fSAaABQVVfeXFMT2YzYl9JdVhHWk1ZSDFMcTA5YmszRExnakJtRmYwUE9XTWlGQ25fRE1hdk9sajVNdF9MYUFqWWRZQnJhNzRaTERyRVozNmtEWGJiWm5PcUZ5eFZ2enJ6aFNXTld4WFdWT3VfLUpnc1BGcktWXzdmR3BrYmc1MHVUUlJ5TE0xU0RvOGFlblNENTVVNkJKNUk4cTUyVjc0OUxJcw?oc=5\" target=\"_blank\" rel=\"noopener\">Winter bringt glatte Stra\u00dfen: &#8222;Katastrophale Zust\u00e4nde&#8220; in H\u00f6xter<\/a>&nbsp;&nbsp;WDR<\/li>\n<li><a href=\"https:\/\/news.google.com\/rss\/articles\/CBMi6AFBVV95cUxOc2cyU1ZYT29JNjc1TjhoOWVXRlBnVE5WT0J5NmMtZks1NWl2dkV2eGFTbFFqVG4yUGhyUHpXSkVZa1ZLLWZKUWYxeFlEUmo2OEtLQW9HejRrZ3JkRDZJQWdORk55a0xxXzc0ZFlrRWJyWmpvdWlHOU5iUmdGNy1PWnlEZ2pHeDQ1NGNSQjBnVkZSQTVrZVZtNWRDYlBjMW02OGhmTG1FV1R4cTJ2d0lSMFBjSnJiVEpHb0R6OUd0N3Y4emNwdzBtVkFvTlVBcjlTOWdOMGZqSXZ3cTZFWFR5cml3S0YxTlp4?oc=5\" target=\"_blank\" rel=\"noopener\">Wetter: Linienbus rutscht B\u00f6schung hinab \u2013 Gl\u00e4tte sorgt f\u00fcr viele Verkehrsunf\u00e4lle<\/a>&nbsp;&nbsp;Spiegel<\/li>\n<li><a href=\"https:\/\/news.google.com\/rss\/articles\/CBMi2wFBVV95cUxNQTVNYk9jeTJvcTdMdmtGQ3pNT0wyYzVVWXdkemo0X01FYXVSTjltX2o2Z09WdWhiS29LcVNYeGZ1MThCUzBNOTVZbjFVbDVZZFdZOVBvUC16VkRDdWJ0OU10ZDBOR2hDN1kxLTBfYUpHWG1GanZERldTdXljQmpyX0lVdG8tSUlGQVI1NG1fZGRxYW9NM09BQjNWTkg0VmViX1E2OWlraUxPZHdsXzIwakV6WlhOSFlaZGVxamxjR21qaGV1aVA5WURvMDh4OFBIV3llWHR2cndzOU0?oc=5\" target=\"_blank\" rel=\"noopener\">Wetterdienst warnt vor Gl\u00e4tte, Schnee und Wind in Minden-L\u00fcbbecke &#8211; Polizei meldet erste Unf\u00e4lle<\/a>&nbsp;&nbsp;Mindener Tageblatt<\/li>\n<li><a href=\"https:\/\/news.google.com\/rss\/articles\/CBMizAFBVV95cUxPWlpvdE1oQXVING05NmtUZGVGSWJBbWVfS2E4MXZlTzV6OHN1R19Kc1FBM0R3LWVma2tOWW5FSlhtMlNvbzllVklrUlMzQTBMQU5kX3otVDZiSmdMTGI1azFRNHd3ZmwwRl9ld0FhdjJJWWVqZ1lyZjFka0dXUlFNMGhvMlFWLV8zM0dCNkUxQXRLV3lnbDdHVWxKcHhEbHVQSkxZdlpDRE5ud3BlU2NZWndsWVp3UUpkZHlvbnZ2SUhQcjNGQ3p1eEZWWko?oc=5\" target=\"_blank\" rel=\"noopener\">\u201e\u00dcberall ziemlich glatt\u201c: Polizei wegen diverser Unf\u00e4lle im Einsatz<\/a>&nbsp;&nbsp;Soester Anzeiger<\/li>\n<\/ol>\n","protected":false},"excerpt":{"rendered":"KREIS: Extreme Gl\u00e4tte&nbsp;&nbsp;Radio Kiepenkerl Winter bringt glatte Stra\u00dfen: &#8222;Katastrophale Zust\u00e4nde&#8220; in H\u00f6xter&nbsp;&nbsp;WDR Wetter: Linienbus rutscht B\u00f6schung hinab \u2013&hellip;\n","protected":false},"author":2,"featured_media":688621,"comment_status":"","ping_status":"","sticky":false,"template":"","format":"standard","meta":{"footnotes":""},"categories":[1772],"tags":[29,214,30,1779,810,8,215],"class_list":{"0":"post-688620","1":"post","2":"type-post","3":"status-publish","4":"format-standard","5":"has-post-thumbnail","7":"category-musik","8":"tag-deutschland","9":"tag-entertainment","10":"tag-germany","11":"tag-music","12":"tag-musik","13":"tag-top-meldungen","14":"tag-unterhaltung"},"share_on_mastodon":{"url":"https:\/\/pubeurope.com\/@de\/115827659777108855","error":""},"_links":{"self":[{"href":"https:\/\/www.europesays.com\/de\/wp-json\/wp\/v2\/posts\/688620","targetHints":{"allow":["GET"]}}],"collection":[{"href":"https:\/\/www.europesays.com\/de\/wp-json\/wp\/v2\/posts"}],"about":[{"href":"https:\/\/www.europesays.com\/de\/wp-json\/wp\/v2\/types\/post"}],"author":[{"embeddable":true,"href":"https:\/\/www.europesays.com\/de\/wp-json\/wp\/v2\/users\/2"}],"replies":[{"embeddable":true,"href":"https:\/\/www.europesays.com\/de\/wp-json\/wp\/v2\/comments?post=688620"}],"version-history":[{"count":0,"href":"https:\/\/www.europesays.com\/de\/wp-json\/wp\/v2\/posts\/688620\/revisions"}],"wp:featuredmedia":[{"embeddable":true,"href":"https:\/\/www.europesays.com\/de\/wp-json\/wp\/v2\/media\/688621"}],"wp:attachment":[{"href":"https:\/\/www.europesays.com\/de\/wp-json\/wp\/v2\/media?parent=688620"}],"wp:term":[{"taxonomy":"category","embeddable":true,"href":"https:\/\/www.europesays.com\/de\/wp-json\/wp\/v2\/categories?post=688620"},{"taxonomy":"post_tag","embeddable":true,"href":"https:\/\/www.europesays.com\/de\/wp-json\/wp\/v2\/tags?post=688620"}],"curies":[{"name":"wp","href":"https:\/\/api.w.org\/{rel}","templated":true}]}}