{"id":688626,"date":"2026-01-02T21:38:13","date_gmt":"2026-01-02T21:38:13","guid":{"rendered":"https:\/\/www.europesays.com\/de\/688626\/"},"modified":"2026-01-02T21:38:13","modified_gmt":"2026-01-02T21:38:13","slug":"saison-vorbei-van-aert-zieht-sich-fraktur-am-knoechel-zu","status":"publish","type":"post","link":"https:\/\/www.europesays.com\/de\/688626\/","title":{"rendered":"Saison vorbei! Van Aert zieht sich Fraktur am Kn\u00f6chel zu"},"content":{"rendered":"<p>        Im 240. Crossrennen erstmals nicht im Ziel<br \/>\n                  <a href=\"https:\/\/www.radsport-news.com\/\/files\/fotos\/1767369567_1_max.jpg\" class=\"example-image-link\" data-lightbox=\"example-set\" data-title=\"Bis zu seinem Sturz lieferte sich Wout van Aert (Visma - Lease a Bike, vorn) in Mol ein packendes Duel mit Mathieu van der Poel (Alpecin - Premier Tech). | Foto: Cor Vos \" target=\"_blank\" rel=\"noopener\">          <img decoding=\"async\" src=\"https:\/\/www.europesays.com\/de\/wp-content\/uploads\/2026\/01\/1767369567_1_gross.jpg\" class=\"StartPhoto\" alt=\"Foto zu dem Text &quot;Saison vorbei! Van Aert zieht sich Fraktur am Kn\u00f6chel zu&quot;\"\/><\/a><br \/>Bis zu seinem Sturz lieferte sich Wout van Aert (Visma &#8211; Lease a Bike, vorn) in Mol ein packendes Duel mit Mathieu van der Poel (Alpecin &#8211; Premier Tech). | Foto: Cor Vos <\/p>\n<p class=\"text\">02.01.2026 \u00a0|\u00a0 (rsn) \u2013 Wout van Aert wird in diesem Winter kein Cross-Rennen mehr bestreiten k\u00f6nnen. Das best\u00e4tigte sein Team Visma \u2013 Lease a Bike am Freitagabend, nachdem der Belgier beim Zilvermeercross in Mol gest\u00fcrzt war und das Rennen mit blutendem Knie hatte aufgeben m\u00fcssen. Van Aert habe sich den Kn\u00f6chel verstaucht und auch eine kleine Fraktur zugezogen, hei\u00dft es in der Mitteilung des niederl\u00e4ndischen WorldTour-Rennstalls. Van Aert selbst wird dort wie folgt zitiert:&#13;\n<\/p>\n<p class=\"text\">&#8222;Nat\u00fcrlich bin ich sehr entt\u00e4uscht, meine Cross-Saison so beenden zu m\u00fcssen. Ich habe mich besser und besser gef\u00fchlt, inklusive heute in Mol. Ich habe mich wirklich auf Zonhoven gefreut und auf die Belgischen Meisterschaften. Jetzt aber werde ich mich auf meine Erholung konzentrieren und sp\u00e4ter dann auf die Vorbereitung f\u00fcr meine Stra\u00dfensaison.&#8220;&#13;\n<\/p>\n<p class=\"text\">Nachdem er sich bei heftigem Schneetreiben ein packendes Duell auf Augenh\u00f6he mit Weltmeister Mathieu van der Poel (Alpecin \u2013 Premier Tech) geliefert hatte, st\u00fcrzte van Aert in einer Kurve zweieinhalb Runden vor Schluss und musste kurz darauf am Materialposten das Rennen aufgeben. &#13;\n<\/p>\n<p class=\"text\">Dabei wollte van Aert sich zun\u00e4chst wieder auf das Rad setzen, doch zuvor schon konnte er die Laufpassagen nur humpelnd bew\u00e4ltigen und sah schlie\u00dflich die Aussichtslosigkeit seines Unterfangens ein. Im 240. UCI-Crossrennen seiner Karriere gab der 31-J\u00e4hrige erstmals auf und sah das Ziel nicht. &#13;\n<\/p>\n<p class=\"text\"><a href=\"https:\/\/www.radsport-news.com\/checkout.htm\" target=\"_blank\" rel=\"noopener\"><img decoding=\"async\" src=\"https:\/\/www.europesays.com\/de\/wp-content\/uploads\/2026\/01\/1767370049_2_max.jpg\" class=\"FotoTrenner\"\/> <\/a><\/p>\n<p class=\"text\">&#8222;Er konnte das Rennen nicht beenden, weil sein Kn\u00f6chel stark schmerzt. Sein Knie hat zwei kleine Sch\u00fcrfwunden. Aber der Kn\u00f6chel schmerzt am meisten. Er ist mittlerweile so stark angeschwollen, dass wir ihn ins Krankenhaus bringen m\u00fcssen, um weitere Untersuchungen durchf\u00fchren zu lassen\u201c, erkl\u00e4rte Visma-Sportdirektor Jan Boven der versammelten Presse in Mol, noch bevor man eine Diagnose aus der Klinik hatte. &#13;\n<\/p>\n<p class=\"text\">In Mol ging van Aert auf einem Kurs, der seinen Qualit\u00e4ten besonders gut lag, schon fr\u00fch in die Offensive und setzte van der Poel mit hohem Tempo unter Druck. Nach einem Fehler in der dritten Runde musste er van der Poel zwar an sich vorbeilassen, doch der Kampf war noch l\u00e4ngst nicht entschieden.&#13;\n<\/p>\n<p class=\"text\">In der vierten Runde gelang es dem dreimaligen Weltmeister, den R\u00fcckstand von zwischenzeitlich 15 Sekunden auf den siebenmaligen Titeltr\u00e4ger zu verk\u00fcrzen, nachdem van der Poel in einer Kurve gest\u00fcrzt war.  Anschlie\u00dfend entbrannte ein erbitterter Kampf um den Sieg, in dem van Aert die besseren Karten zu haben schien. Doch nach dem schweren Sturz zweieinhalb Runden vor Schluss war das Rennen f\u00fcr ihn gelaufen.<\/p>\n<p class=\"text\">Der 30-j\u00e4hrige van der Poel dagegen sicherte sich schlie\u00dflich souver\u00e4n seinen <a href=\"https:\/\/www.radsport-news.com\/sport\/sportnews_143990.htm\" target=\"_blank\" title=\"insgesamt f\u00fcnften Sieg in Mol\" rel=\"noopener\">insgesamt f\u00fcnften Sieg in Mol<\/a>, womit er nun alleiniger Rekordhakter vor van Aert ist.<\/p>\n<p class=\"text\">&#13;<br \/>\n&#13;<br \/>\n <img decoding=\"async\" src=\"https:\/\/www.europesays.com\/de\/wp-content\/uploads\/2026\/01\/newscnt.gif\" height=\"https:\/\/www.radsport-news.com\/sport\/1\" width=\"https:\/\/www.radsport-news.com\/sport\/1\"\/>      <\/p>\n","protected":false},"excerpt":{"rendered":"Im 240. Crossrennen erstmals nicht im Ziel Bis zu seinem Sturz lieferte sich Wout van Aert (Visma &#8211;&hellip;\n","protected":false},"author":2,"featured_media":688627,"comment_status":"","ping_status":"","sticky":false,"template":"","format":"standard","meta":{"footnotes":""},"categories":[136],"tags":[29,30,265],"class_list":{"0":"post-688626","1":"post","2":"type-post","3":"status-publish","4":"format-standard","5":"has-post-thumbnail","7":"category-sport","8":"tag-deutschland","9":"tag-germany","10":"tag-sport"},"share_on_mastodon":{"url":"https:\/\/pubeurope.com\/@de\/115827671550353111","error":""},"_links":{"self":[{"href":"https:\/\/www.europesays.com\/de\/wp-json\/wp\/v2\/posts\/688626","targetHints":{"allow":["GET"]}}],"collection":[{"href":"https:\/\/www.europesays.com\/de\/wp-json\/wp\/v2\/posts"}],"about":[{"href":"https:\/\/www.europesays.com\/de\/wp-json\/wp\/v2\/types\/post"}],"author":[{"embeddable":true,"href":"https:\/\/www.europesays.com\/de\/wp-json\/wp\/v2\/users\/2"}],"replies":[{"embeddable":true,"href":"https:\/\/www.europesays.com\/de\/wp-json\/wp\/v2\/comments?post=688626"}],"version-history":[{"count":0,"href":"https:\/\/www.europesays.com\/de\/wp-json\/wp\/v2\/posts\/688626\/revisions"}],"wp:featuredmedia":[{"embeddable":true,"href":"https:\/\/www.europesays.com\/de\/wp-json\/wp\/v2\/media\/688627"}],"wp:attachment":[{"href":"https:\/\/www.europesays.com\/de\/wp-json\/wp\/v2\/media?parent=688626"}],"wp:term":[{"taxonomy":"category","embeddable":true,"href":"https:\/\/www.europesays.com\/de\/wp-json\/wp\/v2\/categories?post=688626"},{"taxonomy":"post_tag","embeddable":true,"href":"https:\/\/www.europesays.com\/de\/wp-json\/wp\/v2\/tags?post=688626"}],"curies":[{"name":"wp","href":"https:\/\/api.w.org\/{rel}","templated":true}]}}