{"id":688638,"date":"2026-01-02T21:44:15","date_gmt":"2026-01-02T21:44:15","guid":{"rendered":"https:\/\/www.europesays.com\/de\/688638\/"},"modified":"2026-01-02T21:44:15","modified_gmt":"2026-01-02T21:44:15","slug":"tragoedie-beim-gassigehen-mann-und-hund-von-zug-erfasst","status":"publish","type":"post","link":"https:\/\/www.europesays.com\/de\/688638\/","title":{"rendered":"Trag\u00f6die beim Gassigehen \u2013 Mann und Hund von Zug erfasst"},"content":{"rendered":"<p>Ein 66 Jahre alter Spazierg\u00e4nger ist beim Gassigehen im Landkreis Weilheim-Schongau von einem G\u00fcterzug erfasst und get\u00f6tet worden.  Auch einer seiner drei Hunde starb bei der Kollision.<\/p>\n<p>Mann f\u00fchrte Hunde \u00fcber Gleise<\/p>\n<p>Das Ungl\u00fcck ereignete sich am fr\u00fchen Freitagmorgen an einem Bahn\u00fcbergang bei Hohenfurch im oberbayerischen Landkreis Weilheim-Schongau, wie die Polizei in Rosenheim mitteilte. Der Mann sei am Ende eines Feldwegs <a href=\"https:\/\/www.br.de\/nachrichten\/bayern\/illegal-im-gleisbett-unterwegs-lebensgefaehrliche-abkuerzung,Uz2GlAq\" target=\"_blank\" rel=\"noopener\">\u00fcber die Gleise gegangen<\/a>. Dabei wurden er und eines der Tiere von dem Zug erfasst. Ein weiterer Hund wurde leicht verletzt, der dritte rannte davon. Die Polizei fand das Tier in der Umgebung.<\/p>\n<p>Der Lokf\u00fchrer sowie die Angeh\u00f6rigen des Toten wurden von einem Kriseninterventionsteam betreut. Die Kripo aus Weilheim ermittelt zusammen mit der Staatsanwaltschaft.<\/p>\n","protected":false},"excerpt":{"rendered":"Ein 66 Jahre alter Spazierg\u00e4nger ist beim Gassigehen im Landkreis Weilheim-Schongau von einem G\u00fcterzug erfasst und get\u00f6tet worden.&hellip;\n","protected":false},"author":2,"featured_media":688639,"comment_status":"","ping_status":"","sticky":false,"template":"","format":"standard","meta":{"footnotes":""},"categories":[5],"tags":[5412,159362,13,3545,14,15,2339,12,159361,10,8,9,11,66872],"class_list":{"0":"post-688638","1":"post","2":"type-post","3":"status-publish","4":"format-standard","5":"has-post-thumbnail","7":"category-nachrichten","8":"tag-gleise","9":"tag-gassi-gehen","10":"tag-headlines","11":"tag-hunde","12":"tag-nachrichten","13":"tag-news","14":"tag-oberbayern","15":"tag-schlagzeilen","16":"tag-schongau","17":"tag-top-news","18":"tag-top-meldungen","19":"tag-topmeldungen","20":"tag-topnews","21":"tag-zugunfall"},"share_on_mastodon":{"url":"https:\/\/pubeurope.com\/@de\/115827694860425615","error":""},"_links":{"self":[{"href":"https:\/\/www.europesays.com\/de\/wp-json\/wp\/v2\/posts\/688638","targetHints":{"allow":["GET"]}}],"collection":[{"href":"https:\/\/www.europesays.com\/de\/wp-json\/wp\/v2\/posts"}],"about":[{"href":"https:\/\/www.europesays.com\/de\/wp-json\/wp\/v2\/types\/post"}],"author":[{"embeddable":true,"href":"https:\/\/www.europesays.com\/de\/wp-json\/wp\/v2\/users\/2"}],"replies":[{"embeddable":true,"href":"https:\/\/www.europesays.com\/de\/wp-json\/wp\/v2\/comments?post=688638"}],"version-history":[{"count":0,"href":"https:\/\/www.europesays.com\/de\/wp-json\/wp\/v2\/posts\/688638\/revisions"}],"wp:featuredmedia":[{"embeddable":true,"href":"https:\/\/www.europesays.com\/de\/wp-json\/wp\/v2\/media\/688639"}],"wp:attachment":[{"href":"https:\/\/www.europesays.com\/de\/wp-json\/wp\/v2\/media?parent=688638"}],"wp:term":[{"taxonomy":"category","embeddable":true,"href":"https:\/\/www.europesays.com\/de\/wp-json\/wp\/v2\/categories?post=688638"},{"taxonomy":"post_tag","embeddable":true,"href":"https:\/\/www.europesays.com\/de\/wp-json\/wp\/v2\/tags?post=688638"}],"curies":[{"name":"wp","href":"https:\/\/api.w.org\/{rel}","templated":true}]}}