{"id":688640,"date":"2026-01-02T21:45:11","date_gmt":"2026-01-02T21:45:11","guid":{"rendered":"https:\/\/www.europesays.com\/de\/688640\/"},"modified":"2026-01-02T21:45:11","modified_gmt":"2026-01-02T21:45:11","slug":"brandopfer-aus-der-schweiz-werden-in-leipzig-und-halle-behandelt","status":"publish","type":"post","link":"https:\/\/www.europesays.com\/de\/688640\/","title":{"rendered":"Brandopfer aus der Schweiz werden in Leipzig und Halle behandelt"},"content":{"rendered":"<p class=\"text\">\nNach der verheerenden Brandkastrophe im Schweizer Urlaubsort Crans-Montana mit 40 Toten und fast 120 meist Schwerstverletzten beteiligen sich auch Kliniken in Mitteldeutschland an der Behandlung der Brandopfer. Den Angaben der Einrichtungen zufolge werden zwei Patienten im Leipziger Klinikum St. Georg und im Klinikum Bergmannstrost in Halle aufgenommen.\n<\/p>\n<p>Leipzig und Halle k\u00fcmmern sich um Brandopfer<\/p>\n<p class=\"text\">\nEine Sprecherin des St. Georg in Leipzig sagte, es handele sich um einen Schwerverletzten mit gro\u00dffl\u00e4chigen Verbrennungen, der beatmet werden m\u00fcsse. Das St. Georg ist nach eigenen Angaben das mitteldeutsche Zentrum f\u00fcr die Behandlung schwer Brandverletzter. In der Klinik werden j\u00e4hrlich rund 200 Patientinnen und Patienten aus Sachsen, Sachsen-Anhalt und Th\u00fcringen sowie dem n\u00f6rdlichen Bayern betreut.\u00a0\n<\/p>\n<p class=\"text\">\nIm Brandverletztenzentrum des Klinikums Bergmannstrost im benachbarten Halle wurde ebenfalls ein Brandopfer aufgenommen. Insgesamt 40 der Verletzten sollen au\u00dferhalb der Schweiz in Europa behandelt werden. <\/p>\n<p>In Deutschland sollen insgesamt sieben Opfer der Brandkatastrophe behandelt werden, unter anderem in Stuttgart und T\u00fcbingen.\n<\/p>\n<p>Vorwiegend junge Opfer<\/p>\n<p class=\"text\">\nIn der Silvesternacht waren bei dem Brand in einer Bar mit Hunderten zumeist jungen Feierenden nach Beh\u00f6rdenangaben 40 Menschen ums Leben gekommen, 119 weitere wurden verletzt. Rund 80 von ihnen sollen sich Berichten zufolge in kritischem Zustand befinden. Die meisten Schwerletzten sind zwischen 16 und 26 Jahre alt.<\/p>\n","protected":false},"excerpt":{"rendered":"Nach der verheerenden Brandkastrophe im Schweizer Urlaubsort Crans-Montana mit 40 Toten und fast 120 meist Schwerstverletzten beteiligen sich&hellip;\n","protected":false},"author":2,"featured_media":688641,"comment_status":"","ping_status":"","sticky":false,"template":"","format":"standard","meta":{"footnotes":""},"categories":[1860],"tags":[17327,58254,159363,3364,29,548,663,3934,30,4062,17332,13,71,81,14,15,19170,17331,859,860,12,293,861,103],"class_list":{"0":"post-688640","1":"post","2":"type-post","3":"status-publish","4":"format-standard","5":"has-post-thumbnail","7":"category-halle-saale","8":"tag-behandlung","9":"tag-brandkatastrophe","10":"tag-brandverletzte","11":"tag-de","12":"tag-deutschland","13":"tag-eu","14":"tag-europa","15":"tag-europe","16":"tag-germany","17":"tag-halle","18":"tag-halle-saale","19":"tag-headlines","20":"tag-leipzig","21":"tag-mdr","22":"tag-nachrichten","23":"tag-news","24":"tag-opfer","25":"tag-saale","26":"tag-sachsen","27":"tag-sachsen-anhalt","28":"tag-schlagzeilen","29":"tag-schweiz","30":"tag-thueringen","31":"tag-welt"},"share_on_mastodon":{"url":"https:\/\/pubeurope.com\/@de\/115827698806732168","error":""},"_links":{"self":[{"href":"https:\/\/www.europesays.com\/de\/wp-json\/wp\/v2\/posts\/688640","targetHints":{"allow":["GET"]}}],"collection":[{"href":"https:\/\/www.europesays.com\/de\/wp-json\/wp\/v2\/posts"}],"about":[{"href":"https:\/\/www.europesays.com\/de\/wp-json\/wp\/v2\/types\/post"}],"author":[{"embeddable":true,"href":"https:\/\/www.europesays.com\/de\/wp-json\/wp\/v2\/users\/2"}],"replies":[{"embeddable":true,"href":"https:\/\/www.europesays.com\/de\/wp-json\/wp\/v2\/comments?post=688640"}],"version-history":[{"count":0,"href":"https:\/\/www.europesays.com\/de\/wp-json\/wp\/v2\/posts\/688640\/revisions"}],"wp:featuredmedia":[{"embeddable":true,"href":"https:\/\/www.europesays.com\/de\/wp-json\/wp\/v2\/media\/688641"}],"wp:attachment":[{"href":"https:\/\/www.europesays.com\/de\/wp-json\/wp\/v2\/media?parent=688640"}],"wp:term":[{"taxonomy":"category","embeddable":true,"href":"https:\/\/www.europesays.com\/de\/wp-json\/wp\/v2\/categories?post=688640"},{"taxonomy":"post_tag","embeddable":true,"href":"https:\/\/www.europesays.com\/de\/wp-json\/wp\/v2\/tags?post=688640"}],"curies":[{"name":"wp","href":"https:\/\/api.w.org\/{rel}","templated":true}]}}