{"id":688650,"date":"2026-01-02T21:50:10","date_gmt":"2026-01-02T21:50:10","guid":{"rendered":"https:\/\/www.europesays.com\/de\/688650\/"},"modified":"2026-01-02T21:50:10","modified_gmt":"2026-01-02T21:50:10","slug":"honorat-zurueck-im-gladbach-teamtraining","status":"publish","type":"post","link":"https:\/\/www.europesays.com\/de\/688650\/","title":{"rendered":"Honorat zur\u00fcck im Gladbach-Teamtraining"},"content":{"rendered":"<p>Bei Borussia M\u00f6nchengladbach gibt es positive Nachrichten aus dem Trainingslager. Franck Honorat steht in Belek (T\u00fcrkei) wieder auf dem Platz und trainiert mit der Mannschaft. Das geht aus Bildern des Portals Fohlen-Hautnah hervor.<\/p>\n<p>Der Franzose hatte vor der Winterpause drei Pflichtspiele in Folge aufgrund muskul\u00e4rer Probleme in der Wade verpasst. Nun ist Honorat mit ins Kurz-Trainingslager in die T\u00fcrkei gereist und scheint den n\u00e4chsten Schritt im Comeback-Prozess gemacht zu haben.<\/p>\n<p>Ob der 29-J\u00e4hrige bereits wieder eine Option f\u00fcr den Spielkader zum Restart darstellt, bleibt abzuwarten. Die R\u00fcckkehr ins Mannschaftstraining darf jedoch als klares positives Signal gewertet werden.<\/p>\n<p><\/p>\n<p>LIGAINSIDER-DURCHSCHNITTSNOTE in den letzten VIER Jahren<\/p>\n","protected":false},"excerpt":{"rendered":"Bei Borussia M\u00f6nchengladbach gibt es positive Nachrichten aus dem Trainingslager. Franck Honorat steht in Belek (T\u00fcrkei) wieder auf&hellip;\n","protected":false},"author":2,"featured_media":688651,"comment_status":"","ping_status":"","sticky":false,"template":"","format":"standard","meta":{"footnotes":""},"categories":[1849],"tags":[4808,31078,2217,815,3364,29,548,663,3934,19346,347,30,13,4455,14,15,1209,5422,10578,12,265,924,1288,2627,5421],"class_list":{"0":"post-688650","1":"post","2":"type-post","3":"status-publish","4":"format-standard","5":"has-post-thumbnail","7":"category-moenchengladbach","8":"tag-1-bundesliga","9":"tag-2025-26","10":"tag-bilanz","11":"tag-borussia-moenchengladbach","12":"tag-de","13":"tag-deutschland","14":"tag-eu","15":"tag-europa","16":"tag-europe","17":"tag-franck-honorat","18":"tag-fussball","19":"tag-germany","20":"tag-headlines","21":"tag-moenchengladbach","22":"tag-nachrichten","23":"tag-news","24":"tag-nordrhein-westfalen","25":"tag-quote","26":"tag-rechte-aussenbahn","27":"tag-schlagzeilen","28":"tag-sport","29":"tag-statistik","30":"tag-transfers","31":"tag-verletzungen","32":"tag-wechsel"},"share_on_mastodon":{"url":"https:\/\/pubeurope.com\/@de\/115827718682724518","error":""},"_links":{"self":[{"href":"https:\/\/www.europesays.com\/de\/wp-json\/wp\/v2\/posts\/688650","targetHints":{"allow":["GET"]}}],"collection":[{"href":"https:\/\/www.europesays.com\/de\/wp-json\/wp\/v2\/posts"}],"about":[{"href":"https:\/\/www.europesays.com\/de\/wp-json\/wp\/v2\/types\/post"}],"author":[{"embeddable":true,"href":"https:\/\/www.europesays.com\/de\/wp-json\/wp\/v2\/users\/2"}],"replies":[{"embeddable":true,"href":"https:\/\/www.europesays.com\/de\/wp-json\/wp\/v2\/comments?post=688650"}],"version-history":[{"count":0,"href":"https:\/\/www.europesays.com\/de\/wp-json\/wp\/v2\/posts\/688650\/revisions"}],"wp:featuredmedia":[{"embeddable":true,"href":"https:\/\/www.europesays.com\/de\/wp-json\/wp\/v2\/media\/688651"}],"wp:attachment":[{"href":"https:\/\/www.europesays.com\/de\/wp-json\/wp\/v2\/media?parent=688650"}],"wp:term":[{"taxonomy":"category","embeddable":true,"href":"https:\/\/www.europesays.com\/de\/wp-json\/wp\/v2\/categories?post=688650"},{"taxonomy":"post_tag","embeddable":true,"href":"https:\/\/www.europesays.com\/de\/wp-json\/wp\/v2\/tags?post=688650"}],"curies":[{"name":"wp","href":"https:\/\/api.w.org\/{rel}","templated":true}]}}