{"id":688660,"date":"2026-01-02T21:55:11","date_gmt":"2026-01-02T21:55:11","guid":{"rendered":"https:\/\/www.europesays.com\/de\/688660\/"},"modified":"2026-01-02T21:55:11","modified_gmt":"2026-01-02T21:55:11","slug":"hoerbiger-kauft-das-karlsruher-unternehmen-physik-instrumente","status":"publish","type":"post","link":"https:\/\/www.europesays.com\/de\/688660\/","title":{"rendered":"Hoerbiger kauft das Karlsruher Unternehmen \u201ePhysik Instrumente\u201c"},"content":{"rendered":"<ol class=\"id-DonaldBreadcrumb lp_west_breadcrumb id-DonaldBreadcrumb--default\" data-k5a-pos=\"west_breadcrumb\">\n<li class=\"id-Breadcrumb-item\"><a href=\"https:\/\/www.merkur.de\/\" class=\"id-Breadcrumb-link\" data-id-ec=\"{\" shn=\"\" textlink=\"\" data-k5a-pos=\"1_startseite\" target=\"_blank\" rel=\"noopener\">Startseite<\/a><\/li>\n<li class=\"id-Breadcrumb-item\"><a href=\"https:\/\/www.merkur.de\/lokales\/\" class=\"id-Breadcrumb-link\" data-id-ec=\"{\" shn=\"\" textlink=\"\" data-k5a-pos=\"2_lokales\" target=\"_blank\" rel=\"noopener\">Lokales<\/a><\/li>\n<li class=\"id-Breadcrumb-item\"><a href=\"https:\/\/www.merkur.de\/lokales\/schongau\/\" class=\"id-Breadcrumb-link\" data-id-ec=\"{\" shn=\"\" textlink=\"\" data-k5a-pos=\"3_schongau\" target=\"_blank\" rel=\"noopener\">Schongau<\/a><\/li>\n<li class=\"id-Breadcrumb-item\"><a href=\"https:\/\/www.merkur.de\/lokales\/schongau\/schongau-ort29421\/\" class=\"id-Breadcrumb-link\" data-id-ec=\"{\" shn=\"\" textlink=\"\" data-k5a-pos=\"4_schongau\" target=\"_blank\" rel=\"noopener\">Schongau<\/a><\/li>\n<\/ol>\n<p class=\"id-Story-timestamp id-Story-timestamp--default\">Stand: 02.01.2026, 21:00 Uhr<\/p>\n<p class=\"id-Story-authors id-Story-authors--default\">Von: <a class=\"id-Story-authors-link lp_west_author\" href=\"https:\/\/www.merkur.de\/autor\/elke-robert-i0omwoy8k.html\" title=\"Zur Autorenseite von Elke Robert\" data-id-ec=\"{\" shn=\"\" author-link=\"\" robert=\"\" data-k5a-pos=\"west_author\" target=\"_blank\" rel=\"noopener\">Elke Robert<\/a><\/p>\n<p class=\"id-Story-interactionBar id-Story-interactionBar--default\">DruckenTeilen<\/p>\n<p><img decoding=\"async\" class=\"id-RatioPlaceholder-element wv_story_el_image\" src=\"https:\/\/www.europesays.com\/de\/wp-content\/uploads\/2026\/01\/40956796-die-vertraege-sind-unterzeichnet-li-thorsten-kahlert-ceo-hoerbiger-markus-spanner-ceo-pi-dr.jpeg\" loading=\"eager\" fetchpriority=\"high\"   height=\"792\" width=\"1408\" alt=\"Die Vertr&#xE4;ge sind unterzeichnet (v.li.): Thorsten Kahlert, CEO Hoerbiger, Markus&#10;Spanner, CEO PI, Dr. Karl Spanner, Gr&#xFC;nder PI und Dr. Martin&#10;Komischke, Pr&#xE4;sident des Verwaltungsrates Hoerbiger.\"\/>Die Vertr\u00e4ge sind unterzeichnet (v.li.): Thorsten Kahlert (CEO Hoerbiger), Markus Spanner(CEO PI), Karl Spanner (Gr\u00fcnder PI) und Martin Komischke, Pr\u00e4sident des Verwaltungsrates von Hoerbiger. \u00a9\u00a0Hoerbiger<\/p>\n<p class=\"id-StoryElement-leadText\">Hoerbiger \u00fcbernimmt das Unternehmen \u201ePhysik Instrumente\u201c aus Karlsruhe mit 1900 Mitarbeitern. Die IG Metall will nun einen einheitlichen Tarifvertrag durchsetzen.<\/p>\n<p class=\"id-StoryElement-paragraph\"><strong>Schongau<\/strong> \u2013 \u201ePhysik Instrumente\u201c (PI), ein f\u00fchrendes Familienunternehmen im Bereich hochpr\u00e4ziser Bewegungs- und Positionierungstechnologien, hat eine Vereinbarung zur \u00dcbernahme durch <a href=\"https:\/\/www.merkur.de\/lokales\/schongau\/schongau-ort29421\/prominenter-autozulieferer-gibt-batteriegeschaeft-auf-93932240.html\" class=\"id-import-Link\" data-id-ec=\"{&quot;sht&quot;:&quot;Container&quot;,&quot;shn&quot;:&quot;Story&quot;,&quot;p&quot;:{&quot;containerType&quot;:&quot;Paragraph&quot;,&quot;displayType&quot;:&quot;Paragraph InlineLink&quot;,&quot;type&quot;:&quot;INLINE_LINK&quot;,&quot;value&quot;:&quot;Hoerbiger&quot;,&quot;variant&quot;:&quot;standardLink&quot;,&quot;sponsored&quot;:false,&quot;linkHref&quot;:&quot;https:\/\/www.merkur.de\/lokales\/schongau\/schongau-ort29421\/prominenter-autozulieferer-gibt-batteriegeschaeft-auf-93932240.html&quot;,&quot;storyElementPosition&quot;:8,&quot;storyElementCount&quot;:24}}\" target=\"_blank\" rel=\"noopener\">Hoerbiger<\/a> unterzeichnet. F\u00fcr PI sei der Eintritt in den Hoerbiger-Konzern ein bedeutsamer Schritt zur Realisierung der eigenen unternehmerischen Ambitionen bez\u00fcglich Innovation und nachhaltigem Wachstum, hei\u00dft es in einer gemeinsamen Presseerkl\u00e4rung.<\/p>\n<p><img decoding=\"async\" class=\"id-RatioPlaceholder-element wv_story_el_image\" src=\"https:\/\/www.europesays.com\/de\/wp-content\/uploads\/2026\/01\/40957394-ig-metall-bevollmaechtigter-karl-musiol-vorne-rechts-informierte-die-beschaeftigten-von-phy.jpeg\" loading=\"lazy\"   height=\"825\" width=\"1100\" alt=\"IG Metall-Bevollm&#xE4;chtigter Karl Musiol (vorne rechts) informierte die Besch&#xE4;ftigten von Physik Instrumenteschon vorab &#xFC;ber den Tarifvertrag bei Hoerbiger.\"\/>IG Metall-Bevollm\u00e4chtigter Karl Musiol (vorne rechts) informierte die Besch\u00e4ftigten von \u201ePhysik Instrumente\u201c schon vorab \u00fcber den Tarifvertrag bei Hoerbiger. \u00a9\u00a0IG Metall Oberland<\/p>\n<p class=\"id-StoryElement-paragraph\">Das im Jahr 1970 gegr\u00fcndete Unternehmen sei weltweit f\u00fcr seine piezoelektrische Antriebe, Linearaktuatoren, Rotationstische sowie Mehrachsensysteme bekannt. PI verf\u00fcge \u00fcber neun Produktionsst\u00e4tten in Europa, Nordamerika und Asien sowie 16 Vertriebs- und Serviceniederlassungen. <\/p>\n<p class=\"id-StoryElement-paragraph\">\u201eDie \u00dcbernahme von PI markiert einen bedeutenden Meilenstein in der \u00fcber 130-j\u00e4hrigen Geschichte von Hoerbiger\u201c, so Konzernsprecher Tobias Steger. Mit PI st\u00e4rke Hoerbiger seine Position an der technologischen Spitze langfristig wachsender M\u00e4rkte wie Halbleiter, Raumfahrt- und Satellitentechnologie, Automatisierung und Robotik sowie \u201eLife Sciences\u201c. Zugleich erweitere PI die Mechatronik-Kompetenz von Hoerbiger durch die enge Verzahnung von Mechanik, Elektronik, Sensorik und Software.<\/p>\n<p class=\"id-StoryElement-paragraph\">Thorsten Kahlert, CEO und Vorsitzender der Hoerbiger-Konzernleitung, betont in einer Mitteilung: \u201ePI und Hoerbiger passen hervorragend zusammen.\u201c Man sei zuversichtlich, dass der Zusammenschluss beide Unternehmen f\u00fcr die Zukunft noch st\u00e4rker machen werde. Innerhalb des Hoerbiger-Portfolios werde PI als neue Division \u201ePositioning\u201c gef\u00fchrt. Damit verf\u00fcge der Hoerbiger-Konzern neu \u00fcber sechs Gesch\u00e4ftsbereiche. Wichtig f\u00fcr den Raum Schongau: \u201eWir halten am <a href=\"https:\/\/www.merkur.de\/wirtschaft\/deutscher-autozulieferer-mahle-untersucht-werksschliessung-190-jobs-in-gefahr-94031890.html\" class=\"id-import-Link\" data-id-ec=\"{&quot;sht&quot;:&quot;Container&quot;,&quot;shn&quot;:&quot;Story&quot;,&quot;p&quot;:{&quot;containerType&quot;:&quot;Paragraph&quot;,&quot;displayType&quot;:&quot;Paragraph InlineLink&quot;,&quot;type&quot;:&quot;INLINE_LINK&quot;,&quot;value&quot;:&quot;Automotive&quot;,&quot;variant&quot;:&quot;standardLink&quot;,&quot;sponsored&quot;:false,&quot;linkHref&quot;:&quot;https:\/\/www.merkur.de\/wirtschaft\/deutscher-autozulieferer-mahle-untersucht-werksschliessung-190-jobs-in-gefahr-94031890.html&quot;,&quot;storyElementPosition&quot;:14,&quot;storyElementCount&quot;:24}}\" target=\"_blank\" rel=\"noopener\">Automotive<\/a>-Gesch\u00e4ft fest\u201c, hei\u00dft es. Auch in diese Sparte solle weiter investiert werden.<\/p>\n<p class=\"id-StoryElement-paragraph\">Nach der Unterzeichnung der Vereinbarung fehlten noch beh\u00f6rdliche Genehmigungen, die im ersten Quartal 2026 erwartet werden. Bis zum Abschluss der Transaktion wollen PI und Hoerbiger getrennt voneinander agieren. Die Vertragspartner haben Stillschweigen \u00fcber den Kaufpreis vereinbart.<\/p>\n<p>Die IG Metall begleitete den Kauf<\/p>\n<p class=\"id-StoryElement-paragraph\">\u201eDieser Kauf ist ein gutes Signal f\u00fcr alle Besch\u00e4ftigten bei Hoerbiger, vor allem aber f\u00fcr alle Besch\u00e4ftigten bei ,Physik Instrumente\u2018, sagt <a href=\"https:\/\/www.merkur.de\/lokales\/weilheim\/weilheim-ort29677\/trotz-hoher-umsatzrendite-droht-bei-xylem-ein-personalabbau-94069326.html\" class=\"id-import-Link\" data-id-ec=\"{&quot;sht&quot;:&quot;Container&quot;,&quot;shn&quot;:&quot;Story&quot;,&quot;p&quot;:{&quot;containerType&quot;:&quot;Paragraph&quot;,&quot;displayType&quot;:&quot;Paragraph InlineLink&quot;,&quot;type&quot;:&quot;INLINE_LINK&quot;,&quot;value&quot;:&quot;Karl Musiol&quot;,&quot;variant&quot;:&quot;standardLink&quot;,&quot;sponsored&quot;:false,&quot;linkHref&quot;:&quot;https:\/\/www.merkur.de\/lokales\/weilheim\/weilheim-ort29677\/trotz-hoher-umsatzrendite-droht-bei-xylem-ein-personalabbau-94069326.html&quot;,&quot;storyElementPosition&quot;:18,&quot;storyElementCount&quot;:24}}\" target=\"_blank\" rel=\"noopener\">Karl Musiol<\/a>, erster Bevollm\u00e4chtigter bei der IG Metall-Oberland. Hoerbiger werde als Automobilzulieferer gesehen. Es sei gut, dass der Konzern sich jetzt auch au\u00dferhalb der Automobilindustrie breiter aufstelle.<\/p>\n<p class=\"id-StoryElement-paragraph\">\u201eDen Besch\u00e4ftigten in Schongau ist aber eins wichtig: Wir brauchen vor allem Perspektiven in der <a href=\"https:\/\/www.merkur.de\/wirtschaft\/hammer-traenen-und-bestuerzung-an-deutschem-bosch-standort-nach-job-93955954.html\" class=\"id-import-Link\" data-id-ec=\"{&quot;sht&quot;:&quot;Container&quot;,&quot;shn&quot;:&quot;Story&quot;,&quot;p&quot;:{&quot;containerType&quot;:&quot;Paragraph&quot;,&quot;displayType&quot;:&quot;Paragraph InlineLink&quot;,&quot;type&quot;:&quot;INLINE_LINK&quot;,&quot;value&quot;:&quot;Automobilsparte&quot;,&quot;variant&quot;:&quot;standardLink&quot;,&quot;sponsored&quot;:false,&quot;linkHref&quot;:&quot;https:\/\/www.merkur.de\/wirtschaft\/hammer-traenen-und-bestuerzung-an-deutschem-bosch-standort-nach-job-93955954.html&quot;,&quot;storyElementPosition&quot;:20,&quot;storyElementCount&quot;:24}}\" target=\"_blank\" rel=\"noopener\">Automobilsparte<\/a>. Hier liegen die meisten Arbeitspl\u00e4tze bei Hoerbiger in der Region\u201c, so Musiol weiter. Was nicht passieren d\u00fcrfe: Dass Hoerbiger jetzt im Bereich der Piezotechnologie wachse, dar\u00fcber aber das Automobilgesch\u00e4ft aus den Augen verliere. \u201eWir brauchen Perspektive in allen Sparten\u201c, so Musiol.<\/p>\n<p class=\"id-StoryElement-paragraph\">Der IG Metall-Bevollm\u00e4chtigte sieht noch einen anderen Aspekt: Der tarifgebundene Hoerbiger-Konzern habe ein Unternehmen ohne Tarifvertrag gekauft. \u201eEs darf aber keine Zweiklassen-Gesellschaft im Konzern geben\u201c, so Musiol. Die IG Metall werde jetzt umgehend in Tarifverhandlungen gehen nach dem Motto \u201eein Hoerbiger, ein Tarifvertrag. Das ist das Ziel.\u201c Auch habe Hoerbiger mit dem Kauf der Karlsruher Firma eine Gr\u00f6\u00dfe allein in Deutschland erreicht, f\u00fcr die nun ein parit\u00e4tisch besetzter Aufsichtsrat notwendig werde, mit Arbeitnehmer- und Arbeitgebervertretern auf Augenh\u00f6he.<\/p>\n<p class=\"id-StoryElement-paragraph\">\u201eDie IG Metall hat den Kauf wohlwollend und sehr vorausschauend flankiert\u201c, so Musiol weiter. Schon als die ersten Ger\u00fcchte aufgekommen seien, h\u00e4tten sich die Gesch\u00e4ftsstellen Karlsruhe, Rosenheim und Oberland miteinander vernetzt. Musiol selbst habe bereits Anfang Dezember in einer Mitgliederversammlung von PI den Hoerbiger-Haustarifvertrag vorgestellt. Jetzt k\u00f6nne man direkt loslegen.<\/p>\n<p class=\"id-StoryElement-paragraph\">Erst k\u00fcrzlich war bekannt geworden, dass Hoerbiger die <a href=\"https:\/\/www.merkur.de\/lokales\/schongau\/schongau-ort29421\/geschaeft-an-nimbus-hoerbiger-verkauft-kompressortechnik-94034587.html\" class=\"id-import-Link\" data-id-ec=\"{&quot;sht&quot;:&quot;Container&quot;,&quot;shn&quot;:&quot;Story&quot;,&quot;p&quot;:{&quot;containerType&quot;:&quot;Paragraph&quot;,&quot;displayType&quot;:&quot;Paragraph InlineLink&quot;,&quot;type&quot;:&quot;INLINE_LINK&quot;,&quot;value&quot;:&quot;Kompressortechnik&quot;,&quot;variant&quot;:&quot;standardLink&quot;,&quot;sponsored&quot;:false,&quot;linkHref&quot;:&quot;https:\/\/www.merkur.de\/lokales\/schongau\/schongau-ort29421\/geschaeft-an-nimbus-hoerbiger-verkauft-kompressortechnik-94034587.html&quot;,&quot;storyElementPosition&quot;:24,&quot;storyElementCount&quot;:24}}\" target=\"_blank\" rel=\"noopener\">Kompressortechnik<\/a> GmbH verkauft hat. Neuer Eigent\u00fcmer des Bereichs f\u00fcr Lamellenventile ist <a href=\"https:\/\/www.merkur.de\/lokales\/schongau\/schongau-ort29421\/ig-metall-bewertet-nimbus-uebernahme-der-kompressortechnik-positiv-94047996.html\" class=\"id-import-Link\" data-id-ec=\"{&quot;sht&quot;:&quot;Container&quot;,&quot;shn&quot;:&quot;Story&quot;,&quot;p&quot;:{&quot;containerType&quot;:&quot;Paragraph&quot;,&quot;displayType&quot;:&quot;Paragraph InlineLink&quot;,&quot;type&quot;:&quot;INLINE_LINK&quot;,&quot;value&quot;:&quot;&#x201E;Nimbus&#x201C;&quot;,&quot;variant&quot;:&quot;standardLink&quot;,&quot;sponsored&quot;:false,&quot;linkHref&quot;:&quot;https:\/\/www.merkur.de\/lokales\/schongau\/schongau-ort29421\/ig-metall-bewertet-nimbus-uebernahme-der-kompressortechnik-positiv-94047996.html&quot;,&quot;storyElementPosition&quot;:24,&quot;storyElementCount&quot;:24}}\" target=\"_blank\" rel=\"noopener\">\u201eNimbus\u201c<\/a>, eine europ\u00e4ische Industrieholding. F\u00fcr die rund 300 Mitarbeiter, nahezu alle in Schongau, \u00e4ndere sich aber \u2013 erst einmal \u2013 nichts.<\/p>\n","protected":false},"excerpt":{"rendered":"Startseite Lokales Schongau Schongau Stand: 02.01.2026, 21:00 Uhr Von: Elke Robert DruckenTeilen Die Vertr\u00e4ge sind unterzeichnet (v.li.): Thorsten&hellip;\n","protected":false},"author":2,"featured_media":688661,"comment_status":"","ping_status":"","sticky":false,"template":"","format":"standard","meta":{"footnotes":""},"categories":[1844],"tags":[1634,3364,29,30,8903],"class_list":{"0":"post-688660","1":"post","2":"type-post","3":"status-publish","4":"format-standard","5":"has-post-thumbnail","7":"category-karlsruhe","8":"tag-baden-wuerttemberg","9":"tag-de","10":"tag-deutschland","11":"tag-germany","12":"tag-karlsruhe"},"share_on_mastodon":{"url":"https:\/\/pubeurope.com\/@de\/115827738194604661","error":""},"_links":{"self":[{"href":"https:\/\/www.europesays.com\/de\/wp-json\/wp\/v2\/posts\/688660","targetHints":{"allow":["GET"]}}],"collection":[{"href":"https:\/\/www.europesays.com\/de\/wp-json\/wp\/v2\/posts"}],"about":[{"href":"https:\/\/www.europesays.com\/de\/wp-json\/wp\/v2\/types\/post"}],"author":[{"embeddable":true,"href":"https:\/\/www.europesays.com\/de\/wp-json\/wp\/v2\/users\/2"}],"replies":[{"embeddable":true,"href":"https:\/\/www.europesays.com\/de\/wp-json\/wp\/v2\/comments?post=688660"}],"version-history":[{"count":0,"href":"https:\/\/www.europesays.com\/de\/wp-json\/wp\/v2\/posts\/688660\/revisions"}],"wp:featuredmedia":[{"embeddable":true,"href":"https:\/\/www.europesays.com\/de\/wp-json\/wp\/v2\/media\/688661"}],"wp:attachment":[{"href":"https:\/\/www.europesays.com\/de\/wp-json\/wp\/v2\/media?parent=688660"}],"wp:term":[{"taxonomy":"category","embeddable":true,"href":"https:\/\/www.europesays.com\/de\/wp-json\/wp\/v2\/categories?post=688660"},{"taxonomy":"post_tag","embeddable":true,"href":"https:\/\/www.europesays.com\/de\/wp-json\/wp\/v2\/tags?post=688660"}],"curies":[{"name":"wp","href":"https:\/\/api.w.org\/{rel}","templated":true}]}}