{"id":688824,"date":"2026-01-02T23:27:22","date_gmt":"2026-01-02T23:27:22","guid":{"rendered":"https:\/\/www.europesays.com\/de\/688824\/"},"modified":"2026-01-02T23:27:22","modified_gmt":"2026-01-02T23:27:22","slug":"ukraine-krieg-russland-feuert-erneut-raketen-auf-charkiw-ab-2","status":"publish","type":"post","link":"https:\/\/www.europesays.com\/de\/688824\/","title":{"rendered":"Ukraine-Krieg &#8211; Russland feuert erneut Raketen auf Charkiw ab"},"content":{"rendered":"<p class=\"article-header-description\">Russland hat erneut die ukrainische Gro\u00dfstadt Charkiw mit Raketen beschossen.<\/p>\n<p>02.01.2026<\/p>\n<ul class=\"b-social-icons\">\n<li class=\"social-icons-item\">\n<\/li>\n<li class=\"social-icons-item\">\n<p>                      Link kopieren\/teilen<\/p>\n<p class=\"snackbar-content\">Der Link wurde in die Zwischenablage kopiert.<\/p>\n<\/li>\n<li class=\"social-icons-item\"><a title=\"Email\" href=\"mailto:?subject=Russland%20feuert%20erneut%20Raketen%20auf%20Charkiw%20ab%20-%20Evakuierungen%20aus%20umk%C3%A4mpften%20Gebieten&amp;body=Ukraine-Krieg%0AUkraine-KriegRussland%20feuert%20erneut%20Raketen%20auf%20Charkiw%20ab%20-%20Evakuierungen%20aus%20umk%C3%A4mpften%20Gebieten%0ARussland%20hat%20erneut%20die%20ukrainische%20Gro%C3%9Fstadt%20Charkiw%20mit%20Raketen%20beschossen.%0Ahttps%3A%2F%2Fwww.deutschlandfunk.de%2Frussland-feuert-erneut-raketen-auf-charkiw-ab-evakuierungen-aus-umkaempften-gebieten-102.html\" target=\"_blank\" rel=\"noopener noreferrer\" class=\"b-btn-social is-email\" data-tracking=\"{&quot;chapter1&quot;:&quot;Email&quot;,&quot;chapter3&quot;:&quot;Social Media&quot;,&quot;name&quot;:&quot;Social Media&quot;,&quot;chapter2&quot;:&quot;https:\/\/www.deutschlandfunk.de\/russland-feuert-erneut-raketen-auf-charkiw-ab-evakuierungen-aus-umkaempften-gebieten-102.html&quot;,&quot;level2&quot;:&quot;2&quot;}\">\n<p>                      Email<\/a><\/li>\n<\/ul>\n<p>                    <img decoding=\"async\" loading=\"lazy\" class=\"internal-image\" title=\"Rettungskr\u00e4fte l\u00f6schen ein Feuer in einem Wohnhaus in Charkiw.\" alt=\"Rettungskr\u00e4fte l\u00f6schen ein Feuer in einem Wohnhaus in Charkiw.\" src=\"https:\/\/www.europesays.com\/de\/wp-content\/uploads\/2025\/11\/ukraine-charkiw-brand-102-1920x1080.jpg\" \/><\/p>\n<p>                  Russland hat die ukrainische Gro\u00dfstadt Charkiw bereits mehrfach angegriffen (Archivfoto vom November 2025). (Andrii Marienko\/AP\/dpa)<\/p>\n<p>Nach Angaben der Beh\u00f6rden wurden mindestens 30 Menschen verletzt. Es gebe erhebliche Sch\u00e4den an einem Hochhaus. Pr\u00e4sident Selenskyj erkl\u00e4rte, nach vorl\u00e4ufigen Informationen h\u00e4tten zwei Raketen ein Wohngebiet getroffen. Das russische Verteidigungsministerium wies die Vorw\u00fcrfe zur\u00fcck. Es habe keinen Raketenangriff auf Charkiw gegeben.<\/p>\n<p>Diese Nachricht wurde am 02.01.2026 im Programm Deutschlandfunk gesendet.<\/p>\n","protected":false},"excerpt":{"rendered":"Russland hat erneut die ukrainische Gro\u00dfstadt Charkiw mit Raketen beschossen. 02.01.2026 Link kopieren\/teilen Der Link wurde in die&hellip;\n","protected":false},"author":2,"featured_media":586640,"comment_status":"","ping_status":"","sticky":false,"template":"","format":"standard","meta":{"footnotes":""},"categories":[4013],"tags":[331,332,13,14,15,4043,4044,850,307,12],"class_list":{"0":"post-688824","1":"post","2":"type-post","3":"status-publish","4":"format-standard","5":"has-post-thumbnail","7":"category-russland","8":"tag-aktuelle-nachrichten","9":"tag-aktuelle-news","10":"tag-headlines","11":"tag-nachrichten","12":"tag-news","13":"tag-russia","14":"tag-russian-federation","15":"tag-russische-foederation","16":"tag-russland","17":"tag-schlagzeilen"},"share_on_mastodon":{"url":"https:\/\/pubeurope.com\/@de\/115828100063520282","error":""},"_links":{"self":[{"href":"https:\/\/www.europesays.com\/de\/wp-json\/wp\/v2\/posts\/688824","targetHints":{"allow":["GET"]}}],"collection":[{"href":"https:\/\/www.europesays.com\/de\/wp-json\/wp\/v2\/posts"}],"about":[{"href":"https:\/\/www.europesays.com\/de\/wp-json\/wp\/v2\/types\/post"}],"author":[{"embeddable":true,"href":"https:\/\/www.europesays.com\/de\/wp-json\/wp\/v2\/users\/2"}],"replies":[{"embeddable":true,"href":"https:\/\/www.europesays.com\/de\/wp-json\/wp\/v2\/comments?post=688824"}],"version-history":[{"count":0,"href":"https:\/\/www.europesays.com\/de\/wp-json\/wp\/v2\/posts\/688824\/revisions"}],"wp:featuredmedia":[{"embeddable":true,"href":"https:\/\/www.europesays.com\/de\/wp-json\/wp\/v2\/media\/586640"}],"wp:attachment":[{"href":"https:\/\/www.europesays.com\/de\/wp-json\/wp\/v2\/media?parent=688824"}],"wp:term":[{"taxonomy":"category","embeddable":true,"href":"https:\/\/www.europesays.com\/de\/wp-json\/wp\/v2\/categories?post=688824"},{"taxonomy":"post_tag","embeddable":true,"href":"https:\/\/www.europesays.com\/de\/wp-json\/wp\/v2\/tags?post=688824"}],"curies":[{"name":"wp","href":"https:\/\/api.w.org\/{rel}","templated":true}]}}