{"id":688838,"date":"2026-01-02T23:41:09","date_gmt":"2026-01-02T23:41:09","guid":{"rendered":"https:\/\/www.europesays.com\/de\/688838\/"},"modified":"2026-01-02T23:41:09","modified_gmt":"2026-01-02T23:41:09","slug":"deutschland-startet-umsetzung-der-plattform-oekonomie-steuer","status":"publish","type":"post","link":"https:\/\/www.europesays.com\/de\/688838\/","title":{"rendered":"Deutschland startet Umsetzung der Plattform-\u00d6konomie-Steuer"},"content":{"rendered":"<p>Ab dem neuen Jahr gelten in Deutschland erste Teile der EU-weiten Mehrwertsteuer-Reform f\u00fcr die digitale Wirtschaft. Die sogenannte <strong>ViDA-Richtlinie<\/strong> bringt neue Regeln f\u00fcr virtuelle Events und bereitet den Weg f\u00fcr eine grundlegende Steuerpflicht von Plattformen wie Airbnb und Uber vor.<\/p>\n<p><strong>Berlin<\/strong> \u2013 Mit dem Jahreswechsel hat eine der gr\u00f6\u00dften Mehrwertsteuer-Reformen der EU begonnen, die den digitalen Handel in Europa grundlegend ver\u00e4ndern wird. Deutschland setzt nun die ersten Teile des \u201eVAT in the Digital Age\u201c-Pakets (ViDA) um. W\u00e4hrend das Kernst\u00fcck \u2013 die Steuerhaftung f\u00fcr Plattformen \u2013 erst 2028 voll greift, sind seit dem 1. Januar 2026 bereits neue Regeln f\u00fcr <strong>virtuelle Veranstaltungen<\/strong> in Kraft. Sie gelten als erster Praxistest f\u00fcr die digitale Steuerarchitektur.<\/p>\n<p>Ab sofort gilt f\u00fcr die rein virtuelle Teilnahme an Events wie Webinaren, Online-Konferenzen oder Livestreams das strikte <strong>Bestimmungslandprinzip<\/strong>. Die Mehrwertsteuer ist nun in dem EU-Land f\u00e4llig, in dem der private Endkunde wohnt. F\u00fcr deutsche Anbieter bedeutet das: Sie m\u00fcssen f\u00fcr jeden Teilnehmer in einem anderen EU-Staat den dort g\u00fcltigen Steuersatz berechnen und \u00fcber das EU-OSS-Portal abf\u00fchren.<\/p>\n<p>Anzeige<\/p>\n<p>Passend zum Thema ViDA\u2011Umsetzung: Die neuen Regeln f\u00fcr virtuelle Events und die Deemed\u2011Supplier\u2011Logik bringen komplexe Pflichten f\u00fcr Plattformen und Veranstalter. Ein kostenloser PDF\u2011Report erkl\u00e4rt in klaren Schritten, welche Melde\u2011 und Abrechnungs\u00adpflichten jetzt gelten, wie Sie das OSS\u2011Portal korrekt nutzen und welche Systemanpassungen in Ihren Abrechnungs\u2011prozessen n\u00f6tig sind. Enthalten: Checkliste f\u00fcr den Praxis\u2011Umstieg und Hinweise zur Vorbereitung auf 2028. <strong><a href=\"https:\/\/www.unternehmenssteuer-infos.de\/ebooks\/umsatzsteuer\/?af=KOOP_MFW_SUB_DNV_YES_UMSATZSTEUER_X-CWAHN-BGPID_710673\" rel=\"noopener nofollow\" style=\"color: #337ab7 !important; font-weight: bold; text-decoration: underline;\" target=\"_blank\">Jetzt kostenlosen Umsatzsteuer-Report sichern<\/a><\/strong><\/p>\n<p>Bisher konnte der Steuerort oft am Sitz des Veranstalters oder am physischen Veranstaltungsort liegen. \u201eDie \u00c4nderung bei virtuellen Events ist der erste Stresstest f\u00fcr die neue Mehrwertsteuer-Architektur der digitalen Wirtschaft\u201c, kommentieren Steuerexperten. Plattformen und Veranstalter m\u00fcssen nun den Standort jedes Teilnehmers genau identifizieren \u2013 eine Anforderung, die unter dem vollen ViDA-Regime zur Regel werden wird.<\/p>\n<p>Deutschland bereitet \u201eDeemed Supplier\u201c-Modell f\u00fcr 2028 vor<\/p>\n<p>Das Herzst\u00fcck der Reform ist das <strong>\u201eDeemed Supplier\u201c-Modell<\/strong>. Es wird die Steuerhaftung in der Plattform-\u00d6konomie revolutionieren. Ab dem 1. Juli 2028 werden Plattformen in den Bereichen Kurzzeitunterk\u00fcnfte und Personenbef\u00f6rderung steuerlich als Lieferant behandelt, wenn der eigentliche Anbieter \u2013 etwa eine Privatperson \u2013 keine Mehrwertsteuer ausweist. Die Steuereinzugsverantwortung wechselt damit vom einzelnen Gastgeber oder Fahrer zur digitalen Plattform.<\/p>\n<p>Deutschland hat nun mit der nationalen Umsetzung dieser EU-Vorgaben ins Umsatzsteuergesetz begonnen. Ob die Bundesregierung die Regelung bereits vor 2028 anwenden wird, ist noch offen. Das Finanzministerium wird dazu einen detaillierten Fahrplan vorlegen. Steuerbeh\u00f6rden erwarten in den kommenden Monaten erste Entw\u00fcrfe f\u00fcr Leitlinien, um den Plattformen gen\u00fcgend Vorlauf f\u00fcr die Anpassung ihrer Abrechnungs- und ERP-Systeme zu geben.<\/p>\n<p>ViDA-Start f\u00e4llt mit nationalen Steuer\u00e4nderungen zusammen<\/p>\n<p>Der Beginn der ViDA-Umsetzung f\u00e4llt mit weiteren \u00c4nderungen im deutschen Steuerrecht zusammen. Zur Unterst\u00fctzung der Gastronomie sinkt der <strong>Mehrwertsteuersatz f\u00fcr Restaurant- und Cateringleistungen<\/strong> (ohne Getr\u00e4nke) wieder auf 7 Prozent. Zudem wurde die <strong>Pendlerpauschale<\/strong> auf 38 Cent ab dem ersten Kilometer erh\u00f6ht.<\/p>\n<p>F\u00fcr Unternehmen entsteht so ein komplexes Umfeld. \u201eDie Vorlaufzeit f\u00fcr die Implementierung der Deemed-Supplier-Logik ist erheblich\u201c, warnten Branchenberater. \u201ePlattformen m\u00fcssen sich jetzt auf eine Doppelrolle vorbereiten: Sie sind digitaler Vermittler und steuerlicher Erf\u00fcllungsgehilfe.\u201c Der Fokus liegt nun auf dem schrittweisen Rollout der verbleibenden ViDA-S\u00e4ulen, darunter die E-Rechnungspflicht und die digitale Meldung im grenz\u00fcberschreitenden Handel.<\/p>\n<p>Anzeige<\/p>\n<p>PS: Plattformanbieter und Gastgewerbe sollten jetzt handeln: Der Gratis\u2011Leitfaden zur Umsatzsteuer erkl\u00e4rt, wie Sie grenz\u00fcberschreitende Teilnehmer korrekt besteuern, wann E\u2011Rechnungspflichten greifen und welche Fehler teure Nachzahlungen provozieren k\u00f6nnen. Mit enthalten: Muster\u2011Checkliste, Praxisbeispiele und ein Vorbereitungsfahrplan f\u00fcr ERP\u2011Anpassungen. <strong><a href=\"https:\/\/www.unternehmenssteuer-infos.de\/ebooks\/umsatzsteuer\/?af=KOOP_MFW_SUB_DNV_YES_UMSATZSTEUER_X-CWAHN-BGPID_710673\" rel=\"noopener nofollow\" style=\"color: #337ab7 !important; font-weight: bold; text-decoration: underline;\" target=\"_blank\">Umsatzsteuer-Guide f\u00fcr Plattformen herunterladen<\/a><\/strong><\/p>\n","protected":false},"excerpt":{"rendered":"Ab dem neuen Jahr gelten in Deutschland erste Teile der EU-weiten Mehrwertsteuer-Reform f\u00fcr die digitale Wirtschaft. Die sogenannte&hellip;\n","protected":false},"author":2,"featured_media":688839,"comment_status":"","ping_status":"","sticky":false,"template":"","format":"standard","meta":{"footnotes":""},"categories":[2],"tags":[331,3924,332,3922,3364,29,30,13,14,3923,15,3921,159391,12,1106,145013],"class_list":{"0":"post-688838","1":"post","2":"type-post","3":"status-publish","4":"format-standard","5":"has-post-thumbnail","7":"category-deutschland","8":"tag-aktuelle-nachrichten","9":"tag-aktuelle-nachrichten-aus-deutschland","10":"tag-aktuelle-news","11":"tag-aktuelle-news-aus-deutschland","12":"tag-de","13":"tag-deutschland","14":"tag-germany","15":"tag-headlines","16":"tag-nachrichten","17":"tag-nachrichten-aus-deutschland","18":"tag-news","19":"tag-news-aus-deutschland","20":"tag-plattform-oekonomie-steuer","21":"tag-schlagzeilen","22":"tag-umsetzung","23":"tag-vida-reform"},"share_on_mastodon":{"url":"https:\/\/pubeurope.com\/@de\/115828154970455800","error":""},"_links":{"self":[{"href":"https:\/\/www.europesays.com\/de\/wp-json\/wp\/v2\/posts\/688838","targetHints":{"allow":["GET"]}}],"collection":[{"href":"https:\/\/www.europesays.com\/de\/wp-json\/wp\/v2\/posts"}],"about":[{"href":"https:\/\/www.europesays.com\/de\/wp-json\/wp\/v2\/types\/post"}],"author":[{"embeddable":true,"href":"https:\/\/www.europesays.com\/de\/wp-json\/wp\/v2\/users\/2"}],"replies":[{"embeddable":true,"href":"https:\/\/www.europesays.com\/de\/wp-json\/wp\/v2\/comments?post=688838"}],"version-history":[{"count":0,"href":"https:\/\/www.europesays.com\/de\/wp-json\/wp\/v2\/posts\/688838\/revisions"}],"wp:featuredmedia":[{"embeddable":true,"href":"https:\/\/www.europesays.com\/de\/wp-json\/wp\/v2\/media\/688839"}],"wp:attachment":[{"href":"https:\/\/www.europesays.com\/de\/wp-json\/wp\/v2\/media?parent=688838"}],"wp:term":[{"taxonomy":"category","embeddable":true,"href":"https:\/\/www.europesays.com\/de\/wp-json\/wp\/v2\/categories?post=688838"},{"taxonomy":"post_tag","embeddable":true,"href":"https:\/\/www.europesays.com\/de\/wp-json\/wp\/v2\/tags?post=688838"}],"curies":[{"name":"wp","href":"https:\/\/api.w.org\/{rel}","templated":true}]}}