{"id":689024,"date":"2026-01-03T01:29:12","date_gmt":"2026-01-03T01:29:12","guid":{"rendered":"https:\/\/www.europesays.com\/de\/689024\/"},"modified":"2026-01-03T01:29:12","modified_gmt":"2026-01-03T01:29:12","slug":"woche-der-einheit-der-christen-gemeinsam-beten-feiern-hoffen","status":"publish","type":"post","link":"https:\/\/www.europesays.com\/de\/689024\/","title":{"rendered":"Woche der Einheit der Christen: Gemeinsam beten, feiern, hoffen"},"content":{"rendered":"<p>Die Gebetswoche f\u00fcr die Einheit der Christen verbindet weltweit Christinnen und Christen unterschiedlicher Konfessionen. Jedes Jahr findet sie vom 18. bis 25. Januar statt \u2013 eine Zeit, in der Kirchen vieler Traditionen gemeinsam f\u00fcr Vers\u00f6hnung, Zusammenhalt und ein sichtbares Miteinander beten. Getragen wird die Gebetswoche vom \u00d6kumenischen Rat der Kirchen und von der r\u00f6misch-katholischen Kirche, inhaltlich vorbereitet wird sie j\u00e4hrlich von wechselnden \u00f6kumenischen Gruppen aus aller Welt. F\u00fcr das Jahr 2026 stammen die Materialien von der Armenisch-Apostolischen Orthodoxen Kirche, der Armenisch-Katholischen Kirche und der Evangelischen Kirche. Im Mittelpunkt steht das biblische Leitwort \u201eEin Leib und ein Geist, wie ihr auch berufen seid zu einer Hoffnung in eurer Berufung\u201c aus dem Epheserbrief. In K\u00f6ln und der Region laden mehrere evangelische Gemeinden zu \u00f6kumenischen Gottesdiensten ein, in denen dieses Hoffnungswort aufgegriffen und miteinander gefeiert wird.<\/p>\n<p>21.01.2026, 19:00<br \/><strong>Evangelische Trinitatis-Kirchengemeinde an der Erft<br \/><\/strong>Kulturkapelle St. Georg, Hauptstra\u00dfe 67, 50126 Bergheim<br \/><strong>\u00d6kumenischer Gottesdienst zur Gebetswoche<br \/>Christen beten gemeinsam f\u00fcr Einheit<br \/><\/strong>Zur Gebetswoche f\u00fcr die Einheit der Christen l\u00e4dt die Evangelische Trinitatis-Kirchengemeinde an der Erft am Mittwoch, 21. Januar, 19 Uhr, in die Kulturkapelle St. Georg, Hauptstra\u00dfe 67, in Bergheim, ein. Unter dem biblischen Motto \u201eEin Leib und ein Geist, wie ihr auch berufen seid zu einer Hoffnung in eurer Berufung\u201c (Epheser 4,4) gestalten Pfarrer Martin Trautner, Pfarrer Franz-Josef Freericks und Gemeindevorsteher Thomas Kraus gemeinsam mit Vertreterinnen und Vertretern verschiedener kirchlicher Traditionen den \u00f6kumenischen Gottesdienst.<br \/><a href=\"http:\/\/www.trinitatis-kirchengemeinde.de\" target=\"_blank\" rel=\"noopener\">www.trinitatis-kirchengemeinde.de<\/a><\/p>\n<p>25.01.2026, 11:30<br \/><strong>Evangelische Kirchengemeinde M\u00fclheim am Rhein<br \/><\/strong>Kreuzkirche, K\u00f6ln-Buchheim, Wuppertaler Stra\u00dfe 21, 51067 K\u00f6ln<br \/><strong>\u00d6kumenischer Gottesdienst zur Einheit der Christen<br \/>Mit Pr\u00e4dikant Hartmut R\u00f6sler<br \/><\/strong>Aus Anlass der Woche f\u00fcr die Einheit der Christen (18. bis 25. Januar) l\u00e4dt die Evangelische Kirchengemeinde M\u00fclheim am Rhein am Sonntag, 25. Januar, 11.30 Uhr, zu einem \u00f6kumenischen Gottesdienst in die Kreuzkirche Buchheim, Wuppertaler Stra\u00dfe 21, ein. Pr\u00e4dikant Hartmut R\u00f6sler gestaltet die Liturgie.<br \/><a href=\"http:\/\/www.kirche-koeln-muelheim.de\" target=\"_blank\" rel=\"noopener\">www.kirche-koeln-muelheim.de<\/a><\/p>\n<p>25.01.2026, 18:00<br \/><strong>Evangelische Kirchengemeinde K\u00f6ln-H\u00f6henhaus<br \/><\/strong>Pauluskirche H\u00f6henhaus, Dreisamweg 9, 51061 K\u00f6ln<br \/><strong>\u00d6kumenischer Gottesdienst zur Einheit der Christinnen und Christen<br \/>Gemeinsames Feiern im Rahmen der weltweiten Gebetswoche<br \/><\/strong>Zum \u00f6kumenischen Gottesdienst zur Einheit der Christinnen und Christen l\u00e4dt die Evangelische Kirchengemeinde K\u00f6ln-H\u00f6henhaus am Sonntag, 25. Januar, 18 Uhr, in die Pauluskirche, Dreisamweg 9, ein. Der Abend steht im Zeichen der weltweiten Gebetswoche, die 2026 von der Armenisch-Apostolischen Orthodoxen Kirche gemeinsam mit der Armenisch-Katholischen und der Evangelischen Kirche vorbereitet wurde. Unter dem Leitwort aus dem Epheserbrief \u201eEin Leib und ein Geist \u2026\u201c feiern die Gemeinden aus H\u00f6henhaus und D\u00fcnnwald zusammen, lernen einander besser kennen und empfangen die neuen \u00d6kumene-Kerzen f\u00fcr ihre Kirchen. Die gastgebende Gemeinde freut sich auf viele Mitfeiernde.<br \/><a href=\"http:\/\/www.kirche-hoehenhaus.de\" target=\"_blank\" rel=\"noopener\">www.kirche-hoehenhaus.de<\/a><\/p>\n<p><a href=\"#\" rel=\"nofollow\" onclick=\"window.print(); return false;\" title=\"Printer Friendly, PDF &amp; Email\"><img decoding=\"async\" src=\"https:\/\/www.europesays.com\/de\/wp-content\/uploads\/2025\/04\/printfriendly-icon-lg.png\" alt=\"Print Friendly, PDF &amp; Email\" class=\"pf-button-img\" style=\"width: 25px;height: 25px;\"\/>Drucken<\/a><\/p>\n<p>Text: APK<br \/>Foto(s): APK\/Canva<\/p>\n","protected":false},"excerpt":{"rendered":"Die Gebetswoche f\u00fcr die Einheit der Christen verbindet weltweit Christinnen und Christen unterschiedlicher Konfessionen. Jedes Jahr findet sie&hellip;\n","protected":false},"author":2,"featured_media":689025,"comment_status":"","ping_status":"","sticky":false,"template":"","format":"standard","meta":{"footnotes":""},"categories":[1828],"tags":[40003,159420,159421,121305,159422,29,159423,159424,10479,159425,159426,159427,159428,159429,30,159430,159431,159432,159433,159434,1420,159435,159436,1209,49167,159437,54707,159438,159439],"class_list":{"0":"post-689024","1":"post","2":"type-post","3":"status-publish","4":"format-standard","5":"has-post-thumbnail","7":"category-koeln","8":"tag-40003","9":"tag-armenisch-apostolische-kirche","10":"tag-armenisch-katholische-kirche","11":"tag-christliche-einheit","12":"tag-christliche-spiritualitaet-koeln","13":"tag-deutschland","14":"tag-einheit-der-christinnen-und-christen","15":"tag-epheser-4","16":"tag-evangelische-kirche-koeln","17":"tag-evangelische-kirchengemeinde-muelheim-am-rhein","18":"tag-evangelische-trinitatis-kirchengemeinde-an-der-erft","19":"tag-gebetswoche-fuer-die-einheit-der-christen","20":"tag-gebetswoche-januar","21":"tag-gemeinden-feiern-oekumene","22":"tag-germany","23":"tag-hoffnung-in-eurer-berufung","24":"tag-kirchen-in-bergheim","25":"tag-kirchengemeinde-koeln-hoehenhaus","26":"tag-kirchenregion-koeln-und-region","27":"tag-kirchenveranstaltung-koeln","28":"tag-koeln","29":"tag-kreuzkirche-buchheim","30":"tag-kulturkapelle-st-georg","31":"tag-nordrhein-westfalen","32":"tag-oekumene-koeln","33":"tag-oekumenische-begegnung","34":"tag-oekumenischer-gottesdienst","35":"tag-oekumenischer-rat-der-kirchen","36":"tag-pauluskirche-hoehenhaus"},"share_on_mastodon":{"url":"","error":"Validation failed: Text character limit of 500 exceeded"},"_links":{"self":[{"href":"https:\/\/www.europesays.com\/de\/wp-json\/wp\/v2\/posts\/689024","targetHints":{"allow":["GET"]}}],"collection":[{"href":"https:\/\/www.europesays.com\/de\/wp-json\/wp\/v2\/posts"}],"about":[{"href":"https:\/\/www.europesays.com\/de\/wp-json\/wp\/v2\/types\/post"}],"author":[{"embeddable":true,"href":"https:\/\/www.europesays.com\/de\/wp-json\/wp\/v2\/users\/2"}],"replies":[{"embeddable":true,"href":"https:\/\/www.europesays.com\/de\/wp-json\/wp\/v2\/comments?post=689024"}],"version-history":[{"count":0,"href":"https:\/\/www.europesays.com\/de\/wp-json\/wp\/v2\/posts\/689024\/revisions"}],"wp:featuredmedia":[{"embeddable":true,"href":"https:\/\/www.europesays.com\/de\/wp-json\/wp\/v2\/media\/689025"}],"wp:attachment":[{"href":"https:\/\/www.europesays.com\/de\/wp-json\/wp\/v2\/media?parent=689024"}],"wp:term":[{"taxonomy":"category","embeddable":true,"href":"https:\/\/www.europesays.com\/de\/wp-json\/wp\/v2\/categories?post=689024"},{"taxonomy":"post_tag","embeddable":true,"href":"https:\/\/www.europesays.com\/de\/wp-json\/wp\/v2\/tags?post=689024"}],"curies":[{"name":"wp","href":"https:\/\/api.w.org\/{rel}","templated":true}]}}