{"id":689026,"date":"2026-01-03T01:30:17","date_gmt":"2026-01-03T01:30:17","guid":{"rendered":"https:\/\/www.europesays.com\/de\/689026\/"},"modified":"2026-01-03T01:30:17","modified_gmt":"2026-01-03T01:30:17","slug":"1-fc-koeln-trifft-in-la-nucia-ein-lukas-kwasniok-freut-sich-ueber-die-richtige-wahl","status":"publish","type":"post","link":"https:\/\/www.europesays.com\/de\/689026\/","title":{"rendered":"1. FC K\u00f6ln trifft in La Nucia ein:\u00a0Lukas Kwasniok freut sich \u00fcber \u201edie richtige Wahl\u201c"},"content":{"rendered":"<p class=\"dm-paragraph my-8 dm-article-content-width\" index=\"0\" should-collapse-on-mobile=\"true\" has-padding=\"\" data-v-586984a4=\"\">Oberhalb der endlosen Sandstr\u00e4nde der Costa Blanca erhebt sich die Sierra de Aitana. Die Gebirgskette ist ein Paradies f\u00fcr Naturliebhaber und bietet bei klarem Wetter einen herrlichen Blick aufs Mittelmeer. Am Fu\u00dfe der Berge liegt das St\u00e4dtchen La Nucia, das im historischen Kern mit seinen wei\u00dfen H\u00e4usern und seinen engen, gepflasterten Gassen einen mediterranen Charme verspr\u00fcht. Die 20.000 Einwohner z\u00e4hlende Gemeinde bildet einen Gegenentwurf zum touristischen Trubel von Benidorm, wo sich in nur zehn Kilometer Entfernung Hotelhochbauten aufreihen. Wer nach La Nucia kommt, m\u00f6chte Spanien in seiner traditionellen Art erleben.<\/p>\n<p class=\"dm-paragraph my-8 dm-article-content-width\" index=\"1\" should-collapse-on-mobile=\"true\" has-padding=\"\" data-v-586984a4=\"\">Oder aber die f\u00fcr Sportmannschaften perfekten Trainingsbedingungen genie\u00dfen. 2012 wurde der Gemeinde aus der Provinz Alicante die Auszeichnung Europ\u00e4ische Sportstadt verliehen, mit der 56 Millionen Euro teuren Sportstadt Camilo Cano setzt La Nucia Ma\u00dfst\u00e4be. Der 400.000 Quadratmeter gro\u00dfe Komplex umfasst unter anderem zahlreiche Fu\u00dfballfelder, deren Qualit\u00e4t Vereine aus ganz Europa anlockt. Einer von ihnen ist der <a href=\"https:\/\/www.rundschau-online.de\/sport\/1-fc-koeln\" target=\"_blank\" rel=\"noopener\">1. FC K\u00f6ln<\/a>, der sich seit Freitag in La Nucia auf die zweite Saisonh\u00e4lfte in der <a href=\"https:\/\/www.rundschau-online.de\/themen\/fussball-bundesliga\" target=\"_blank\" rel=\"noopener\">Fu\u00dfball-Bundesliga<\/a> vorbereitet.<\/p>\n<blockquote class=\"dm-blockquote__quote-text\" data-v-3a231a3f=\"\"><p>Es geht darum, in Heidenheim auf den Punkt da zu sein. Daf\u00fcr wollen wir die Woche optimal nutzen.<\/p><\/blockquote>\n<p>Lukas Kwasniok, FC-Trainer<\/p>\n<p class=\"dm-paragraph my-8 dm-article-content-width\" index=\"3\" should-collapse-on-mobile=\"true\" has-padding=\"\" data-v-586984a4=\"\">Am fr\u00fchen Nachmittag trafen Lukas Kwasniok und seine Spieler am F\u00fcnf-Sterne-Hotel Barcelo La Nucia Hills ein, das dem Aufsteiger eine Woche lang als Herberge dient. Das Camilo Cano, auf dem der FC am sp\u00e4ten Nachmittag seine erste Trainingseinheit des neuen Jahres abhielt, liegt nur ein paar Autominuten entfernt. Das Gel\u00e4nde gleicht derzeit einer Gro\u00dfbaustelle \u2013 offenbar ist man in La Nucia fest gewillt, seinen Status als Trainingslagerhochburg weiter auszubauen.<\/p>\n<p class=\"dm-paragraph my-8 dm-article-content-width\" index=\"4\" should-collapse-on-mobile=\"true\" has-padding=\"\" data-v-586984a4=\"\">Die Costa Blanca nahm die G\u00e4ste aus dem eisigen Rheinland bei milden 15 Grad Celsius in Empfang, der Himmel pr\u00e4sentierte sich \u00fcberwiegend wolkig. Die Wettervorhersage f\u00fcr die n\u00e4chsten Tage f\u00e4llt allerdings wechselhaft aus. F\u00fcr Sonntag und Montag ist teils kr\u00e4ftiger Niederschlag angek\u00fcndigt. Den perfekt hergerichteten Rasenpl\u00e4tzen des Camilo Cano steht demnach wohl eine Belastungsprobe bevor. Mitte kommender Woche soll sich das Wetter wieder stabilisieren.<\/p>\n<p class=\"dm-paragraph my-8 dm-article-content-width\" index=\"5\" should-collapse-on-mobile=\"true\" has-padding=\"\" data-v-586984a4=\"\">Zum Start ins Trainingslager belie\u00df es Lukas Kwasniok bei einem lockeren Einstieg; das erste Mannschaftstraining nach zweiw\u00f6chiger Pause dauerte rund 90 Minuten und diente in erster Linie der k\u00f6rperlichen Aktivierung. Mit Ausnahme von Innenverteidiger Joel Schmied, der seine Reha am Rande des Trainingslagers fortsetzt, konnten alle aktuell verf\u00fcgbaren Spieler an der Einheit teilnehmen.<\/p>\n<blockquote class=\"dm-blockquote__quote-text\" data-v-3a231a3f=\"\"><p>Dass wir im hinteren Bereich aufgrund der Verletzungen einen gewissen Bedarf haben, steht au\u00dfer Frage. Aber auch f\u00fcr den Fall der F\u00e4lle, dass niemand Neues mehr dazusto\u00dfen sollte, glaube ich, dass wir gewappnet sind.<\/p><\/blockquote>\n<p>Lukas Kwasniok, FC-Trainer<\/p>\n<p class=\"dm-paragraph my-8 dm-article-content-width\" index=\"7\" should-collapse-on-mobile=\"true\" has-padding=\"\" data-v-586984a4=\"\">Im Anschluss an den Aufgalopp zeigte sich K\u00f6lns Trainer angetan von den bisherigen Eindr\u00fccken im S\u00fcdosten Spaniens: \u201eIch finde, die Rahmenbedingungen sind top. Wenn man sich die Witterungsbedingungen in Deutschland anschaut, haben wir, glaube ich, die richtige Wahl getroffen\u201c, freute sich Lukas Kwasniok, der f\u00fcr die kommenden Tage ein umfangreiches Programm ank\u00fcndigte: \u201eWir haben keine Zeit. In sieben Tagen geht es in Heidenheim weiter, das ist kein so leichtes Unterfangen. Es geht darum, in Heidenheim auf den Punkt da zu sein. Daf\u00fcr wollen wir die Woche optimal nutzen.\u201c<\/p>\n<p class=\"dm-paragraph my-8 dm-article-content-width\" index=\"8\" should-collapse-on-mobile=\"true\" has-padding=\"\" data-v-586984a4=\"\">Kwasniok \u00e4u\u00dferte sich auch zu m\u00f6glichen Neuzug\u00e4ngen: \u201eWir sind schon am Werkeln, aber der Wintertransfermarkt ist komplex. Dass wir im hinteren Bereich aufgrund der Verletzungen einen gewissen Bedarf haben, steht au\u00dfer Frage. Aber auch f\u00fcr den Fall der F\u00e4lle, dass niemand Neues mehr dazusto\u00dfen sollte, glaube ich, dass wir gewappnet sind. Das ist meine Aufgabe, daf\u00fcr werde ich gut bezahlt.\u201c Weitere Abg\u00e4nge neben Jusuf Gazibegovic zeichneten sich derzeit nicht ab. Es sei \u201enichts im Busch\u201c, berichtete Kwasniok und f\u00fcgte an: \u201eIch habe auch nicht den Eindruck, dass jemand unbedingt weg m\u00f6chte.\u201c<\/p>\n","protected":false},"excerpt":{"rendered":"Oberhalb der endlosen Sandstr\u00e4nde der Costa Blanca erhebt sich die Sierra de Aitana. Die Gebirgskette ist ein Paradies&hellip;\n","protected":false},"author":2,"featured_media":689027,"comment_status":"","ping_status":"","sticky":false,"template":"","format":"standard","meta":{"footnotes":""},"categories":[1828],"tags":[29,30,1420,1209],"class_list":{"0":"post-689026","1":"post","2":"type-post","3":"status-publish","4":"format-standard","5":"has-post-thumbnail","7":"category-koeln","8":"tag-deutschland","9":"tag-germany","10":"tag-koeln","11":"tag-nordrhein-westfalen"},"share_on_mastodon":{"url":"https:\/\/pubeurope.com\/@de\/115828583816660959","error":""},"_links":{"self":[{"href":"https:\/\/www.europesays.com\/de\/wp-json\/wp\/v2\/posts\/689026","targetHints":{"allow":["GET"]}}],"collection":[{"href":"https:\/\/www.europesays.com\/de\/wp-json\/wp\/v2\/posts"}],"about":[{"href":"https:\/\/www.europesays.com\/de\/wp-json\/wp\/v2\/types\/post"}],"author":[{"embeddable":true,"href":"https:\/\/www.europesays.com\/de\/wp-json\/wp\/v2\/users\/2"}],"replies":[{"embeddable":true,"href":"https:\/\/www.europesays.com\/de\/wp-json\/wp\/v2\/comments?post=689026"}],"version-history":[{"count":0,"href":"https:\/\/www.europesays.com\/de\/wp-json\/wp\/v2\/posts\/689026\/revisions"}],"wp:featuredmedia":[{"embeddable":true,"href":"https:\/\/www.europesays.com\/de\/wp-json\/wp\/v2\/media\/689027"}],"wp:attachment":[{"href":"https:\/\/www.europesays.com\/de\/wp-json\/wp\/v2\/media?parent=689026"}],"wp:term":[{"taxonomy":"category","embeddable":true,"href":"https:\/\/www.europesays.com\/de\/wp-json\/wp\/v2\/categories?post=689026"},{"taxonomy":"post_tag","embeddable":true,"href":"https:\/\/www.europesays.com\/de\/wp-json\/wp\/v2\/tags?post=689026"}],"curies":[{"name":"wp","href":"https:\/\/api.w.org\/{rel}","templated":true}]}}