{"id":689029,"date":"2026-01-03T01:32:21","date_gmt":"2026-01-03T01:32:21","guid":{"rendered":"https:\/\/www.europesays.com\/de\/689029\/"},"modified":"2026-01-03T01:32:21","modified_gmt":"2026-01-03T01:32:21","slug":"winterparadies-mit-dem-mvv-kommen-sie-jetzt-bis-garmisch-partenkirchen","status":"publish","type":"post","link":"https:\/\/www.europesays.com\/de\/689029\/","title":{"rendered":"Winterparadies: Mit dem MVV kommen Sie jetzt bis Garmisch-Partenkirchen"},"content":{"rendered":"<p>Erste (und wichtigste) Lektion, bevor Sie mit dem Zug von M\u00fcnchen 80 Kilometer nach S\u00fcdwesten in dieses oberbayerische Postkarten-Idyll reisen: Sagen Sie dort unter keinen Umst\u00e4nden nur &#8222;Garmisch&#8220; \u2013 zumindest nicht zur B\u00fcrgermeisterin, so wie es der AZ-Reporterin passiert ist. Das ist n\u00e4mlich die H\u00f6he in dem Ort mit dem h\u00f6chsten Berg Deutschlands! Auf das 1935 mit Garmisch vereinte &#8222;Partenkirchen&#8220; (&#8222;mit r&#8220;) nach dem Bindestrich besteht B\u00fcrgermeisterin Elisabeth Koch.<\/p>\n<p>Ansonsten k\u00f6nne man hier nicht viel falsch machen, findet die Ortschefin. Au\u00dfer nicht hinzufahren. Welche Sehensw\u00fcrdigkeit empfiehlt Koch M\u00fcnchnern? &#8222;Mei, alles ist sch\u00f6n. Aber der neue Skilift Kreuzwankl ist schon eine Schau.&#8220; Seit Koch 2020 zum Oberhaupt des Marktes mit knapp 30.000 Einwohnern gew\u00e4hlt wurde, sucht sie statt Brettl-Gaudi mit Gipsbein-Gefahr den Naturgenuss auf Schneeschuhen.<\/p>\n<p>Im Schatten der Zugspitze l\u00e4sst sich gut alt werden<\/p>\n<p>Zweierlei Paar Schuhe sind M\u00fcnchen und Garmisch-Partenkirchen zweifellos. Koch hat den direkten Vergleich: W\u00e4hrend ihres Jurastudiums lebte sie in der bayerischen Landeshauptstadt, &#8222;genauer gesagt in der Barer Stra\u00dfe in der Maxvorstadt \u00fcber einem persischen Waschsalon&#8220;, erinnert sie sich. &#8222;Das war eine sehr freie und sch\u00f6ne Zeit.&#8220; Im Schatten der Zugspitze l\u00e4sst es sich offenbar gut alt werden.<\/p>\n<p>Mit 47,7 Jahren Durchschnittsalter liegen die Garmisch-Partenkirchener mehr als drei Jahre \u00fcber dem bayerischen Schnitt. Aber der Ort w\u00e4chst: 638 Menschen starben 2025 (Stand: 9. Dezember), 1073 kamen zur Welt. Au\u00dferdem gab es 263 Hochzeiten. Die Hoch-Zeit f\u00fcr Touristen ist im August. Im Jahr 2024 wurden \u00fcber 1,6 Millionen \u00dcbernachtungen von G\u00e4sten aus \u00fcber 100 verschiedenen L\u00e4ndern verbucht.<\/p>\n<p>Hier schl\u00e4ft die Welt: Die Top 4 &#8222;Quellm\u00e4rkte&#8220;, so nennen das Tourismus-Experten, sind die USA, arabische L\u00e4nder, Gro\u00dfbritannien und die Niederlande. So weit die Fakten, so gut.<\/p>\n<p>Heimat der L\u00fcftlmalerei und des Skisprungs<\/p>\n<p>Aber was kann man in dem kleinen Ort mit L\u00fcftlmalerei, Skisprungschanze und dem langen Doppelnamen erleben? Das Tourismusb\u00fcro betont: &#8222;Wir sind eine Ganzjahresdestination.&#8220; F\u00fcr die volle Erfahrung muss man also gleich \u00f6fters in den Markt fahren. Im Sommer besteigen Touristen die Zugspitze, das Kreuzeck oder die Alpspitze. Im Winter carven sie auf zwei Brettern rund 60 Pistenkilometer die Berge runter.<\/p>\n<p>Die gro\u00dfen Skiclubs Garmisch und Partenkirchen pr\u00e4gen den Ort. In zweiterem sind die Mitglieder zwischen einem und 96 Jahren alt. Die Garmisch-Partenkirchner sind ein skinarrisches Volk. Manche mutma\u00dfen, dass man hier mit zwei Brettern an den F\u00fc\u00dfen geboren wird.<\/p>\n<p>Kurpark soll nach der t\u00f6dlich verungl\u00fcckten Biathlon-Legende Laura Dahlmeier benannt werden<\/p>\n<p>Im Skiclub Partenkirchen lernte <a href=\"https:\/\/www.abendzeitung-muenchen.de\/person\/felix-neureuther\/\" target=\"_blank\" rel=\"noopener\">Felix Neureuther<\/a>, wie man Slalomstangen wegboxt, sein Vater <a href=\"https:\/\/www.abendzeitung-muenchen.de\/person\/christian-neureuther\/\" target=\"_blank\" rel=\"noopener\">Christian Neureuther<\/a> den H\u00fcftknick beim Wedeln und Biathletin Laura Dahlmeier den dynamischen Stockeinsatz. Nach der im Juli 2025 t\u00f6dlich verungl\u00fcckten Doppel-Olympiasiegerin soll Ende Februar der Kurpark umbenannt werden.<\/p>\n<p>     <img decoding=\"async\" loading=\"lazy\" src=\"https:\/\/www.europesays.com\/de\/wp-content\/uploads\/2026\/01\/1642214_maria-ski_artikelbild-75proz_1FlZMi_Jilkm8.jpg\" alt=\"Ganz sch\u00f6n goldig beziehungsweise pink: Skirennl\u00e4uferin Maria H\u00f6fl-Riesch bei einem ihrer ersten Versuche auf zwei Brettern in ihrer Heimat Garmisch-Partenkirchen.\" title=\"Ganz sch\u00f6n goldig beziehungsweise pink: Skirennl\u00e4uferin Maria H\u00f6fl-Riesch bei einem ihrer ersten Versuche auf zwei Brettern in ihrer Heimat Garmisch-Partenkirchen.\" width=\"609\" height=\"895\"\/><\/p>\n<p>      Ganz sch\u00f6n goldig beziehungsweise pink: Skirennl\u00e4uferin Maria H\u00f6fl-Riesch bei einem ihrer ersten Versuche auf zwei Brettern in ihrer Heimat Garmisch-Partenkirchen.<br \/>\n      \u00a9 privat<\/p>\n<p>    Ganz sch\u00f6n goldig beziehungsweise pink: Skirennl\u00e4uferin Maria H\u00f6fl-Riesch bei einem ihrer ersten Versuche auf zwei Brettern in ihrer Heimat Garmisch-Partenkirchen.<\/p>\n<p>von privat <\/p>\n<p>&#8222;}&#8220;&gt; <\/p>\n<p>F\u00fcr <a href=\"https:\/\/www.abendzeitung-muenchen.de\/person\/maria-hoefl-riesch\/\" target=\"_blank\" rel=\"noopener\">Maria H\u00f6fl-Riesch<\/a>, dreifach olympiagold-dekoriert, war es &#8222;mein gro\u00dfes Gl\u00fcck&#8220;, direkt neben Liften aufgewachsen zu sein. Die 42-J\u00e4hrige hat ein Fleckerl Garmisch-Partenkirchen parat, das sie den AZ-Lesern empfiehlt: &#8222;Eine Wanderung am Eibsee lohnt sich immer. Am besten ist es, man kommt in den Zwischensaisonen her, also im Fr\u00fchling oder Herbst.&#8220;<\/p>\n","protected":false},"excerpt":{"rendered":"Erste (und wichtigste) Lektion, bevor Sie mit dem Zug von M\u00fcnchen 80 Kilometer nach S\u00fcdwesten in dieses oberbayerische&hellip;\n","protected":false},"author":2,"featured_media":689030,"comment_status":"","ping_status":"","sticky":false,"template":"","format":"standard","meta":{"footnotes":""},"categories":[1827],"tags":[159440,3903,159441,772,29,24491,30,1268,159442,62827,1163,13156],"class_list":{"0":"post-689029","1":"post","2":"type-post","3":"status-publish","4":"format-standard","5":"has-post-thumbnail","7":"category-muenchen","8":"tag-alpenparadies","9":"tag-ausflug","10":"tag-ausflug-von-muenchen","11":"tag-bayern","12":"tag-deutschland","13":"tag-garmisch-partenkirchen","14":"tag-germany","15":"tag-muenchen","16":"tag-muenchen-garmisch-partenkirchen","17":"tag-mvv","18":"tag-tourismus","19":"tag-wandern"},"share_on_mastodon":{"url":"https:\/\/pubeurope.com\/@de\/115828591525561497","error":""},"_links":{"self":[{"href":"https:\/\/www.europesays.com\/de\/wp-json\/wp\/v2\/posts\/689029","targetHints":{"allow":["GET"]}}],"collection":[{"href":"https:\/\/www.europesays.com\/de\/wp-json\/wp\/v2\/posts"}],"about":[{"href":"https:\/\/www.europesays.com\/de\/wp-json\/wp\/v2\/types\/post"}],"author":[{"embeddable":true,"href":"https:\/\/www.europesays.com\/de\/wp-json\/wp\/v2\/users\/2"}],"replies":[{"embeddable":true,"href":"https:\/\/www.europesays.com\/de\/wp-json\/wp\/v2\/comments?post=689029"}],"version-history":[{"count":0,"href":"https:\/\/www.europesays.com\/de\/wp-json\/wp\/v2\/posts\/689029\/revisions"}],"wp:featuredmedia":[{"embeddable":true,"href":"https:\/\/www.europesays.com\/de\/wp-json\/wp\/v2\/media\/689030"}],"wp:attachment":[{"href":"https:\/\/www.europesays.com\/de\/wp-json\/wp\/v2\/media?parent=689029"}],"wp:term":[{"taxonomy":"category","embeddable":true,"href":"https:\/\/www.europesays.com\/de\/wp-json\/wp\/v2\/categories?post=689029"},{"taxonomy":"post_tag","embeddable":true,"href":"https:\/\/www.europesays.com\/de\/wp-json\/wp\/v2\/tags?post=689029"}],"curies":[{"name":"wp","href":"https:\/\/api.w.org\/{rel}","templated":true}]}}