{"id":689036,"date":"2026-01-03T01:36:18","date_gmt":"2026-01-03T01:36:18","guid":{"rendered":"https:\/\/www.europesays.com\/de\/689036\/"},"modified":"2026-01-03T01:36:18","modified_gmt":"2026-01-03T01:36:18","slug":"erneut-kaeltebus-angezuendet-verdaechtiger-mutmasslich-selbst-obdachlos","status":"publish","type":"post","link":"https:\/\/www.europesays.com\/de\/689036\/","title":{"rendered":"Erneut K\u00e4ltebus angez\u00fcndet \u2013 Verd\u00e4chtiger mutma\u00dflich selbst obdachlos"},"content":{"rendered":"<p class=\"expressive-copy-lg-body\">Erneut ist die Berliner Stadtmission Ziel eines Angriffs geworden. In einer Story auf Instagram teilte der Hilfsverein am Donnerstag mit, dass der dritte K\u00e4ltebus angez\u00fcndet wurde, ein Verd\u00e4chtiger jedoch gefasst werden konnte. \u201eWir gehen davon aus, dass das Grauen damit vorbei ist\u201c, sagt Stadtmission-Sprecherin Barbara Breuer. <\/p>\n<p class=\"expressive-copy-lg-body\">Den <a href=\"https:\/\/www.morgenpost.de\/berlin\/polizei-berlin\/\" target=\"_blank\" rel=\"noopener\">Polizei-Angaben<\/a> zufolge hatten zwei Zeugen den Mann am Donnerstag gegen 14.30 Uhr dabei beobachtet, wie er auf einem Parkplatz in der Lehrter Stra\u00dfe in <a href=\"https:\/\/www.morgenpost.de\/bezirke\/mitte\/\" target=\"_blank\" rel=\"noopener\">Moabit<\/a> an einem Bus hantierte. Kurze Zeit sp\u00e4ter war ein Feuer an dem Fahrzeug zu sehen. Die beiden Sicherheitsmitarbeiter der Stadtmission h\u00e4tten den mutma\u00dflichen Brandstifter festgehalten und den Brand gel\u00f6scht. Der K\u00e4ltebus sei stark besch\u00e4digt worden.<\/p>\n<p>  Erneut K\u00e4ltebus in Berlin angez\u00fcndet \u2013 Verd\u00e4chtiger selbst obdachlos<\/p>\n<p class=\"expressive-copy-lg-body\">Polizisten nahmen den 43 Jahre alten Mann fest. Eine Atemalkoholmessung ergab einen Wert von circa 1,6 Promille. F\u00fcr eine Blutentnahme wurde der Mann in ein Gewahrsam gebracht und anschlie\u00dfend f\u00fcr ein Brandkommissariat des Landeskriminalamtes eingeliefert. Er wurde im Laufe des Freitags einem Haftrichter zur Pr\u00fcfung eines Haftbefehls vorgef\u00fchrt, der auch erlassen wurde. \u201eInwieweit diese Tat mit einer \u00e4hnlich gelagerten Brandstiftung an einem K\u00e4ltebus am 28. Dezember im Zusammenhang stehen k\u00f6nnte, ist Gegenstand der laufenden Ermittlungen\u201c, teilte die Polizei mit. <\/p>\n<p>    <img decoding=\"async\" src=\"https:\/\/www.europesays.com\/de\/wp-content\/uploads\/2026\/01\/410802093_1766932048_v16_9_1200.jpeg\" class=\"relative z-10 block w-full object-cover aspect-[3\/4] md:aspect-[3\/4] lg:aspect-[3\/4]\" alt=\"K\u00e4ltebus Moabit\" title=\"Am vergangenen Wochenende wurde ein K\u00e4ltebus in Moabit angez\u00fcndet.\" loading=\"lazy\"\/><\/p>\n<p>\n      Am vergangenen Wochenende wurde ein K\u00e4ltebus in Moabit angez\u00fcndet.<br \/>\n      \u00a9 Berliner Stadtmission | Berliner Stadtmission\n    <\/p>\n<p class=\"expressive-copy-lg-body\">Der Tatverd\u00e4chtige habe die ungarische Staatsangeh\u00f6rigkeit und habe keinen festen Wohnsitz, wie die Polizei weiter erkl\u00e4rt \u2013 zuerst berichtete die \u201eB.Z.\u201c. Dar\u00fcber hinaus sei der Mann der Polizei bekannt \u2013 inwiefern, lie\u00df eine Sprecherin auf Anfrage der Berliner Morgenpost offen.<\/p>\n<p class=\"expressive-copy-lg-body\">Die Stadtmission schrieb auf Instagram, dass man dankbar sei, dass der Fall so vermutlich abgeschlossen werden k\u00f6nne und die Mitarbeitenden wieder sicher seien. \u201eDanke f\u00fcr euren Zuspruch und eure Unterst\u00fctzung in den letzten Tagen.\u201c<\/p>\n<p>Zwei K\u00e4ltebusse am vergangenen Wochenende in Brand gesteckt<\/p>\n<p class=\"expressive-copy-lg-body\"><a href=\"https:\/\/www.morgenpost.de\/berlin\/article410802173\/skrupellose-brandstiftung-kaeltebus-in-moabit-geht-in-flammen-auf.html\" data-category-full-path=\"https:\/\/www.morgenpost.de\/berlin\/\" data-paid-status=\"free\" data-article-publish-date=\"1766932048\" target=\"_blank\" rel=\"noopener\">Am vergangenen Wochenende waren zwei K\u00e4ltebusse angez\u00fcndet worden<\/a>. Danach erfuhr die Stadtmission gro\u00dfe Unterst\u00fctzung und viel Solidarit\u00e4t. \u201eAndere Tr\u00e4ger und Unternehmen aus Berlin haben ihre Hilfe angeboten\u201c, sagte Stadtmissionssprecherin Barbara Breuer. Auch Geldspenden seien angekommen. <\/p>\n<p>            Morgenpost der Chefredaktion<\/p>\n<p>Die ersten News des Tages \u2013 direkt von der Chefredaktion. Montag bis Samstag um 6:30 Uhr.<\/p>\n<p>            <img decoding=\"async\" src=\"https:\/\/www.europesays.com\/de\/wp-content\/uploads\/2025\/12\/1767015432_144_newsletter-envelope.png\" alt=\"Newsletter Illustration\" class=\"h-full w-full max-w-full object-cover md:max-w-[226px] lg:max-w-[234px]\" loading=\"lazy\"\/><\/p>\n<p>              Morgenpost der Chefredaktion<\/p>\n<p>Die ersten News des Tages \u2013 direkt von der Chefredaktion. Montag bis Samstag um 6:30 Uhr.<\/p>\n<p>              Mit meiner Anmeldung zum Newsletter stimme ich der<br \/>\n              <a href=\"https:\/\/www.morgenpost.de\/service\/newsletter-adconsent\" class=\"text-copy-accent underline decoration-solid underline-offset-1 hover:text-primary-700\" target=\"_blank\" rel=\"noopener\">Werbevereinbarung<\/a><br \/>\n              zu.<\/p>\n<p class=\"expressive-copy-lg-body\">Die Gebewo, ein sozialer Tr\u00e4ger, der ebenfalls in der Obdachlosenhilfe aktiv ist, hatte sich bereit erkl\u00e4rt, einen Bus auszuleihen. So konnten die K\u00e4ltebusfahrten weiter stattfinden. Um den l\u00fcckenlosen Betrieb in den kommenden kalten N\u00e4chten sicherzustellen, konnte die Stadtmission am 2. Januar nun auch zwei weitere Ersatzbusse abholen. Die Allround Autovermietung und der Verein Zukunftssicherung Berlin stellen zwei Fahrzeuge zur Verf\u00fcgung. So ist die Stadtmission, wie gewohnt, mit drei Bussen unterwegs. <\/p>\n<p>  K\u00e4ltebus angez\u00fcndet: Video soll Festnahme zeigen <\/p>\n<p>\n      Empfohlener externer Inhalt<\/p>\n<p>\n          An dieser Stelle befindet sich ein externer Inhalt von Instagram, der von unserer Redaktion empfohlen wird. Er erg\u00e4nzt den Artikel und kann mit einem Klick angezeigt und<br \/>\n          wieder ausgeblendet werden.\n        <\/p>\n<blockquote class=\"instagram-media\" data-instgrm-captioned=\"\" data-instgrm-permalink=\"https:\/\/www.instagram.com\/reel\/DS-Kof6DO5u\/?utm_source=ig_embed&amp;utm_campaign=loading\" data-instgrm-version=\"14\" style=\" background:#FFF; border:0; border-radius:3px; box-shadow:0 0 1px 0 rgba(0,0,0,0.5),0 1px 10px 0 rgba(0,0,0,0.15); margin: 1px; max-width:658px; min-width:326px; padding:0; width:99.375%; width:-webkit-calc(100% - 2px); width:calc(100% - 2px);\"\/><p><\/p>\n<p>              Ich bin damit einverstanden, dass mir dieser externe Inhalt angezeigt wird. Es k\u00f6nnen dabei personenbezogene Daten an den Anbieter des Inhalts und Drittdienste<br \/>\n              \u00fcbermittelt werden. Mehr dazu in unserer<\/p>\n<p>            <a class=\"underline\" href=\"https:\/\/www.morgenpost.de\/datenschutz\" data-track-v2-eventname=\"pageElement\" data-track-v2-action=\"Click\" data-track-v2-parentposition=\"Content\" data-track-v2-parent=\"Embed Box\" data-track-v2-parentlabel=\"Embed Box Instagram\" data-track-v2-elementstyle=\"Text\" data-track-v2-label=\"Datenschutzerkl\u00e4rung\" data-track-v2-link=\"https:\/\/www.morgenpost.de\/datenschutz\" target=\"_blank\" rel=\"noopener\">Datenschutzerkl\u00e4rung<\/a>.<\/p>\n<p>  Bus war Sonderanfertigung \u2013 Neuauslieferung dauert<\/p>\n<p class=\"expressive-copy-lg-body\">Die Mitarbeiter seien zun\u00e4chst niedergeschlagen gewesen, h\u00e4tten durch die gro\u00dfe Hilfsbereitschaft neuen Mut gefasst. Bis die K\u00e4ltehilfe wieder wie gewohnt helfen kann, wird aber noch Zeit vergehen. So seien die Busse Spezialanfertigungen gewesen, die \u00fcber Rampen f\u00fcr Rollstuhlfahrer, eine Theke f\u00fcr Essensausgabe und Schubladen f\u00fcr Hilfsmittel und warme Kleidung verf\u00fcgten. Immerhin: Das Fahrzeug von Zukunftssicherung Berlin verf\u00fcgt ebenfalls \u00fcber eine Rampe.<\/p>\n<p class=\"expressive-copy-lg-body\">Die Kosten f\u00fcr so einen Bus liegen mit Sonderausstattung bei rund 70.000 Euro. \u201eDie Anfertigung dauert bestimmt ein paar Monate. Die gibt es nicht von der Stange\u201c, so Breuer. Die Stiftung der Deutschen Bahn spendete 70.000 Euro f\u00fcr neue Fahrzeuge. <\/p>\n<p>    <script async src=\"\/\/www.instagram.com\/embed.js\"><\/script><\/p>\n","protected":false},"excerpt":{"rendered":"Erneut ist die Berliner Stadtmission Ziel eines Angriffs geworden. In einer Story auf Instagram teilte der Hilfsverein am&hellip;\n","protected":false},"author":2,"featured_media":689037,"comment_status":"","ping_status":"","sticky":false,"template":"","format":"standard","meta":{"footnotes":""},"categories":[1825],"tags":[1941,1939,296,1937,29,30,1940,1938],"class_list":{"0":"post-689036","1":"post","2":"type-post","3":"status-publish","4":"format-standard","5":"has-post-thumbnail","7":"category-berlin","8":"tag-aktuelle-nachrichten-aus-berlin","9":"tag-aktuelle-news-aus-berlin","10":"tag-berlin","11":"tag-berlin-news","12":"tag-deutschland","13":"tag-germany","14":"tag-nachrichten-aus-berlin","15":"tag-news-aus-berlin"},"share_on_mastodon":{"url":"https:\/\/pubeurope.com\/@de\/115828607210211840","error":""},"_links":{"self":[{"href":"https:\/\/www.europesays.com\/de\/wp-json\/wp\/v2\/posts\/689036","targetHints":{"allow":["GET"]}}],"collection":[{"href":"https:\/\/www.europesays.com\/de\/wp-json\/wp\/v2\/posts"}],"about":[{"href":"https:\/\/www.europesays.com\/de\/wp-json\/wp\/v2\/types\/post"}],"author":[{"embeddable":true,"href":"https:\/\/www.europesays.com\/de\/wp-json\/wp\/v2\/users\/2"}],"replies":[{"embeddable":true,"href":"https:\/\/www.europesays.com\/de\/wp-json\/wp\/v2\/comments?post=689036"}],"version-history":[{"count":0,"href":"https:\/\/www.europesays.com\/de\/wp-json\/wp\/v2\/posts\/689036\/revisions"}],"wp:featuredmedia":[{"embeddable":true,"href":"https:\/\/www.europesays.com\/de\/wp-json\/wp\/v2\/media\/689037"}],"wp:attachment":[{"href":"https:\/\/www.europesays.com\/de\/wp-json\/wp\/v2\/media?parent=689036"}],"wp:term":[{"taxonomy":"category","embeddable":true,"href":"https:\/\/www.europesays.com\/de\/wp-json\/wp\/v2\/categories?post=689036"},{"taxonomy":"post_tag","embeddable":true,"href":"https:\/\/www.europesays.com\/de\/wp-json\/wp\/v2\/tags?post=689036"}],"curies":[{"name":"wp","href":"https:\/\/api.w.org\/{rel}","templated":true}]}}