{"id":689066,"date":"2026-01-03T01:53:12","date_gmt":"2026-01-03T01:53:12","guid":{"rendered":"https:\/\/www.europesays.com\/de\/689066\/"},"modified":"2026-01-03T01:53:12","modified_gmt":"2026-01-03T01:53:12","slug":"csu-bundestagsabgeordnete-fordern-rueckkehr-der-meisten-syrer","status":"publish","type":"post","link":"https:\/\/www.europesays.com\/de\/689066\/","title":{"rendered":"CSU-Bundestagsabgeordnete fordern R\u00fcckkehr der meisten Syrer"},"content":{"rendered":"<p>            <img loading=\"lazy\" decoding=\"async\" class=\"ts-image\" src=\"https:\/\/www.europesays.com\/de\/wp-content\/uploads\/2026\/01\/csu-logo-114.jpg\" alt=\"Besucher des CSU-Parteitags stehen vor dem CSU-Logo.\" title=\"Besucher des CSU-Parteitags stehen vor dem CSU-Logo. | dpa\"\/><\/p>\n<p class=\"metatextline\">Stand: 02.01.2026 20:51 Uhr<\/p>\n<p class=\"article-head__shorttext\">\n        <strong>\u00dcber die R\u00fcckkehr von Fl\u00fcchtlingen nach Syrien wurde in der Union zuletzt viel diskutiert. Nun kommt von der CSU ein neuer Vorsto\u00df: Die meisten Syrer m\u00fcssten zur\u00fcckkehren, fordert sie &#8211; und wird daf\u00fcr als populistisch und unchristlich kritisiert.<\/strong>\n    <\/p>\n<p class=\"textabsatz m-ten m-offset-one l-eight l-offset-two columns twelve\">Die CSU im Bundestag spricht sich f\u00fcr eine weitere Versch\u00e4rfung der Asyl- und Migrationspolitik aus. Im Beschlussentwurf zur bevorstehenden Klausurtagung der CSU-Landesgruppe hei\u00dft es, die meisten syrischen Fl\u00fcchtlinge sollten zur\u00fcck in ihre Heimat geschickt werden. F\u00fcr Syrer mit vor\u00fcbergehendem Bleiberecht entfalle nach dem <a href=\"https:\/\/www.tagesschau.de\/ausland\/asien\/syrien-jahrestag-sturz-assad-feiern-100.html\" title=\"Syrien feiert Jahrestag vom Sturz des Assad-Regimes\" target=\"_blank\" rel=\"noopener\">Ende des B\u00fcrgerkriegs<\/a> der Schutzgrund, so die Begr\u00fcndung. \u00dcber das Positionspapier berichteten der <a href=\"https:\/\/www.merkur.de\/politik\/csu-plan-knallhart-kurs-bei-syrern-und-ukrainern-94105420.html\" title=\"Merkur zu CSU-Vorsto\u00df\" class=\"textlink--extern js-link-dialog\" rel=\"noopener noreferrer\" target=\"_blank\" data-type=\"external\">M\u00fcnchner Merkur<\/a> und die Nachrichtenagentur dpa.<\/p>\n<p class=\"textabsatz m-ten m-offset-one l-eight l-offset-two columns twelve\">&#8222;F\u00fcr diejenigen, die nicht freiwillig ausreisen, m\u00fcssen R\u00fcckf\u00fchrungen schnellstm\u00f6glich eingeleitet werden&#8220;, hei\u00dft es in dem Papier. 2026 m\u00fcsse es eine &#8222;Abschiebeoffensive&#8220; geben &#8211; &#8222;mit Linienfl\u00fcgen und auch nach Syrien und Afghanistan&#8220;. Zudem m\u00fcssten &#8222;in einem ersten Schritt Straft\u00e4ter konsequent abgeschoben werden&#8220;. Erst vor gut einer Woche hatte die Bundesregierung erstmals seit 14 Jahren einen Straft\u00e4ter nach Syrien abgeschoben.<\/p>\n<p>    H\u00e4rterer Kurs auch bei Ukrainern<\/p>\n<p class=\"textabsatz m-ten m-offset-one l-eight l-offset-two columns twelve\">Die Forderung, die meisten Syrer sollten in ihr Heimatland zur\u00fcckkehren, hatte in den vergangenen Monaten <a href=\"https:\/\/www.tagesschau.de\/inland\/innenpolitik\/syrien-cdu-debatte-100.html\" title=\"Nach Syrien-Aussage von Wadephul: Debatte in der Union au\u00dfer Kontrolle?\" target=\"_blank\" rel=\"noopener\">heftige Debatten in der Union<\/a> und der schwarz-roten Regierungskoalition ausgel\u00f6st.<\/p>\n<p class=\"textabsatz m-ten m-offset-one l-eight l-offset-two columns twelve\">Auch bei ukrainischen Fl\u00fcchtlingen m\u00f6chte die CSU einen h\u00e4rteren Kurs einschlagen, insbesondere f\u00fcr &#8222;wehrf\u00e4hige ukrainische M\u00e4nner&#8220;. Weitere Details dazu gibt es in dem Entwurf nicht. Auch die H\u00fcrden f\u00fcr die Migration ins deutsche Sozialsystem sollen nach dem Willen der Partei erh\u00f6ht werden. Dazu wolle man die Definition von &#8222;Arbeitnehmer&#8220; im Sinne der EU-Freiz\u00fcgigkeitsrichtlinie einschr\u00e4nken.<\/p>\n<p>    SPD: &#8222;Populistische Politik &#8211; g\u00e4nzlich ohne C&#8220;<\/p>\n<p class=\"textabsatz m-ten m-offset-one l-eight l-offset-two columns twelve\">Kritik an dem Vorsto\u00df kam vom Koalitionspartner SPD. Der Bundestagsabgeordnete Ralf Stegner sagte <a href=\"https:\/\/www.spiegel.de\/politik\/deutschland\/entwurf-fuer-csu-klausur-der-landesgruppe-in-seeon-spd-politiker-stegner-lehnt-csu-abschiebeoffensive-ab-a-2773cc7e-0c20-46b3-8b58-085a8c8d7a34\" title=\"Stegner zu CSU-Vorsto\u00df\" class=\"textlink--extern js-link-dialog\" rel=\"noopener noreferrer\" target=\"_blank\" data-type=\"external\">dem Spiegel<\/a>: &#8222;Diese Art von populistischer Politik &#8211; g\u00e4nzlich ohne C &#8211; wird es mit der SPD auch im neuen Jahr nicht geben.&#8220; Stegner spielt damit auf das C im Parteinamen der CSU an, das f\u00fcr &#8222;christlich&#8220; steht.<\/p>\n<p class=\"textabsatz m-ten m-offset-one l-eight l-offset-two columns twelve\">Im Koalitionsvertrag habe man &#8222;Korrekturen bei der Migrationspolitik vereinbart, die durchaus schwierige Kompromisse erfordert haben, dazu geh\u00f6rt auch die konsequente R\u00fcckf\u00fchrung von Straft\u00e4tern&#8220;. Dazu stehe seine Partei, so Stegner, der dem linken Fl\u00fcgel der SPD zugerechnet wird. &#8222;Dies bedeutet aber nicht, dass wir unsere humanit\u00e4ren Grunds\u00e4tze fallen lassen, um im Wettbewerb mit den Rechtspopulisten vermeintliche politische Gel\u00e4ndegewinne zu erzielen.&#8220;<\/p>\n<p class=\"textabsatz m-ten m-offset-one l-eight l-offset-two columns twelve\">Die stellvertretende SPD-Fraktionsvorsitzende, Sonja Eichwede, wies in der tagesschau auf die &#8222;hervorragende&#8220; Integration vieler Syrer in Deutschland hin. Diejenigen, die hier arbeiteten zum Beispiel als \u00c4rztinnen und \u00c4rzte, w\u00fcrden einen wichtigen Beitrag leisten. Es gebe nicht nur ein Gegeneinander: &#8222;Derjenige, der sich an unsere Regeln h\u00e4lt, soll auch bleiben d\u00fcrfen.&#8220;<\/p>\n<p>    Linke: &#8222;Klare Absage an Grund- und Menschenrechte&#8220;<\/p>\n<p class=\"textabsatz m-ten m-offset-one l-eight l-offset-two columns twelve\">Weder k\u00f6nnten in die v\u00f6llig zerst\u00f6rten Gebiete Syriens &#8222;mal so eben Fl\u00fcchtlinge abgeschoben werden, noch passt es zur st\u00e4ndig reklamierten verbalen Solidarit\u00e4t mit der von Russland angegriffenen Ukraine, wenn wir k\u00fcnftig ukrainische Kriegsfl\u00fcchtlinge drangsalieren oder schikanieren&#8220;, so Stegner weiter.<\/p>\n<p class=\"textabsatz m-ten m-offset-one l-eight l-offset-two columns twelve\">Die Linke im Bundestag warf der CSU Zynismus vor. Sie tue so, &#8222;als w\u00e4re Syrien pl\u00f6tzlich \u00fcberall sicher und als w\u00e4re Afghanistan ein normales R\u00fcckkehrland&#8220;, sagte die Abgeordnete Clara B\u00fcnger. &#8222;Auch aktuell herrschen in Syrien noch immer Gewalt, Willk\u00fcrhaft, Folter und Verschwindenlassen.&#8220; Menschen in diese lebensbedrohlichen Zust\u00e4nde abschieben zu wollen, sei &#8222;eine klare Absage an Grund- und Menschenrechte&#8220;, so B\u00fcnger. Dies gelte auch f\u00fcr Afghanistan.<\/p>\n<p>    Kritik vom Arbeitnehmerfl\u00fcgel<\/p>\n<p class=\"textabsatz m-ten m-offset-one l-eight l-offset-two columns twelve\">Auch aus der CDU gibt es Kritik am Vorgehen der Schwesterpartei. Dennis Radtke, der Vorsitzende des CDU-Arbeitnehmerfl\u00fcgels, sagte der &#8222;S\u00fcddeutschen Zeitung&#8220;, er teile zwar die Forderungen der CSU-Abgeordneten &#8222;zur Migration zu 90 Prozent&#8220;. Allerdings verstehe er nicht, &#8222;warum man zwei Monate vor extrem wichtigen Landtagswahlen das Nummer-eins-Thema der AfD wieder gro\u00df macht, w\u00e4hrend Fragen wie bezahlbarer Wohnraum, Wirtschaftswachstum, verl\u00e4ssliche Sozialreformen und die Zukunft Europas weiter auf Antworten warten&#8220;.<\/p>\n<p class=\"textabsatz m-ten m-offset-one l-eight l-offset-two columns twelve\">Die AfD sieht es wie die CSU. Der Schutzstatus sei entfallen, sagte der Erste Parlamentarische Gesch\u00e4ftsf\u00fchrer der AfD-Fraktion, Bernd Baumann in der tagesschau. Der politische Wille (f\u00fcr R\u00fcckf\u00fchrungen) m\u00fcsse vorhanden sein. Mit der SPD sei es nicht umzusetzen.<\/p>\n<p>    Kirchliche Hilfswerke: Katastrophale Lage in Syrien<\/p>\n<p class=\"textabsatz m-ten m-offset-one l-eight l-offset-two columns twelve\">Bereits Anfang Dezember hatten auch kirchliche Hilfswerke mit Blick auf Syrien eine sachliche Debatte angemahnt. Die humanit\u00e4re und wirtschaftliche Lage dort sei katastrophal, sagte etwa Dagmar Pruin, Pr\u00e4sidentin von &#8222;Brot f\u00fcr die Welt&#8220; und Diakonie Katastrophenhilfe. Wer Syrien f\u00fcr sicher erkl\u00e4re, um Abschiebungen zu rechtfertigen, ignoriere die Verh\u00e4ltnisse vor Ort.<\/p>\n<p class=\"textabsatz m-ten m-offset-one l-eight l-offset-two columns twelve\">Au\u00dfenminister Johann Wadephul (CDU) hatte im Oktober <a href=\"https:\/\/www.tagesschau.de\/inland\/innenpolitik\/syrien-cdu-debatte-100.html\" title=\"Nach Syrien-Aussage von Wadephul: Debatte in der Union au\u00dfer Kontrolle?\" target=\"_blank\" rel=\"noopener\">unionsintern heftige Kritik auf sich gezogen<\/a>, nachdem er bei einem Besuch in Syrien eine freiwillige R\u00fcckkehr in gro\u00dfer Zahl angezweifelt hatte. Dennoch sagte er sp\u00e4ter, <a href=\"https:\/\/www.tagesschau.de\/inland\/innenpolitik\/wadephul-debatte-syrien-100.html\" title=\"Au\u00dfenminister Wadephul h\u00e4lt an Syrien-Einsch\u00e4tzung fest\" target=\"_blank\" rel=\"noopener\">er halte an der Einsch\u00e4tzung fest<\/a>, dass die R\u00fcckkehr an zerst\u00f6rte Orte etwa in Damaskus kurzfristig nur sehr eingeschr\u00e4nkt m\u00f6glich sei.<\/p>\n","protected":false},"excerpt":{"rendered":"Stand: 02.01.2026 20:51 Uhr \u00dcber die R\u00fcckkehr von Fl\u00fcchtlingen nach Syrien wurde in der Union zuletzt viel diskutiert.&hellip;\n","protected":false},"author":2,"featured_media":689067,"comment_status":"","ping_status":"","sticky":false,"template":"","format":"standard","meta":{"footnotes":""},"categories":[2],"tags":[774,29,30,13,7882,14,15,12,3293,10,8,9,11],"class_list":{"0":"post-689066","1":"post","2":"type-post","3":"status-publish","4":"format-standard","5":"has-post-thumbnail","7":"category-deutschland","8":"tag-csu","9":"tag-deutschland","10":"tag-germany","11":"tag-headlines","12":"tag-migrationspolitik","13":"tag-nachrichten","14":"tag-news","15":"tag-schlagzeilen","16":"tag-syrer","17":"tag-top-news","18":"tag-top-meldungen","19":"tag-topmeldungen","20":"tag-topnews"},"share_on_mastodon":{"url":"https:\/\/pubeurope.com\/@de\/115828674089143281","error":""},"_links":{"self":[{"href":"https:\/\/www.europesays.com\/de\/wp-json\/wp\/v2\/posts\/689066","targetHints":{"allow":["GET"]}}],"collection":[{"href":"https:\/\/www.europesays.com\/de\/wp-json\/wp\/v2\/posts"}],"about":[{"href":"https:\/\/www.europesays.com\/de\/wp-json\/wp\/v2\/types\/post"}],"author":[{"embeddable":true,"href":"https:\/\/www.europesays.com\/de\/wp-json\/wp\/v2\/users\/2"}],"replies":[{"embeddable":true,"href":"https:\/\/www.europesays.com\/de\/wp-json\/wp\/v2\/comments?post=689066"}],"version-history":[{"count":0,"href":"https:\/\/www.europesays.com\/de\/wp-json\/wp\/v2\/posts\/689066\/revisions"}],"wp:featuredmedia":[{"embeddable":true,"href":"https:\/\/www.europesays.com\/de\/wp-json\/wp\/v2\/media\/689067"}],"wp:attachment":[{"href":"https:\/\/www.europesays.com\/de\/wp-json\/wp\/v2\/media?parent=689066"}],"wp:term":[{"taxonomy":"category","embeddable":true,"href":"https:\/\/www.europesays.com\/de\/wp-json\/wp\/v2\/categories?post=689066"},{"taxonomy":"post_tag","embeddable":true,"href":"https:\/\/www.europesays.com\/de\/wp-json\/wp\/v2\/tags?post=689066"}],"curies":[{"name":"wp","href":"https:\/\/api.w.org\/{rel}","templated":true}]}}