{"id":689357,"date":"2026-01-03T04:51:30","date_gmt":"2026-01-03T04:51:30","guid":{"rendered":"https:\/\/www.europesays.com\/de\/689357\/"},"modified":"2026-01-03T04:51:30","modified_gmt":"2026-01-03T04:51:30","slug":"pol-ka-ka-karlsruhe-unbekannte-beschaedigen-auto-in-silvesternacht-polizei","status":"publish","type":"post","link":"https:\/\/www.europesays.com\/de\/689357\/","title":{"rendered":"POL-KA: (KA) Karlsruhe &#8211; Unbekannte besch\u00e4digen Auto in Silvesternacht &#8211; Polizei &#8230;"},"content":{"rendered":"<p class=\"date\">02.01.2026 \u2013 14:07<\/p>\n<p class=\"customer\">\n                        <a class=\"story-customer\" title=\"weiter zum newsroom von Polizeipr\u00e4sidium Karlsruhe\" href=\"https:\/\/www.presseportal.de\/blaulicht\/nr\/110972\" target=\"_blank\" rel=\"noopener\">Polizeipr\u00e4sidium Karlsruhe<\/a>\n                    <\/p>\n<p><a data-category=\"citylink-story-view\" data-action=\"click\" data-label=\"Citylink in Meldungsansicht\" class=\"story-city event-trigger\" href=\"https:\/\/www.presseportal.de\/regional\/Karlsruhe\" title=\"News aus Karlsruhe \" target=\"_blank\" rel=\"noopener\">Karlsruhe<\/a> (ots)<\/p>\n<p>Bislang unbekannte T\u00e4ter schlugen in der Nacht auf Donnerstag offenbar die Heckscheibe eines geparkten Autos ein und warfen mehrere Feuerwerksk\u00f6rper in das Innere.<\/p>\n<p>Die T\u00e4ter brachen gegen 01:20 Uhr auf bislang unbekannte Art und Weise die R\u00fcckscheibe eines in der Marienstra\u00dfe geparkten Fords auf und z\u00fcndeten anschlie\u00dfend eine Silvesterrakete und mehrere Feuerwerksk\u00f6rper in das Fahrzeuginnere.<br \/>\nAufgrund der Z\u00fcndung war der Innenraum des Fahrzeuges stark verraucht und die alarmierte Feuerwehr l\u00f6schte eine sich im Auto befindende brennende Rolle K\u00fcchenpapier.<\/p>\n<p>Der entstandene Sachschaden kann derzeit noch nicht beziffert werden.<\/p>\n<p>Die Kriminalpolizei Karlsruhe hat die Ermittlungen \u00fcbernommen und bittet Zeugen und Hinweisgeber, sich unter 0721 666 5555 mit dem Kriminaldauerdienst in Verbindung zu setzen.<\/p>\n<p>Franz Henke, Pressestelle<\/p>\n<p class=\"contact-headline\">R\u00fcckfragen bitte an:<\/p>\n<p class=\"contact-text\">Polizeipr\u00e4sidium Karlsruhe<br \/>Telefon: 0721 666-1111<br \/>E-Mail: <a href=\"https:\/\/www.presseportal.de\/blaulicht\/pm\/110972\/mailto: pressestelle.ka@polizei.bwl.de\" class=\"uri-mailto\" target=\"_blank\" rel=\"noopener\"> pressestelle.ka@polizei.bwl.de<\/a><br \/><a target=\"_blank\" class=\"uri-ext outbound\" rel=\"noopener\" href=\"http:\/\/www.polizei-bw.de\/\">http:\/\/www.polizei-bw.de\/<\/a><\/p>\n<p class=\"originator\">Original-Content von: Polizeipr\u00e4sidium Karlsruhe, \u00fcbermittelt durch news aktuell<\/p>\n","protected":false},"excerpt":{"rendered":"02.01.2026 \u2013 14:07 Polizeipr\u00e4sidium Karlsruhe Karlsruhe (ots) Bislang unbekannte T\u00e4ter schlugen in der Nacht auf Donnerstag offenbar die&hellip;\n","protected":false},"author":2,"featured_media":386213,"comment_status":"","ping_status":"","sticky":false,"template":"","format":"standard","meta":{"footnotes":""},"categories":[1844],"tags":[1634,6187,3364,29,30,8903,177,121,178,180,179,181],"class_list":{"0":"post-689357","1":"post","2":"type-post","3":"status-publish","4":"format-standard","5":"has-post-thumbnail","7":"category-karlsruhe","8":"tag-baden-wuerttemberg","9":"tag-bw","10":"tag-de","11":"tag-deutschland","12":"tag-germany","13":"tag-karlsruhe","14":"tag-kriminalitt","15":"tag-polizei","16":"tag-presse","17":"tag-pressemeldung","18":"tag-pressemitteilung","19":"tag-pressemitteilungen"},"share_on_mastodon":{"url":"https:\/\/pubeurope.com\/@de\/115829374194286103","error":""},"_links":{"self":[{"href":"https:\/\/www.europesays.com\/de\/wp-json\/wp\/v2\/posts\/689357","targetHints":{"allow":["GET"]}}],"collection":[{"href":"https:\/\/www.europesays.com\/de\/wp-json\/wp\/v2\/posts"}],"about":[{"href":"https:\/\/www.europesays.com\/de\/wp-json\/wp\/v2\/types\/post"}],"author":[{"embeddable":true,"href":"https:\/\/www.europesays.com\/de\/wp-json\/wp\/v2\/users\/2"}],"replies":[{"embeddable":true,"href":"https:\/\/www.europesays.com\/de\/wp-json\/wp\/v2\/comments?post=689357"}],"version-history":[{"count":0,"href":"https:\/\/www.europesays.com\/de\/wp-json\/wp\/v2\/posts\/689357\/revisions"}],"wp:featuredmedia":[{"embeddable":true,"href":"https:\/\/www.europesays.com\/de\/wp-json\/wp\/v2\/media\/386213"}],"wp:attachment":[{"href":"https:\/\/www.europesays.com\/de\/wp-json\/wp\/v2\/media?parent=689357"}],"wp:term":[{"taxonomy":"category","embeddable":true,"href":"https:\/\/www.europesays.com\/de\/wp-json\/wp\/v2\/categories?post=689357"},{"taxonomy":"post_tag","embeddable":true,"href":"https:\/\/www.europesays.com\/de\/wp-json\/wp\/v2\/tags?post=689357"}],"curies":[{"name":"wp","href":"https:\/\/api.w.org\/{rel}","templated":true}]}}