{"id":689521,"date":"2026-01-03T06:32:10","date_gmt":"2026-01-03T06:32:10","guid":{"rendered":"https:\/\/www.europesays.com\/de\/689521\/"},"modified":"2026-01-03T06:32:10","modified_gmt":"2026-01-03T06:32:10","slug":"so-klingt-deutschland-unsere-50-beliebtesten-dauerbrenner-die-musik-reihe-auf-vox","status":"publish","type":"post","link":"https:\/\/www.europesays.com\/de\/689521\/","title":{"rendered":"&#8222;So klingt Deutschland \u2013 Unsere 50 beliebtesten Dauerbrenner&#8220;: Die Musik-Reihe auf VOX"},"content":{"rendered":"<p>Was macht einen fl\u00fcchtigen Song, den man vielleicht einmal im Radio oder im Streaming-Dienst des Vertrauens aufgeschnappt hat, zu einem modernen Klassiker? Auch darum geht es in der neuen VOX-Musikreihe &#8222;So klingt Deutschland \u2013 Unsere 50 beliebtesten Dauerbrenner&#8220;, f\u00fcr die einmal genau Buch gef\u00fchrt wurde.<\/p>\n<p>              <img loading=\"lazy\" decoding=\"async\" src=\"https:\/\/www.prisma.de\/public\/img\/sender-logo-front\/vox.svg\" width=\"120\" height=\"35\" alt=\"VOX\"\/><\/p>\n<p>So klingt Deutschland \u2013 Unsere 50 beliebtesten Dauerbrenner<\/p>\n<p>&#13;<br \/>\n                  Unterhaltung                \u2022                    03.01.2026&#13;<br \/>\n                \u2022                                  20:15 Uhr&#13;\n              <\/p>\n<p>Auf Grundlage einer deutschlandweiten Umfrage des Marktforschungsspezialisten Media Control erinnert die Sendung an die beliebtesten Hits der Deutschen \u2013 Songs, die sich besonders lange in den Charts hielten.<\/p>\n<p>Darunter befinden sich Titel von popul\u00e4ren nationalen K\u00fcnstlerpers\u00f6nlichkeiten wie Peter Fox und Silbermond, aber nat\u00fcrlich auch Ohrw\u00fcrmer von internationalen Stars wie Lady Gaga und Ed Sheeran. Doch warum genau diese Lieder? Worin k\u00f6nnte ihr Erfolgsgeheimnis liegen? Dazu entwickeln Prominente wie Kim Fisher, Tony Bauer, <a href=\"https:\/\/www.prisma.de\/stars\/Joachim-Llambi,7598139\" target=\"_blank\" rel=\"noopener\">Joachim Llambi<\/a>, Matze Knop und Enie van de Meiklokjes mehr oder weniger professionelle, mit Sicherheit aber charmante Theorien.<\/p>\n<p><strong>So klingt Deutschland \u2013 Unsere 50 beliebtesten Dauerbrenner \u2013 Sa. 03.01. \u2013 VOX: 20.15 Uhr<\/strong><\/p>\n<p>&#13;<br \/>\n                      <br \/>Quelle: teleschau \u2013 der mediendienst GmbH&#13;\n                  <\/p>\n","protected":false},"excerpt":{"rendered":"Was macht einen fl\u00fcchtigen Song, den man vielleicht einmal im Radio oder im Streaming-Dienst des Vertrauens aufgeschnappt hat,&hellip;\n","protected":false},"author":2,"featured_media":689522,"comment_status":"","ping_status":"","sticky":false,"template":"","format":"standard","meta":{"footnotes":""},"categories":[2],"tags":[331,3924,332,3922,3364,29,30,13,14,3923,15,3921,12],"class_list":{"0":"post-689521","1":"post","2":"type-post","3":"status-publish","4":"format-standard","5":"has-post-thumbnail","7":"category-deutschland","8":"tag-aktuelle-nachrichten","9":"tag-aktuelle-nachrichten-aus-deutschland","10":"tag-aktuelle-news","11":"tag-aktuelle-news-aus-deutschland","12":"tag-de","13":"tag-deutschland","14":"tag-germany","15":"tag-headlines","16":"tag-nachrichten","17":"tag-nachrichten-aus-deutschland","18":"tag-news","19":"tag-news-aus-deutschland","20":"tag-schlagzeilen"},"share_on_mastodon":{"url":"https:\/\/pubeurope.com\/@de\/115829771057707102","error":""},"_links":{"self":[{"href":"https:\/\/www.europesays.com\/de\/wp-json\/wp\/v2\/posts\/689521","targetHints":{"allow":["GET"]}}],"collection":[{"href":"https:\/\/www.europesays.com\/de\/wp-json\/wp\/v2\/posts"}],"about":[{"href":"https:\/\/www.europesays.com\/de\/wp-json\/wp\/v2\/types\/post"}],"author":[{"embeddable":true,"href":"https:\/\/www.europesays.com\/de\/wp-json\/wp\/v2\/users\/2"}],"replies":[{"embeddable":true,"href":"https:\/\/www.europesays.com\/de\/wp-json\/wp\/v2\/comments?post=689521"}],"version-history":[{"count":0,"href":"https:\/\/www.europesays.com\/de\/wp-json\/wp\/v2\/posts\/689521\/revisions"}],"wp:featuredmedia":[{"embeddable":true,"href":"https:\/\/www.europesays.com\/de\/wp-json\/wp\/v2\/media\/689522"}],"wp:attachment":[{"href":"https:\/\/www.europesays.com\/de\/wp-json\/wp\/v2\/media?parent=689521"}],"wp:term":[{"taxonomy":"category","embeddable":true,"href":"https:\/\/www.europesays.com\/de\/wp-json\/wp\/v2\/categories?post=689521"},{"taxonomy":"post_tag","embeddable":true,"href":"https:\/\/www.europesays.com\/de\/wp-json\/wp\/v2\/tags?post=689521"}],"curies":[{"name":"wp","href":"https:\/\/api.w.org\/{rel}","templated":true}]}}