{"id":689921,"date":"2026-01-03T10:19:18","date_gmt":"2026-01-03T10:19:18","guid":{"rendered":"https:\/\/www.europesays.com\/de\/689921\/"},"modified":"2026-01-03T10:19:18","modified_gmt":"2026-01-03T10:19:18","slug":"neuer-mieter-zieht-in-diesen-prominenten-leerstand","status":"publish","type":"post","link":"https:\/\/www.europesays.com\/de\/689921\/","title":{"rendered":"Neuer Mieter zieht in diesen prominenten Leerstand"},"content":{"rendered":"<p class=\"fp-paragraph\">Bis Juli 2023 war hier zehn Jahre lang <a href=\"https:\/\/www.westfalen-blatt.de\/owl\/kreis-herford\/modegeschaeft-patches-schliesst-herford-lemgo-2737941\" target=\"_blank\" rel=\"noopener\">das Modegesch\u00e4ft \u201ePatches\u201c zu Hause<\/a>, bis Ende 2023 nebenan f\u00fcr gerade einmal zw\u00f6lf Monate die Boutique \u201eLieblingsteil\u201c. Beide hatten wirtschaftliche Gr\u00fcnde f\u00fcr ihre Gesch\u00e4ftsaufgabe genannt oder deutlicher gesagt: Es fehlte an Kundschaft.<\/p>\n<p>Top informiert mit<\/p>\n<p><strong>im 1. Monat<\/strong><\/p>\n<p>0,99 \u20ac*<a href=\"https:\/\/abo.westfalen-blatt.de\/Digital+Basis.htm?utm_source=Website&amp;utm_medium=Layer&amp;utm_campaign=noUEG&amp;pwlayer=plus&amp;ezobjectid=3463208\" class=\"fp-button fp-button__primary fp-paywall-action-submit\" style=\"background-color: #000000;\" target=\"_blank\" rel=\"noopener\">weiter<\/a>*danach 7 \u20ac \/ Monat<\/p>\n<p>monatlich k\u00fcndbar<\/p>\n<p class=\"fp-article-paywall__plan--description\">freier Zugriff auf alle WB+ Inhalte und die News-App<\/p>\n<p><strong>pro Woche<\/strong><\/p>\n<p>1 \u20ac<a href=\"https:\/\/abo.westfalen-blatt.de\/_article\/Digital-Basis-Wochenabo?utm_source=Website&amp;utm_medium=Layer&amp;utm_campaign=noUEG&amp;pwlayer=plus&amp;ezobjectid=3463208\" class=\"fp-button fp-button__primary fp-paywall-action-submit\" style=\"background-color: #000000;\" target=\"_blank\" rel=\"noopener\">weiter<\/a>ab dem 2. Jahr 2 \u20ac \/ Woche<\/p>\n<p>monatlich k\u00fcndbar<\/p>\n<p class=\"fp-article-paywall__plan--description\">freier Zugriff auf alle WB+ Inhalte und die News-App<\/p>\n<p><strong>1 Jahr<\/strong><\/p>\n<p>59 \u20ac<a href=\"https:\/\/abo.westfalen-blatt.de\/Digital+Basis+Jahrespass.htm?utm_source=Website&amp;utm_medium=Layer&amp;utm_campaign=noUEG&amp;pwlayer=plus&amp;ezobjectid=3463208\" class=\"fp-button fp-button__primary fp-paywall-action-submit\" style=\"background-color: #000000;\" target=\"_blank\" rel=\"noopener\">weiter<\/a><\/p>\n<p class=\"fp-article-paywall__plan--description\">freier Zugriff auf alle WB+ Inhalte und die News-App<\/p>\n<p>Sie haben bereits ein Abonnement? <a title=\"Hier einloggen\" alt=\"Hier einloggen\" href=\"https:\/\/account.westfalen-blatt.de\/login?redurl=https:\/\/www.westfalen-blatt.de\/owl\/kreis-herford\/herford\/neuer-markt-mieter-leerstand-powerhouse-3463208?pid=true&amp;ueg=default\" target=\"_blank\" rel=\"noopener\"><a href=\"https:\/\/account.westfalen-blatt.de\/login?redurl=https:\/\/www.westfalen-blatt.de\/?redurl=https:\/\/www.westfalen-blatt.de\/owl\/kreis-herford\/herford\/neuer-markt-mieter-leerstand-powerhouse-3463208?pid=true&amp;ueg=default\" target=\"_blank\" rel=\"noopener\">\u00a0<a href=\"https:\/\/account.westfalen-blatt.de\/login?redurl=https:\/\/www.westfalen-blatt.de\/owl\/kreis-herford\/herford\/neuer-markt-mieter-leerstand-powerhouse-3463208?pid=true&amp;ueg=default\" target=\"_blank\" rel=\"noopener\">Jetzt anmelden<\/a><a href=\"https:\/\/account.westfalen-blatt.de\/login?redurl=https:\/\/www.westfalen-blatt.de\/?redurl=https:\/\/www.westfalen-blatt.de\/owl\/kreis-herford\/herford\/neuer-markt-mieter-leerstand-powerhouse-3463208?pid=true&amp;ueg=default\" target=\"_blank\" rel=\"noopener\"><a href=\"https:\/\/account.westfalen-blatt.de\/login?redurl=https:\/\/www.westfalen-blatt.de\/?redurl=https:\/\/www.westfalen-blatt.de\/owl\/kreis-herford\/herford\/neuer-markt-mieter-leerstand-powerhouse-3463208?pid=true&amp;ueg=default\" target=\"_blank\" rel=\"noopener\"><\/p>\n","protected":false},"excerpt":{"rendered":"Bis Juli 2023 war hier zehn Jahre lang das Modegesch\u00e4ft \u201ePatches\u201c zu Hause, bis Ende 2023 nebenan f\u00fcr&hellip;\n","protected":false},"author":2,"featured_media":689922,"comment_status":"","ping_status":"","sticky":false,"template":"","format":"standard","meta":{"footnotes":""},"categories":[1841],"tags":[1605,3364,29,30,1209],"class_list":{"0":"post-689921","1":"post","2":"type-post","3":"status-publish","4":"format-standard","5":"has-post-thumbnail","7":"category-bielefeld","8":"tag-bielefeld","9":"tag-de","10":"tag-deutschland","11":"tag-germany","12":"tag-nordrhein-westfalen"},"share_on_mastodon":{"url":"https:\/\/pubeurope.com\/@de\/115830663861839819","error":""},"_links":{"self":[{"href":"https:\/\/www.europesays.com\/de\/wp-json\/wp\/v2\/posts\/689921","targetHints":{"allow":["GET"]}}],"collection":[{"href":"https:\/\/www.europesays.com\/de\/wp-json\/wp\/v2\/posts"}],"about":[{"href":"https:\/\/www.europesays.com\/de\/wp-json\/wp\/v2\/types\/post"}],"author":[{"embeddable":true,"href":"https:\/\/www.europesays.com\/de\/wp-json\/wp\/v2\/users\/2"}],"replies":[{"embeddable":true,"href":"https:\/\/www.europesays.com\/de\/wp-json\/wp\/v2\/comments?post=689921"}],"version-history":[{"count":0,"href":"https:\/\/www.europesays.com\/de\/wp-json\/wp\/v2\/posts\/689921\/revisions"}],"wp:featuredmedia":[{"embeddable":true,"href":"https:\/\/www.europesays.com\/de\/wp-json\/wp\/v2\/media\/689922"}],"wp:attachment":[{"href":"https:\/\/www.europesays.com\/de\/wp-json\/wp\/v2\/media?parent=689921"}],"wp:term":[{"taxonomy":"category","embeddable":true,"href":"https:\/\/www.europesays.com\/de\/wp-json\/wp\/v2\/categories?post=689921"},{"taxonomy":"post_tag","embeddable":true,"href":"https:\/\/www.europesays.com\/de\/wp-json\/wp\/v2\/tags?post=689921"}],"curies":[{"name":"wp","href":"https:\/\/api.w.org\/{rel}","templated":true}]}}