{"id":691134,"date":"2026-01-03T21:59:12","date_gmt":"2026-01-03T21:59:12","guid":{"rendered":"https:\/\/www.europesays.com\/de\/691134\/"},"modified":"2026-01-03T21:59:12","modified_gmt":"2026-01-03T21:59:12","slug":"familie-steinbergzeigt-soziales-engagement-muenchen","status":"publish","type":"post","link":"https:\/\/www.europesays.com\/de\/691134\/","title":{"rendered":"Familie Steinbergzeigt soziales Engagement M\u00fcnchen"},"content":{"rendered":"<p data-start=\"1218\" data-end=\"1602\">Im gesch\u00e4ftigen M\u00fcnchen, wo Exklusivit\u00e4t und Erfolg oft das Bild pr\u00e4gen, setzt eine Wirtefamilie seit Jahrzehnten ein stilles, aber umso st\u00e4rkeres Zeichen: Die <strong>Familie<\/strong> <strong data-start=\"1386\" data-end=\"1399\">Steinberg<\/strong>, Betreiber des Hofbr\u00e4ukellers am Wiener Platz und des Hofbr\u00e4u-Festzelts, l\u00e4dt allj\u00e4hrlich Bed\u00fcrftige zu einem festlichen Mahl ein \u2013 nicht als PR-Geste, sondern aus tiefem, gelebtem Verantwortungsgef\u00fchl.<\/p>\n<p>Ein Fest der W\u00fcrde: Gesellschaftliche Verantwortung mit Tradition<br \/>\n<img fetchpriority=\"high\" decoding=\"async\" class=\"wp-image-71082 size-full\" src=\"https:\/\/www.europesays.com\/de\/wp-content\/uploads\/2026\/01\/Familie-Steinberg.jpeg\" alt=\"Die Steinbergs sind bekannt f\u00fcr ihr soziales Engagement M\u00fcnchen - hier mit und M\u00fcnchens zweiten B\u00fcrgermeister Dominik Krause.\" width=\"660\" height=\"495\"  \/>Die Steinbergs sind bekannt f\u00fcr ihr soziales Engagement M\u00fcnchen \u2013 hier mit <strong>Hannelore Kiethe<\/strong>, Gr\u00fcnderin der M\u00fcnchner Tafel und M\u00fcnchens zweiten B\u00fcrgermeister <strong>Dominik Krause<\/strong>. Foto: Catrin Keil<\/p>\n<p data-start=\"1655\" data-end=\"1962\">Der traditionsreiche Festsaal des Hofbr\u00e4ukellers verwandelte sich 2025 bereits zum 25.ten Mal in einen Ort gelebter N\u00e4chstenliebe. Wei\u00dfe Tischdecken, ein Drei-G\u00e4nge-Men\u00fc, Live-Musik. Nichts wird dem Zufall \u00fcberlassen, wenn es darum geht, Menschen eine B\u00fchne der W\u00fcrde zu bieten, die im Alltag oft \u00fcbersehen werden.<\/p>\n<p data-start=\"1964\" data-end=\"2205\">\u201eEs geht uns nicht nur ums Essen. Es geht um das Gef\u00fchl, Teil einer Gemeinschaft zu sein\u201c, sagt Gastgeberin <strong data-start=\"2072\" data-end=\"2091\">Silja Steinberg<\/strong>. Mit Unterst\u00fctzung der <strong data-start=\"2115\" data-end=\"2133\">M\u00fcnchner Tafel<\/strong> und zahlreichen Ehrenamtlichen wird jedes Detail liebevoll vorbereitet.<\/p>\n<p>Prominente Hilfe \u2013 mit echtem Herzen<\/p>\n<p data-start=\"2253\" data-end=\"2527\">Dass auch bekannte Pers\u00f6nlichkeiten wie Moderatorin <strong data-start=\"2293\" data-end=\"2311\">Carolin Reiber<\/strong>, Tiersch\u00fctzerin <a href=\"https:\/\/www.exklusiv-muenchen.de\/news\/uschi-ackermann-warnt-hunde-sind-keine-guten-weihnachtsgeschenke-71011\" target=\"_blank\" rel=\"noopener\"><strong data-start=\"2313\" data-end=\"2332\">Uschi Ackermann<\/strong><\/a>, Schauspieler <strong data-start=\"2334\" data-end=\"2358\">Francis Fulton-Smith<\/strong> oder Opernstar <strong data-start=\"2364\" data-end=\"2378\">Edda Moser<\/strong> mit anpacken, unterstreicht die gesellschaftliche Relevanz der Veranstaltung. Ihr Engagement ist keine Pflicht, sondern Ausdruck echter Solidarit\u00e4t.<\/p>\n<p data-start=\"2529\" data-end=\"2704\">Die musikalische Begleitung durch lokale Bands bringt W\u00e4rme in den Raum, oft sogar Bewegung aufs Parkett \u2013 ein Hauch von Leichtigkeit, der in solchen Momenten unbezahlbar ist.<\/p>\n<p><strong data-start=\"2710\" data-end=\"2756\">Ein Vorbild f\u00fcr M\u00fcnchen und<\/strong> dar\u00fcber<strong data-start=\"2710\" data-end=\"2756\"> hinaus<\/strong><\/p>\n<p data-start=\"2758\" data-end=\"2981\">F\u00fcr <strong data-start=\"2762\" data-end=\"2782\">Hannelore Kiethe<\/strong>, Gr\u00fcnderin der M\u00fcnchner Tafel, ist dieses Fest mehr als eine Tradition: \u201eEs schenkt Aufmerksamkeit, Wertsch\u00e4tzung und menschliche N\u00e4he. In einer Stadt wie M\u00fcnchen brauchen wir genau solche Signale.\u201c<\/p>\n<p data-start=\"151\" data-end=\"461\">Familie Steinberg erinnert eben daran, dass wahre Gr\u00f6\u00dfe im Teilen liegt. Soziales Engagement M\u00fcnchen \u2013 Teil I. In Zukunft stellen wir regelm\u00e4\u00dfig Pers\u00f6nlichkeiten, Initiativen und Gastgeber vor, die mit Herz und Haltung Verantwortung \u00fcbernehmen \u2013 still, stilvoll und mit echter Wirkung f\u00fcr unsere Stadt.<\/p>\n<p>Prominente aus M\u00fcnchen und Umgebung mit sozialen Engagement<br \/>\nRudolph Moshammer \u2013 Mode\u2011Ikone &amp; Sozialpionier (\u2020)<\/p>\n<p data-start=\"2936\" data-end=\"3209\">Der legend\u00e4re M\u00fcnchner Modedesigner gr\u00fcndete die Stiftung Licht f\u00fcr Obdachlose und lud Obdachlose regelm\u00e4\u00dfig zu Weihnachtsessen ein. Auch wenn sie inzwischen aufgel\u00f6st wurde, bleibt sein Engagement ein Teil der M\u00fcnchner Sozialkultur.<\/p>\n<p>Jutta Speidel \u2013 Schauspielerin &amp; Gr\u00fcnderin von Horizont e.\u202fV.<\/p>\n<p data-start=\"382\" data-end=\"665\">Die M\u00fcnchner Schauspielerin gr\u00fcndete 1997 den Verein Horizont e.\u202fV., der heute obdachlosen M\u00fcttern und ihren Kindern ein Zuhause und Perspektiven bietet \u2013 ein Herzensprojekt, das sie konsequent ausbaut und mit pers\u00f6nlichem Einsatz vorantreibt. Und wo viele M\u00fcnchner Unternehmen unterst\u00fctzend zur Seite stehen. Zum Beispiel <a href=\"https:\/\/www.exklusiv-muenchen.de\/news\/bettenrid-unterstuetzt-verein-von-jutta-speidel-64744\" target=\"_blank\" rel=\"noopener\">Bettenrid<\/a>.<\/p>\n<p>Uli Hoene\u00df \u2013 Ehrenpr\u00e4sident des FC Bayern &amp; Unterst\u00fctzer sozialer Projekte<\/p>\n<p data-start=\"759\" data-end=\"1043\">Auch wenn sein Name gelegentlich kontrovers diskutiert wird, engagiert sich Hoene\u00df \u00fcber <strong data-start=\"847\" data-end=\"871\">FC Bayern Hilfe e.V.<\/strong> f\u00fcr Kinder in Not und spendete z.\u202fB. im Rahmen von \u201eEin Herz f\u00fcr Kinder\u201c namhafte Betr\u00e4ge zur Unterst\u00fctzung benachteiligter Familien. <a class=\"flex h-4.5 overflow-hidden rounded-xl px-2 text-[9px] font-medium transition-colors duration-150 ease-in-out text-token-text-secondary! bg-[#F4F4F4]! dark:bg-[#303030]!\" href=\"https:\/\/www.bavarianfootballworks.com\/bayern-munich-finances-board\/156385\/uli-hoenes-turns-charitable-donates-to-children-in-need-with-bayern-munich?utm_source=chatgpt.com\" target=\"_blank\" rel=\"noopener\">Bavarian Football Works<\/a><\/p>\n<p>Serge Gnabry \u2013 Fu\u00dfballstar &amp; Gr\u00fcnder einer Stiftung f\u00fcr Gesundheit<\/p>\n<p data-start=\"1130\" data-end=\"1376\">Der Bayern\u2011Profifu\u00dfballer hat die <strong data-start=\"1164\" data-end=\"1191\">Serge Gnabry Foundation<\/strong> ins Leben gerufen. Er arbeitet z.\u202fB. mit dem Haunerschen Kinderspital zusammen, um die gesundheitliche Versorgung, Forschung und Pflege zu verbessern.<\/p>\n<p>Michaela May \u2013 M\u00fcnchner Schauspiellegende &amp; langj\u00e4hrige Benefiz\u2011Botschafterin<\/p>\n<p data-start=\"1474\" data-end=\"1762\">Die M\u00fcnchnerin setzt sich seit Jahrzehnten f\u00fcr verschiedene soziale Zwecke ein. So ist sie Botschafterin f\u00fcr Mukoviszidose\u2011Patienten, unterst\u00fctzt <strong data-start=\"1652\" data-end=\"1671\">Welthungerhilfe<\/strong> und ist Patin f\u00fcr Initiativen gegen Einsamkeit im Alter.<\/p>\n","protected":false},"excerpt":{"rendered":"Im gesch\u00e4ftigen M\u00fcnchen, wo Exklusivit\u00e4t und Erfolg oft das Bild pr\u00e4gen, setzt eine Wirtefamilie seit Jahrzehnten ein stilles,&hellip;\n","protected":false},"author":2,"featured_media":691135,"comment_status":"","ping_status":"","sticky":false,"template":"","format":"standard","meta":{"footnotes":""},"categories":[1827],"tags":[772,29,30,1268],"class_list":{"0":"post-691134","1":"post","2":"type-post","3":"status-publish","4":"format-standard","5":"has-post-thumbnail","7":"category-muenchen","8":"tag-bayern","9":"tag-deutschland","10":"tag-germany","11":"tag-muenchen"},"share_on_mastodon":{"url":"https:\/\/pubeurope.com\/@de\/115833416436902385","error":""},"_links":{"self":[{"href":"https:\/\/www.europesays.com\/de\/wp-json\/wp\/v2\/posts\/691134","targetHints":{"allow":["GET"]}}],"collection":[{"href":"https:\/\/www.europesays.com\/de\/wp-json\/wp\/v2\/posts"}],"about":[{"href":"https:\/\/www.europesays.com\/de\/wp-json\/wp\/v2\/types\/post"}],"author":[{"embeddable":true,"href":"https:\/\/www.europesays.com\/de\/wp-json\/wp\/v2\/users\/2"}],"replies":[{"embeddable":true,"href":"https:\/\/www.europesays.com\/de\/wp-json\/wp\/v2\/comments?post=691134"}],"version-history":[{"count":0,"href":"https:\/\/www.europesays.com\/de\/wp-json\/wp\/v2\/posts\/691134\/revisions"}],"wp:featuredmedia":[{"embeddable":true,"href":"https:\/\/www.europesays.com\/de\/wp-json\/wp\/v2\/media\/691135"}],"wp:attachment":[{"href":"https:\/\/www.europesays.com\/de\/wp-json\/wp\/v2\/media?parent=691134"}],"wp:term":[{"taxonomy":"category","embeddable":true,"href":"https:\/\/www.europesays.com\/de\/wp-json\/wp\/v2\/categories?post=691134"},{"taxonomy":"post_tag","embeddable":true,"href":"https:\/\/www.europesays.com\/de\/wp-json\/wp\/v2\/tags?post=691134"}],"curies":[{"name":"wp","href":"https:\/\/api.w.org\/{rel}","templated":true}]}}