{"id":691169,"date":"2026-01-03T22:20:13","date_gmt":"2026-01-03T22:20:13","guid":{"rendered":"https:\/\/www.europesays.com\/de\/691169\/"},"modified":"2026-01-03T22:20:13","modified_gmt":"2026-01-03T22:20:13","slug":"insolvenz-verband-warnt-vor-pleitejahr-fuer-wichtige-versorger-kliniken-news","status":"publish","type":"post","link":"https:\/\/www.europesays.com\/de\/691169\/","title":{"rendered":"Insolvenz: Verband warnt vor Pleitejahr f\u00fcr wichtige Versorger-Kliniken | News"},"content":{"rendered":"<p>Osnabr\u00fcck (Niedersachsen) \u2013 <b>Schon im letzten Jahr war die finanzielle Lage chronisch schlecht, jetzt wird sie kritisch. Die Kassen\u00e4rztliche Bundesvereinigung (KBV) warnt f\u00fcr das neue Jahr vor einer Pleitewelle vieler Krankenh\u00e4user: Betroffen k\u00f6nnten auch wichtige Versorger-Kliniken sein.<\/b><\/p>\n<p>Eines der j\u00fcngsten Beispiele einer ganzen Reihe von <a href=\"https:\/\/www.bild.de\/themen\/specials\/insolvenz\/finanzen-nachrichten-news-fotos-videos-21175522.bild.html\" class=\"text-link\" target=\"_blank\" rel=\"noopener\">Insolvenzen<\/a> in der deutschen Gesundheitsf\u00fcrsorge: Im Sp\u00e4therbst meldete die Krankenhaus Geesthacht GmbH mit 700 Mitarbeitern Insolvenz an. Die Klinik in Schleswig-Holstein ist schon <a href=\"https:\/\/www.bild.de\/regional\/schleswig-holstein\/krankenhaus-meldet-insolvenz-an-700-mitarbeiter-von-pleite-betroffen-6901deb38ef09a6aa251c6e4\" class=\"text-link\" target=\"_blank\" rel=\"noopener\">zum zweiten Mal pleite<\/a>. 250 Angestellte bekamen am 29. Dezember die K\u00fcndigung. Nun sollen die Unfallmedizin, die Intensivstation und die Gyn\u00e4kologie geschlossen werden, um aus dem Standort eine wirtschaftlich tragf\u00e4hige Fachklinik zu machen.<\/p>\n<p>So dramatisch ist die Lage im Gesundheitswesen<\/p>\n<p>Die Situation in Geesthacht ist symptomatisch. Das Modell Vollversorgung f\u00fcr Patienten funktioniert nicht mehr. Wegen der Verw\u00e4sserung der Krankenhaus-Reform bef\u00fcrchten die Experten der KBV, dass 2026 immer mehr medizinische Versorger zahlungsunf\u00e4hig werden.<\/p>\n<p>\u201eDie Konsequenz ist klar: Ohne echte Reform werden <a href=\"https:\/\/www.bild.de\/themen\/organisationen\/krankenhaus\/krankenhaus-nachrichten-news-fotos-videos-42750176.bild.html\" class=\"text-link\" target=\"_blank\" rel=\"noopener\">Krankenh\u00e4user<\/a> weiter reihenweise in die Insolvenz st\u00fcrzen. Das Dramatische dabei ist, dass es nicht nur verzichtbare Kleinkrankenh\u00e4user trifft, sondern teils wichtige Versorger-Kliniken, die gute Arbeit leisten und die wir brauchen\u201c, sagte der KBV-Vorstandsvorsitzende Andreas Gassen der \u201eNeuen Osnabr\u00fccker Zeitung\u201c. Ein Grund sei, dass die noch von Ex-Gesundheitsminister Karl Lauterbach (62, SPD) gestartete <a href=\"https:\/\/www.bild.de\/politik\/inland\/krankenhausreform-das-kommt-jetzt-auf-patienten-zu-67406d3d5873023c9e7a7def\" class=\"text-link\" target=\"_blank\" rel=\"noopener\">Krankenhaus-Reform<\/a> bis \u201eUnkenntlichkeit zerfleddert\u201c worden sei. <\/p>\n<p><img decoding=\"async\" width=\"992\" height=\"627\" alt=\"Dr. Andreas Gassen ist seit 2014 Vorstandsvorsitzender der Kassen\u00e4rztlichen Bundesvereinigung\" src=\"https:\/\/www.europesays.com\/de\/wp-content\/uploads\/2026\/01\/1d51850fa95fb9139592701dc6c3c864,c774f224.jpeg\"   class=\"dynamic\" loading=\"lazy\"\/><\/p>\n<p class=\"fig__caption__text\">Dr. Andreas Gassen ist seit 2014 Vorstandsvorsitzender der Kassen\u00e4rztlichen Bundesvereinigung<\/p>\n<p>Foto: Christian Knieps<\/p>\n<p>Immer mehr Kliniken k\u00e4mpfen ums wirtschaftliche \u00dcberleben. Diverse Krankenh\u00e4user gerieten unl\u00e4ngst ins Straucheln.<\/p>\n<p>Kliniken, die Insolvenz anmelden mussten<img decoding=\"async\" width=\"992\" height=\"558\" alt=\"Die Park-Klinik in Berlin-Wei\u00dfensee ist finanziell am Ende \u2013 wie viele Krankenh\u00e4user in Deutschland\" src=\"https:\/\/www.europesays.com\/de\/wp-content\/uploads\/2026\/01\/788f9b281c2581e5a42a00a9f9b9d878,53f495cb.jpeg\"   class=\"landscape\" loading=\"lazy\"\/><\/p>\n<p class=\"fig__caption__text\">Die Park-Klinik in Berlin-Wei\u00dfensee ist finanziell am Ende, wie viele Krankenh\u00e4user in Deutschland<\/p>\n<p>Foto: Schoening\/picture alliance<\/p>\n<p>Schuld gibt Gesundheitsstratege Andreas Gassen den Regierungschefs der L\u00e4nder: \u201eDie Bundesl\u00e4nder sind zu den notwendigen Strukturanpassungen einfach nicht bereit, bei der Mahnwache vor der Miniklinik mit 80 Betten machen alle mit\u201c, sagte er dem Blatt.<\/p>\n<p>Die Patientenzahlen sinken, aber die Kliniken seien mit mehr als 100 Milliarden Euro der gr\u00f6\u00dfte Kostenblock. \u201eWenn es rein um die Versorgung der Patienten ginge, k\u00f6nnten wir in Deutschland auf etliche, teils sehr kleine Krankenh\u00e4user, die jetzt bereits kaum noch echte Versorgung leisten, verzichten. Jeder Ministerpr\u00e4sident wei\u00df das, sagt aber: \u201aNicht in meinem Bundesland!\u2018, sagte Gassen laut \u201e<a href=\"https:\/\/www.noz.de\/deutschland-welt\/politik\/artikel\/kassenaerztechef-gassen-steuern-auf-alkohol-erhoehen-49534225\" target=\"_blank\" rel=\"nofollow noopener\" class=\"text-link--external text-link\">Neuer Osnabr\u00fccker Zeitung<\/a>\u201c. Und er wird sehr deutlich, was passieren muss.<\/p>\n<p>Streichung von Leistungen gefordert<\/p>\n<p>Um die Ausgaben weiter substanziell zu senken, pl\u00e4diert der fr\u00fchere Notfallmediziner in dem Blatt daf\u00fcr, Leistungen zu streichen: \u201eIn England bekommen Sie mit 70 Jahren eben keine neue H\u00fcfte mehr. In Schweden muss die Zahnversorgung selbst bezahlt werden. Psychotherapie gibt es sonst nirgendwo in der gesetzlichen Krankenversicherung.\u201c Au\u00dferdem k\u00f6nnten Steuern auf Alkohol, Tabak, Cannabis oder Zucker erh\u00f6ht werden.<\/p>\n","protected":false},"excerpt":{"rendered":"Osnabr\u00fcck (Niedersachsen) \u2013 Schon im letzten Jahr war die finanzielle Lage chronisch schlecht, jetzt wird sie kritisch. Die&hellip;\n","protected":false},"author":2,"featured_media":691170,"comment_status":"","ping_status":"","sticky":false,"template":"","format":"standard","meta":{"footnotes":""},"categories":[2],"tags":[159830,29,30,141,33657,13,1551,2985,3263,10701,837,14,15,1158,41166,1371,12,45,10,8,9,11,17591,55],"class_list":{"0":"post-691169","1":"post","2":"type-post","3":"status-publish","4":"format-standard","5":"has-post-thumbnail","7":"category-deutschland","8":"tag-bundesverband-der-gesetzlichen-krankenkassen","9":"tag-deutschland","10":"tag-germany","11":"tag-gesundheit","12":"tag-gesundheitsreform","13":"tag-headlines","14":"tag-insolvenz","15":"tag-kosten","16":"tag-krankenhaus","17":"tag-krankenhaeuser","18":"tag-medizin","19":"tag-nachrichten","20":"tag-news","21":"tag-organisationen","22":"tag-patient","23":"tag-pleite","24":"tag-schlagzeilen","25":"tag-texttospeech","26":"tag-top-news","27":"tag-top-meldungen","28":"tag-topmeldungen","29":"tag-topnews","30":"tag-unternehmensformen","31":"tag-wirtschaft"},"share_on_mastodon":{"url":"https:\/\/pubeurope.com\/@de\/115833498929717093","error":""},"_links":{"self":[{"href":"https:\/\/www.europesays.com\/de\/wp-json\/wp\/v2\/posts\/691169","targetHints":{"allow":["GET"]}}],"collection":[{"href":"https:\/\/www.europesays.com\/de\/wp-json\/wp\/v2\/posts"}],"about":[{"href":"https:\/\/www.europesays.com\/de\/wp-json\/wp\/v2\/types\/post"}],"author":[{"embeddable":true,"href":"https:\/\/www.europesays.com\/de\/wp-json\/wp\/v2\/users\/2"}],"replies":[{"embeddable":true,"href":"https:\/\/www.europesays.com\/de\/wp-json\/wp\/v2\/comments?post=691169"}],"version-history":[{"count":0,"href":"https:\/\/www.europesays.com\/de\/wp-json\/wp\/v2\/posts\/691169\/revisions"}],"wp:featuredmedia":[{"embeddable":true,"href":"https:\/\/www.europesays.com\/de\/wp-json\/wp\/v2\/media\/691170"}],"wp:attachment":[{"href":"https:\/\/www.europesays.com\/de\/wp-json\/wp\/v2\/media?parent=691169"}],"wp:term":[{"taxonomy":"category","embeddable":true,"href":"https:\/\/www.europesays.com\/de\/wp-json\/wp\/v2\/categories?post=691169"},{"taxonomy":"post_tag","embeddable":true,"href":"https:\/\/www.europesays.com\/de\/wp-json\/wp\/v2\/tags?post=691169"}],"curies":[{"name":"wp","href":"https:\/\/api.w.org\/{rel}","templated":true}]}}