{"id":691294,"date":"2026-01-03T23:36:36","date_gmt":"2026-01-03T23:36:36","guid":{"rendered":"https:\/\/www.europesays.com\/de\/691294\/"},"modified":"2026-01-03T23:36:36","modified_gmt":"2026-01-03T23:36:36","slug":"subway-to-sally-simon-levko-verlaesst-die-band","status":"publish","type":"post","link":"https:\/\/www.europesays.com\/de\/691294\/","title":{"rendered":"Subway To Sally: Simon Levko verl\u00e4sst die Band"},"content":{"rendered":"<p>Wieso er nicht l\u00e4nger Teil von SUBWAY TO SALLY sein m\u00f6chte, teilte Band-Mitbegr\u00fcnder Simon Levko bisher nicht \u00f6ffentlich mit. In seinem offiziellen <a href=\"https:\/\/www.facebook.com\/subwaytosally\/posts\/pfbid02NeBuYe5hazb5UAKFVnGLR8ngvwmoqV8dRztvSVZYfJ6CNmooyHoaXwW7KSS1u7EUl\" target=\"_blank\" rel=\"noreferrer noopener\">Statement<\/a>, das er \u00fcber die sozialen Medien der Mittelalter-Metal-Band ver\u00f6ffentlichte, lie\u00df der Musiker lediglich verlauten, dass die gemeinsame Reise nun nach stolzen 35 Jahren zu Ende geht. Simon wendet sich mit den folgenden Worten an die Fans:<\/p>\n<p>&#8222;Liebe Subway-To-Sally-Familie,<br \/>nach 35 Jahren ist es Zeit, ein Kapitel zu schlie\u00dfen: Ich verlasse SUBWAY TO SALLY.<br \/>Diese Band war f\u00fcr mich \u00fcber Jahrzehnte hinweg viel mehr als &#8217;nur&#8216; Musik \u2013 sie war Zuhause, Abenteuer, Herausforderung, Freundschaft, B\u00fchne, Herzklopfen. Wir haben gemeinsam unz\u00e4hlige Kilometer, Konzerte, Festivals, Studiotage, viele H\u00f6hen und auch schwierige Momente erlebt. Es war eine lange und aufregende Reise, die f\u00fcr mich nun endet.<\/p>\n<p>Ich m\u00f6chte Euch allen von Herzen Danke sagen. F\u00fcr Eure Treue, Eure Energie, f\u00fcr jeden Applaus, jede Nachricht, jedes Mitsingen, jedes Mal, wenn Ihr aus unserer Musik etwas noch Gr\u00f6\u00dferes gemacht habt.<br \/>SUBWAY TO SALLY wird weitergehen und ich w\u00fcnsche meinen Bandkollegen daf\u00fcr Kraft, Inspiration und R\u00fcckenwind. Danke f\u00fcr 35 Jahre Abenteuer!<br \/>Euer Simon&#8220;<\/p>\n<p>Wer nach der Trennung in Zukunft anstelle von Simon Levko bei SUBWAY TO SALLY die Gitarre spielen wird, ist derzeit noch nicht bekannt.<\/p>\n","protected":false},"excerpt":{"rendered":"Wieso er nicht l\u00e4nger Teil von SUBWAY TO SALLY sein m\u00f6chte, teilte Band-Mitbegr\u00fcnder Simon Levko bisher nicht \u00f6ffentlich&hellip;\n","protected":false},"author":2,"featured_media":691295,"comment_status":"","ping_status":"","sticky":false,"template":"","format":"standard","meta":{"footnotes":""},"categories":[1772],"tags":[29,214,30,1779,810,215],"class_list":{"0":"post-691294","1":"post","2":"type-post","3":"status-publish","4":"format-standard","5":"has-post-thumbnail","7":"category-musik","8":"tag-deutschland","9":"tag-entertainment","10":"tag-germany","11":"tag-music","12":"tag-musik","13":"tag-unterhaltung"},"share_on_mastodon":{"url":"https:\/\/pubeurope.com\/@de\/115833797939351018","error":""},"_links":{"self":[{"href":"https:\/\/www.europesays.com\/de\/wp-json\/wp\/v2\/posts\/691294","targetHints":{"allow":["GET"]}}],"collection":[{"href":"https:\/\/www.europesays.com\/de\/wp-json\/wp\/v2\/posts"}],"about":[{"href":"https:\/\/www.europesays.com\/de\/wp-json\/wp\/v2\/types\/post"}],"author":[{"embeddable":true,"href":"https:\/\/www.europesays.com\/de\/wp-json\/wp\/v2\/users\/2"}],"replies":[{"embeddable":true,"href":"https:\/\/www.europesays.com\/de\/wp-json\/wp\/v2\/comments?post=691294"}],"version-history":[{"count":0,"href":"https:\/\/www.europesays.com\/de\/wp-json\/wp\/v2\/posts\/691294\/revisions"}],"wp:featuredmedia":[{"embeddable":true,"href":"https:\/\/www.europesays.com\/de\/wp-json\/wp\/v2\/media\/691295"}],"wp:attachment":[{"href":"https:\/\/www.europesays.com\/de\/wp-json\/wp\/v2\/media?parent=691294"}],"wp:term":[{"taxonomy":"category","embeddable":true,"href":"https:\/\/www.europesays.com\/de\/wp-json\/wp\/v2\/categories?post=691294"},{"taxonomy":"post_tag","embeddable":true,"href":"https:\/\/www.europesays.com\/de\/wp-json\/wp\/v2\/tags?post=691294"}],"curies":[{"name":"wp","href":"https:\/\/api.w.org\/{rel}","templated":true}]}}