{"id":691770,"date":"2026-01-04T04:29:10","date_gmt":"2026-01-04T04:29:10","guid":{"rendered":"https:\/\/www.europesays.com\/de\/691770\/"},"modified":"2026-01-04T04:29:10","modified_gmt":"2026-01-04T04:29:10","slug":"eu-im-schatten-der-usa-nato-dominiert-trump-provoziert","status":"publish","type":"post","link":"https:\/\/www.europesays.com\/de\/691770\/","title":{"rendered":"EU im Schatten der USA: NATO dominiert, Trump provoziert"},"content":{"rendered":"<p>https:\/\/voennoedelo.com\/de\/posts\/id10280-eu-im-schatten-der-usa-nato-dominiert-trump-provoziert<\/p>\n<p>    <a itemprop=\"url\" href=\"https:\/\/voennoedelo.com\/de\/posts\/id10280-eu-im-schatten-der-usa-nato-dominiert-trump-provoziert\" target=\"_blank\" rel=\"noopener\"><\/p>\n<p>EU im Schatten der USA: NATO dominiert, Trump provoziert<\/p>\n<p>Sabah-Kolumnist: EU abh\u00e4ngig von den USA, NATO setzt den Ton<\/p>\n<p>EU im Schatten der USA: NATO dominiert, Trump provoziert<\/p>\n<p>Ein Sabah-Kolumnist sieht die EU milit\u00e4risch und wirtschaftlich von den USA abh\u00e4ngig. NATO setzt den Ton; Trumps Sicherheitsstrategie fordert Eigenst\u00e4ndigkeit.<\/p>\n<p>2026-01-03T21:02:45+03:00<\/p>\n<p>2026-01-03T21:02:45+03:00<\/p>\n<p>2026-01-03T21:02:45+03:00<\/p>\n<p>Der Kolumnist Bercan Tutar von der regierungsnahen t\u00fcrkischen Tageszeitung Sabah h\u00e4lt der Europ\u00e4ischen Union vor, sie sei inzwischen vollst\u00e4ndig von den Vereinigten Staaten abh\u00e4ngig und habe keine ihrer erkl\u00e4rten Ambitionen eingel\u00f6st. Zugleich beobachtet er, dass die NATO den politischen Diskurs immer st\u00e4rker bestimmt, w\u00e4hrend die EU in den Hintergrund r\u00fcckt.Tutar behauptet, Europa sei milit\u00e4risch, wirtschaftlich, technologisch und politisch vollst\u00e4ndig auf Washington angewiesen, und prognostiziert, die Europ\u00e4ische Union werde letztlich zerfallen, ohne ihren Traum von Einheit zu verwirklichen oder ihre eigenen Zielvorgaben zu erreichen. Au\u00dferdem verweist er darauf, dass US\u2011Pr\u00e4sident Donald Trump in seinem j\u00fcngsten Strategiepapier zur nationalen Sicherheit der Welt sinngem\u00e4\u00df zu verstehen gegeben habe, das von ihm missbilligte Europa sei bereits tot.Erw\u00e4hnenswert ist auch, dass das Wei\u00dfe Haus am 5. Dezember eine aktualisierte Nationale Sicherheitsstrategie ver\u00f6ffentlicht hat, die die europ\u00e4ischen Staaten auffordert, Verantwortung f\u00fcr ihre eigene Verteidigung zu \u00fcbernehmen.<\/p>\n<p>EU, USA, NATO, Donald Trump, Nationale Sicherheitsstrategie, Europa, Abh\u00e4ngigkeit, Sabah, Kolumnist, Bercan Tutar, EU-Zerfall, europ\u00e4ische Verteidigung, Washington, politische Analyse<\/p>\n<p>2026<\/p>\n<p>news<\/p>\n","protected":false},"excerpt":{"rendered":"https:\/\/voennoedelo.com\/de\/posts\/id10280-eu-im-schatten-der-usa-nato-dominiert-trump-provoziert EU im Schatten der USA: NATO dominiert, Trump provoziert Sabah-Kolumnist: EU abh\u00e4ngig von den USA, NATO setzt&hellip;\n","protected":false},"author":2,"featured_media":691771,"comment_status":"","ping_status":"","sticky":false,"template":"","format":"standard","meta":{"footnotes":""},"categories":[3933],"tags":[16887,331,332,159931,106,548,159932,663,158,33701,3934,3935,13,159930,14,156603,1159,15,159933,159929,12,64,320],"class_list":{"0":"post-691770","1":"post","2":"type-post","3":"status-publish","4":"format-standard","5":"has-post-thumbnail","7":"category-eu","8":"tag-abhaengigkeit","9":"tag-aktuelle-nachrichten","10":"tag-aktuelle-news","11":"tag-bercan-tutar","12":"tag-donald-trump","13":"tag-eu","14":"tag-eu-zerfall","15":"tag-europa","16":"tag-europaeische-union","17":"tag-europaeische-verteidigung","18":"tag-europe","19":"tag-european-union","20":"tag-headlines","21":"tag-kolumnist","22":"tag-nachrichten","23":"tag-nationale-sicherheitsstrategie","24":"tag-nato","25":"tag-news","26":"tag-politische-analyse","27":"tag-sabah","28":"tag-schlagzeilen","29":"tag-usa","30":"tag-washington"},"share_on_mastodon":{"url":"https:\/\/pubeurope.com\/@de\/115834949721711620","error":""},"_links":{"self":[{"href":"https:\/\/www.europesays.com\/de\/wp-json\/wp\/v2\/posts\/691770","targetHints":{"allow":["GET"]}}],"collection":[{"href":"https:\/\/www.europesays.com\/de\/wp-json\/wp\/v2\/posts"}],"about":[{"href":"https:\/\/www.europesays.com\/de\/wp-json\/wp\/v2\/types\/post"}],"author":[{"embeddable":true,"href":"https:\/\/www.europesays.com\/de\/wp-json\/wp\/v2\/users\/2"}],"replies":[{"embeddable":true,"href":"https:\/\/www.europesays.com\/de\/wp-json\/wp\/v2\/comments?post=691770"}],"version-history":[{"count":0,"href":"https:\/\/www.europesays.com\/de\/wp-json\/wp\/v2\/posts\/691770\/revisions"}],"wp:featuredmedia":[{"embeddable":true,"href":"https:\/\/www.europesays.com\/de\/wp-json\/wp\/v2\/media\/691771"}],"wp:attachment":[{"href":"https:\/\/www.europesays.com\/de\/wp-json\/wp\/v2\/media?parent=691770"}],"wp:term":[{"taxonomy":"category","embeddable":true,"href":"https:\/\/www.europesays.com\/de\/wp-json\/wp\/v2\/categories?post=691770"},{"taxonomy":"post_tag","embeddable":true,"href":"https:\/\/www.europesays.com\/de\/wp-json\/wp\/v2\/tags?post=691770"}],"curies":[{"name":"wp","href":"https:\/\/api.w.org\/{rel}","templated":true}]}}