{"id":692493,"date":"2026-01-04T11:57:17","date_gmt":"2026-01-04T11:57:17","guid":{"rendered":"https:\/\/www.europesays.com\/de\/692493\/"},"modified":"2026-01-04T11:57:17","modified_gmt":"2026-01-04T11:57:17","slug":"hafencity-innenstadt-co-das-passiert-2026-in-hamburg-mitte","status":"publish","type":"post","link":"https:\/\/www.europesays.com\/de\/692493\/","title":{"rendered":"HafenCity, Innenstadt &#038; Co: Das passiert 2026 in Hamburg-Mitte"},"content":{"rendered":"<p><b>2025 neigt sich dem Ende zu \u2013 Zeit, den Blick nach vorne zu richten. In der MOPO stellen wir f\u00fcr alle sieben Hamburger Bezirke eine Auswahl der Pl\u00e4ne f\u00fcrs neue Jahr vor. Dieser Artikel widmet sich dem zentralsten, aber auch vielschichtigsten aller Bezirke, Hamburg-Mitte. Denn dazu geh\u00f6ren nicht nur die historische Innenstadt und die hochpreisige HafenCity, sondern auch Wilhelmsburg und St. Pauli.<\/b> <\/p>\n","protected":false},"excerpt":{"rendered":"2025 neigt sich dem Ende zu \u2013 Zeit, den Blick nach vorne zu richten. In der MOPO stellen&hellip;\n","protected":false},"author":2,"featured_media":692494,"comment_status":"","ping_status":"","sticky":false,"template":"","format":"standard","meta":{"footnotes":""},"categories":[1826],"tags":[29,30,692],"class_list":{"0":"post-692493","1":"post","2":"type-post","3":"status-publish","4":"format-standard","5":"has-post-thumbnail","7":"category-hamburg","8":"tag-deutschland","9":"tag-germany","10":"tag-hamburg"},"share_on_mastodon":{"url":"https:\/\/pubeurope.com\/@de\/115836711381894846","error":""},"_links":{"self":[{"href":"https:\/\/www.europesays.com\/de\/wp-json\/wp\/v2\/posts\/692493","targetHints":{"allow":["GET"]}}],"collection":[{"href":"https:\/\/www.europesays.com\/de\/wp-json\/wp\/v2\/posts"}],"about":[{"href":"https:\/\/www.europesays.com\/de\/wp-json\/wp\/v2\/types\/post"}],"author":[{"embeddable":true,"href":"https:\/\/www.europesays.com\/de\/wp-json\/wp\/v2\/users\/2"}],"replies":[{"embeddable":true,"href":"https:\/\/www.europesays.com\/de\/wp-json\/wp\/v2\/comments?post=692493"}],"version-history":[{"count":0,"href":"https:\/\/www.europesays.com\/de\/wp-json\/wp\/v2\/posts\/692493\/revisions"}],"wp:featuredmedia":[{"embeddable":true,"href":"https:\/\/www.europesays.com\/de\/wp-json\/wp\/v2\/media\/692494"}],"wp:attachment":[{"href":"https:\/\/www.europesays.com\/de\/wp-json\/wp\/v2\/media?parent=692493"}],"wp:term":[{"taxonomy":"category","embeddable":true,"href":"https:\/\/www.europesays.com\/de\/wp-json\/wp\/v2\/categories?post=692493"},{"taxonomy":"post_tag","embeddable":true,"href":"https:\/\/www.europesays.com\/de\/wp-json\/wp\/v2\/tags?post=692493"}],"curies":[{"name":"wp","href":"https:\/\/api.w.org\/{rel}","templated":true}]}}