{"id":692695,"date":"2026-01-04T13:52:10","date_gmt":"2026-01-04T13:52:10","guid":{"rendered":"https:\/\/www.europesays.com\/de\/692695\/"},"modified":"2026-01-04T13:52:10","modified_gmt":"2026-01-04T13:52:10","slug":"daniel-beiner-wird-vize-der-cdu-stadtratsfraktion-ludwigshafen","status":"publish","type":"post","link":"https:\/\/www.europesays.com\/de\/692695\/","title":{"rendered":"Daniel Beiner wird Vize der CDU-Stadtratsfraktion &#8211; Ludwigshafen"},"content":{"rendered":"<p><b\/>Zum Jahreswechsel sortiert sich die 17-k\u00f6pfige CDU-Stadtratsfraktion neu:  Daniel Beiner (41) \u00fcbernimmt erneut das Amt des stellvertretenden Vorsitzenden der CDU-Fraktion als Nachfolger von Klaus Blettner (58), der sein Amt als Ludwigshafener Oberb\u00fcrgermeister angetreten hat.  Beiner  ist seit 2014 Mitglied des Stadtrates. Der Oggersheimer war bereits in der Vergangenheit einmal einer von  drei stellvertretenden Fraktionsvorsitzenden.  Blettner hatte dieses Amt inne, weil er bei der OB-Wahl antrat und politisches Profil im Rat gewinnen wollte. Beiner ist Gymnasiallehrer und  seit Jahren auf die Bereiche Schulen und Jugend spezialisiert. Dar\u00fcber hinaus leitet er seit zehn Jahren  den CDU-Ortsverband in <a class=\"rtr-entity\" data-rtr-entity=\"Oggersheim\" data-rtr-id=\"084ad114a225e498afc3b386c5e5f63e683009eb\" data-rtr-score=\"5.939628482972136\" data-rtr-etype=\"location\" data-rtr-index=\"4\" href=\"https:\/\/www.rheinpfalz.de\/themen\/ludwigshafen-oggersheim?utm_source=rheinpfalz.de&amp;utm_medium=tms&amp;utm_campaign=intext\" rel=\"nofollow noopener\" target=\"_blank\">Oggersheim<\/a>. Beiner ist Vater von zwei kleinen Kindern und erkl\u00e4rte zu seiner neuen Aufgabe: \u201eF\u00fcr Kinder und Familien m\u00fcssen wir uns als Kommune attraktiv zeigen, von Kitas und Schulen \u00fcber Wohnen und Bauen bis hin zu Freizeit-, Sport- und Kulturangeboten. Insofern haben wir einige Aufgaben vor uns.\u201c  Der Vorsitzende der CDU-Stadtratsfraktion, Peter Uebel, meinte: \u201eIch freue mich sehr, dass Daniel Beiner mit seinem Fachwissen und seiner Geradlinigkeit die Fraktionsspitze wieder komplettiert.\u201c <a href=\"https:\/\/www.rheinpfalz.de\/lokal\/ludwigshafen_artikel,-f%C3%BCr-neuen-ob-ist-der-stadtrat-der-schl%C3%BCssel-zur-macht-_arid,5801401.html\" target=\"_blank\" class=\"external-link-new-window\" title=\"\" rel=\"nofollow noopener\">Die CDU stellt mit 17 Mandaten die st\u00e4rkste Fraktion im 60-k\u00f6pfigen Ludwigshafener Stadtrat<\/a>, gefolgt von der SPD (14 Sitze) und der AfD (zw\u00f6lf Mandate). Insgesamt acht Fraktionen gibt es.<\/p>\n","protected":false},"excerpt":{"rendered":"Zum Jahreswechsel sortiert sich die 17-k\u00f6pfige CDU-Stadtratsfraktion neu: Daniel Beiner (41) \u00fcbernimmt erneut das Amt des stellvertretenden Vorsitzenden&hellip;\n","protected":false},"author":2,"featured_media":692696,"comment_status":"","ping_status":"","sticky":false,"template":"","format":"standard","meta":{"footnotes":"","_share_on_mastodon":"0"},"categories":[1845],"tags":[1634,31,160072,3364,29,548,663,3934,30,13,4060,25476,2096,14,15,27789,12],"class_list":["post-692695","post","type-post","status-publish","format-standard","has-post-thumbnail","category-mannheim","tag-baden-wuerttemberg","tag-cdu","tag-daniel-beiner","tag-de","tag-deutschland","tag-eu","tag-europa","tag-europe","tag-germany","tag-headlines","tag-lokal","tag-ludwigshafen","tag-mannheim","tag-nachrichten","tag-news","tag-oggersheim","tag-schlagzeilen"],"share_on_mastodon":{"url":"https:\/\/pubeurope.com\/@de\/115837163431215391","error":""},"_links":{"self":[{"href":"https:\/\/www.europesays.com\/de\/wp-json\/wp\/v2\/posts\/692695","targetHints":{"allow":["GET"]}}],"collection":[{"href":"https:\/\/www.europesays.com\/de\/wp-json\/wp\/v2\/posts"}],"about":[{"href":"https:\/\/www.europesays.com\/de\/wp-json\/wp\/v2\/types\/post"}],"author":[{"embeddable":true,"href":"https:\/\/www.europesays.com\/de\/wp-json\/wp\/v2\/users\/2"}],"replies":[{"embeddable":true,"href":"https:\/\/www.europesays.com\/de\/wp-json\/wp\/v2\/comments?post=692695"}],"version-history":[{"count":0,"href":"https:\/\/www.europesays.com\/de\/wp-json\/wp\/v2\/posts\/692695\/revisions"}],"wp:featuredmedia":[{"embeddable":true,"href":"https:\/\/www.europesays.com\/de\/wp-json\/wp\/v2\/media\/692696"}],"wp:attachment":[{"href":"https:\/\/www.europesays.com\/de\/wp-json\/wp\/v2\/media?parent=692695"}],"wp:term":[{"taxonomy":"category","embeddable":true,"href":"https:\/\/www.europesays.com\/de\/wp-json\/wp\/v2\/categories?post=692695"},{"taxonomy":"post_tag","embeddable":true,"href":"https:\/\/www.europesays.com\/de\/wp-json\/wp\/v2\/tags?post=692695"}],"curies":[{"name":"wp","href":"https:\/\/api.w.org\/{rel}","templated":true}]}}