{"id":692965,"date":"2026-01-04T16:23:13","date_gmt":"2026-01-04T16:23:13","guid":{"rendered":"https:\/\/www.europesays.com\/de\/692965\/"},"modified":"2026-01-04T16:23:13","modified_gmt":"2026-01-04T16:23:13","slug":"tesla-shuttle-nach-gruenheide-startet-kuenftig-sechs-mal-am-tag-am-ostbahnhof","status":"publish","type":"post","link":"https:\/\/www.europesays.com\/de\/692965\/","title":{"rendered":"Tesla-Shuttle nach Gr\u00fcnheide startet k\u00fcnftig sechs Mal am Tag am Ostbahnhof"},"content":{"rendered":"<p>Auf der Fahrt nach Gr\u00fcnheide h\u00e4lt der Zug auch am Ostkreuz und in Erkner. Er darf auch kostenlos von Nicht-Tesla-Besch\u00e4ftigten genutzt werden.<\/p>\n<p>Tesla bezahlt den Shuttle-Zug seit September 2023. Betrieben wurde er bislang von der Niederbarnimer Eisenbahn (NEB), nun \u00fcbernimmt die Ostdeutsche Eisenbahngesellschaft (Odeg). Tesla produziert seit M\u00e4rz 2022 offiziell Elektroautos in Gr\u00fcnheide bei Berlin.<\/p>\n","protected":false},"excerpt":{"rendered":"Auf der Fahrt nach Gr\u00fcnheide h\u00e4lt der Zug auch am Ostkreuz und in Erkner. Er darf auch kostenlos&hellip;\n","protected":false},"author":2,"featured_media":692966,"comment_status":"","ping_status":"","sticky":false,"template":"","format":"standard","meta":{"footnotes":"","_share_on_mastodon":"0"},"categories":[134],"tags":[296,1890,175,170,169,29,30,171,174,122047,143522,173,172],"class_list":["post-692965","post","type-post","status-publish","format-standard","has-post-thumbnail","category-unternehmen-maerkte","tag-berlin","tag-brandenburg","tag-business","tag-companies","tag-companies-markets","tag-deutschland","tag-germany","tag-markets","tag-maerkte","tag-oder-spree","tag-rbb24tesla","tag-unternehmen","tag-unternehmen-maerkte"],"share_on_mastodon":{"url":"https:\/\/pubeurope.com\/@de\/115837757255159685","error":""},"_links":{"self":[{"href":"https:\/\/www.europesays.com\/de\/wp-json\/wp\/v2\/posts\/692965","targetHints":{"allow":["GET"]}}],"collection":[{"href":"https:\/\/www.europesays.com\/de\/wp-json\/wp\/v2\/posts"}],"about":[{"href":"https:\/\/www.europesays.com\/de\/wp-json\/wp\/v2\/types\/post"}],"author":[{"embeddable":true,"href":"https:\/\/www.europesays.com\/de\/wp-json\/wp\/v2\/users\/2"}],"replies":[{"embeddable":true,"href":"https:\/\/www.europesays.com\/de\/wp-json\/wp\/v2\/comments?post=692965"}],"version-history":[{"count":0,"href":"https:\/\/www.europesays.com\/de\/wp-json\/wp\/v2\/posts\/692965\/revisions"}],"wp:featuredmedia":[{"embeddable":true,"href":"https:\/\/www.europesays.com\/de\/wp-json\/wp\/v2\/media\/692966"}],"wp:attachment":[{"href":"https:\/\/www.europesays.com\/de\/wp-json\/wp\/v2\/media?parent=692965"}],"wp:term":[{"taxonomy":"category","embeddable":true,"href":"https:\/\/www.europesays.com\/de\/wp-json\/wp\/v2\/categories?post=692965"},{"taxonomy":"post_tag","embeddable":true,"href":"https:\/\/www.europesays.com\/de\/wp-json\/wp\/v2\/tags?post=692965"}],"curies":[{"name":"wp","href":"https:\/\/api.w.org\/{rel}","templated":true}]}}