{"id":692990,"date":"2026-01-04T16:36:10","date_gmt":"2026-01-04T16:36:10","guid":{"rendered":"https:\/\/www.europesays.com\/de\/692990\/"},"modified":"2026-01-04T16:36:10","modified_gmt":"2026-01-04T16:36:10","slug":"autohaus-schliesst-filiale-in-ludwigshafen-ludwigshafen","status":"publish","type":"post","link":"https:\/\/www.europesays.com\/de\/692990\/","title":{"rendered":"Autohaus schlie\u00dft Filiale in Ludwigshafen &#8211; Ludwigshafen"},"content":{"rendered":"<p class=\"rhp-dpa-teaser\"><b>Das Autohaus Christmann muss sich neu aufstellen.  Zwei der vier Firmenniederlassungen werden geschlossen.  Die Filiale in Ludwigshafen geh\u00f6rt dazu. Das hat Gr\u00fcnde.<\/b><\/p>\n<p> Seinen 100. Geburtstag im Sommer 2022 hat das Autohaus Christmann, Vertreter von Peugeot, Seat, <a class=\"rtr-entity\" data-rtr-entity=\"Kia\" data-rtr-id=\"676a67e4ee663d42f8f7abbc90caecfaa2fd1b8c\" data-rtr-score=\"14.70344009489917\" data-rtr-etype=\"organisation\" data-rtr-index=\"21\" href=\"https:\/\/www.rheinpfalz.de\/themen\/kia?utm_source=rheinpfalz.de&amp;utm_medium=tms&amp;utm_campaign=intext\" rel=\"nofollow noopener\" target=\"_blank\">Kia<\/a> und Cupra, noch mit vier Filialen in drei St\u00e4dten gefeiert. Jetzt zieht der familiengef\u00fchrte Betrieb die Rei\u00dfleine und schlie\u00dft eine der beiden Niederlassungen in <a class=\"rtr-entity\" data-rtr-entity=\"Worms\" data-rtr-id=\"c41e27d82701e339d998d80cc7d43e5118c38e58\" data-rtr-score=\"28.416370106761565\" data-rtr-etype=\"location\" data-rtr-index=\"14\" href=\"https:\/\/www.rheinpfalz.de\/themen\/worms?utm_source=rheinpfalz.de&amp;utm_medium=tms&amp;utm_campaign=intext\" rel=\"nofollow noopener\" target=\"_blank\">Worms<\/a><\/p>\n<p> und<\/p>\n<p class=\"\">Bitte loggen Sie sich ein um den Artikel im Klartext zu sehen.<\/p>\n<p class=\"\">edi rste 2310  K-tegirntaVure ni<\/p>\n<p class=\"\">uiws.hdgefnaL<\/p>\n<p class=\"\"> ghecntdniusE lief vro dme Hndeutgnirr neise Mrek,sta rde erd tgemanse acrfnzhKeB-   der  sMukar  Im uenne aJrh rwdi hsic dsa eUnemnehtrn ufa edi ndeibe dantSeotr ni red  in roWsm udn in edr  in stnd\u00fctraG enetezrikn.nro  lelown neer<\/p>\n","protected":false},"excerpt":{"rendered":"Das Autohaus Christmann muss sich neu aufstellen. Zwei der vier Firmenniederlassungen werden geschlossen. Die Filiale in Ludwigshafen geh\u00f6rt&hellip;\n","protected":false},"author":2,"featured_media":692991,"comment_status":"","ping_status":"","sticky":false,"template":"","format":"standard","meta":{"footnotes":"","_share_on_mastodon":"0"},"categories":[1845],"tags":[160127,1634,83214,3364,29,548,663,3934,160128,30,37978,13,12977,4060,25476,2096,160126,14,15,12,5662],"class_list":["post-692990","post","type-post","status-publish","format-standard","has-post-thumbnail","category-mannheim","tag-august-horch-strasse","tag-baden-wuerttemberg","tag-cupra","tag-de","tag-deutschland","tag-eu","tag-europa","tag-europe","tag-ferdinand-dr-ing-h-c-f-porsche-ag-strasse","tag-germany","tag-gruenstadt","tag-headlines","tag-kia","tag-lokal","tag-ludwigshafen","tag-mannheim","tag-markus-stiefenhoefer","tag-nachrichten","tag-news","tag-schlagzeilen","tag-worms"],"share_on_mastodon":{"url":"https:\/\/pubeurope.com\/@de\/115837808587156975","error":""},"_links":{"self":[{"href":"https:\/\/www.europesays.com\/de\/wp-json\/wp\/v2\/posts\/692990","targetHints":{"allow":["GET"]}}],"collection":[{"href":"https:\/\/www.europesays.com\/de\/wp-json\/wp\/v2\/posts"}],"about":[{"href":"https:\/\/www.europesays.com\/de\/wp-json\/wp\/v2\/types\/post"}],"author":[{"embeddable":true,"href":"https:\/\/www.europesays.com\/de\/wp-json\/wp\/v2\/users\/2"}],"replies":[{"embeddable":true,"href":"https:\/\/www.europesays.com\/de\/wp-json\/wp\/v2\/comments?post=692990"}],"version-history":[{"count":0,"href":"https:\/\/www.europesays.com\/de\/wp-json\/wp\/v2\/posts\/692990\/revisions"}],"wp:featuredmedia":[{"embeddable":true,"href":"https:\/\/www.europesays.com\/de\/wp-json\/wp\/v2\/media\/692991"}],"wp:attachment":[{"href":"https:\/\/www.europesays.com\/de\/wp-json\/wp\/v2\/media?parent=692990"}],"wp:term":[{"taxonomy":"category","embeddable":true,"href":"https:\/\/www.europesays.com\/de\/wp-json\/wp\/v2\/categories?post=692990"},{"taxonomy":"post_tag","embeddable":true,"href":"https:\/\/www.europesays.com\/de\/wp-json\/wp\/v2\/tags?post=692990"}],"curies":[{"name":"wp","href":"https:\/\/api.w.org\/{rel}","templated":true}]}}