{"id":693646,"date":"2026-01-04T22:46:11","date_gmt":"2026-01-04T22:46:11","guid":{"rendered":"https:\/\/www.europesays.com\/de\/693646\/"},"modified":"2026-01-04T22:46:11","modified_gmt":"2026-01-04T22:46:11","slug":"ortsbeirat-fuehlt-sich-bei-parkregelung-in-frankfurt-ausgebootet","status":"publish","type":"post","link":"https:\/\/www.europesays.com\/de\/693646\/","title":{"rendered":"Ortsbeirat f\u00fchlt sich bei Parkregelung in Frankfurt ausgebootet"},"content":{"rendered":"<ol class=\"id-DonaldBreadcrumb lp_west_breadcrumb id-DonaldBreadcrumb--default\" data-k5a-pos=\"west_breadcrumb\">\n<li class=\"id-Breadcrumb-item\"><a href=\"https:\/\/www.fnp.de\/\" class=\"id-Breadcrumb-link\" data-id-ec=\"{\" shn=\"\" textlink=\"\" data-k5a-pos=\"1_startseite\" target=\"_blank\" rel=\"noopener\">Startseite<\/a><\/li>\n<li class=\"id-Breadcrumb-item\"><a href=\"https:\/\/www.fnp.de\/frankfurt\/\" class=\"id-Breadcrumb-link\" data-id-ec=\"{\" shn=\"\" textlink=\"\" data-k5a-pos=\"2_frankfurt\" target=\"_blank\" rel=\"noopener\">Frankfurt<\/a><\/li>\n<\/ol>\n<p class=\"id-Story-timestamp id-Story-timestamp--default\">Stand: 04.01.2026, 21:00 Uhr<\/p>\n<p class=\"id-Story-authors id-Story-authors--default\">Von: <a class=\"id-Story-authors-link lp_west_author\" href=\"https:\/\/www.fnp.de\/autor\/holger-vonhof-yz664cu2b.html\" title=\"Zur Autorenseite von Holger Vonhof\" data-id-ec=\"{\" shn=\"\" author-link=\"\" vonhof=\"\" data-k5a-pos=\"west_author\" target=\"_blank\" rel=\"noopener\">Holger Vonhof<\/a><\/p>\n<p class=\"id-Story-interactionBar id-Story-interactionBar--default\">DruckenTeilen<\/p>\n<p class=\"id-StoryElement-leadText\">Die CDU im Ortsbeirat 6 kritisiert das Vorgehen der Stadt scharf. Der Magistrat habe einstimmige Beschl\u00fcsse einfach ignoriert.<\/p>\n<p class=\"id-StoryElement-paragraph\">Der Frust \u00fcber die ge\u00e4nderte Parkregelung in der Marienberger Stra\u00dfe zieht weitere Kreise: In einem Antrag f\u00fcr die n\u00e4chste Sitzung des Stadtteilparlaments am 13. Januar macht die CDU im Ortsbeirat 6 (Frankfurter Westen) ihrem \u00c4rger dar\u00fcber Luft, von den Ma\u00dfnahmen des Stra\u00dfenverkehrsamts \u00fcberrumpelt worden zu sein. <\/p>\n<p>Glaubw\u00fcrdigkeit besch\u00e4digt<\/p>\n<p class=\"id-StoryElement-paragraph\">\u201eIst dem zust\u00e4ndigen Dezernenten bewusst, dass Entscheidungsprozesse ohne nachvollziehbare und fr\u00fchzeitige Einbindung des Ortsbeirats dessen Glaubw\u00fcrdigkeit gegen\u00fcber den B\u00fcrgerinnen und B\u00fcrgern besch\u00e4digen und das Vertrauen in kommunalpolitische Beteiligung insgesamt schw\u00e4chen?\u201c, fragen die Antragsteller Michael Schneider und Susanne Serke. <\/p>\n<p class=\"id-StoryElement-paragraph\">Und sie wollen wissen, warum die Parkverbotszonen \u201emit auff\u00e4lliger Eile umgesetzt\u201c worden seien, w\u00e4hrend andere bereits beschlossene Ma\u00dfnahmen des Dezernats wie die Anbringung von Piktogrammen in Spielstra\u00dfen seit Monaten auf sich warten lie\u00dfen. <\/p>\n<p><img decoding=\"async\" class=\"id-RatioPlaceholder-element wv_story_el_image\" src=\"https:\/\/www.europesays.com\/de\/wp-content\/uploads\/2026\/01\/40988813-marienberger-strasse-sossenheim-parkverbot-wurde-eingerichtet-1Cfe.jpg\" loading=\"lazy\"   height=\"619\" width=\"1100\" alt=\"Marienberger Stra&#xDF;e Sossenheim Parkverbot wurde eingerichtet\"\/>Das Stra\u00dfenverkehrsamt hat die Parkregelung in der Marienberger Stra\u00dfe ge\u00e4ndert.  \u00a9\u00a0Maik Reu\u00df<\/p>\n<p class=\"id-StoryElement-paragraph\">Hintergrund des \u00c4rgers: Das Stra\u00dfenverkehrsamt hat vor knapp einem Monat die Parkregelung in der Marienberger Stra\u00dfe ge\u00e4ndert (wir berichteten): Dort, wo bislang beiderseits der Fahrbahn mit jeweils zwei R\u00e4dern auf dem B\u00fcrgersteig geparkt wurde, k\u00f6nnen Autos nun nur noch auf einer Seite abgestellt werden \u2013 mit allen vier R\u00e4dern auf der Stra\u00dfe. Damit, so Michael Schneider, ignoriert das Stra\u00dfenverkehrsamt einen Beschluss des f\u00fcr Sossenheim zust\u00e4ndigen Ortsbeirats 6: Das Stadtteilparlament hatte in seiner Sitzung im November einstimmig die Bitte verabschiedet, von Neuregelungen Abstand zu nehmen, bis die lang erwartete Nahmobilit\u00e4tsstudie f\u00fcr Sossenheim vorliegt.<\/p>\n<p class=\"id-StoryElement-paragraph\">Au\u00dferdem, so erkl\u00e4rt Michael Schneider auf Anfrage, habe man dem Magistrat konstruktive und pr\u00fcfenswerte Alternativvorschl\u00e4ge gemacht. Dass der sich \u201ein einer schriftlichen Stellungnahme nicht mal irgendwie damit transparent auseinandersetzt, finde ich sehr, sehr schade und entt\u00e4uschend\u201c.<\/p>\n<p>\u201eDie Situation klar beordnet\u201c<\/p>\n<p class=\"id-StoryElement-paragraph\">Solche Vorw\u00fcrfe weist Verkehrsdezernats-Sprecher Ingmar Bolle weit von sich. Wie er auf Anfrage sagt, habe die zust\u00e4ndige Kollegin \u201eschlicht ihre Arbeit gemacht und die Situation klar beordnet: einseitiges Haltverbot, entsprechend legales Parken auf der anderen Stra\u00dfenseite\u201c. <\/p>\n<p class=\"id-StoryElement-paragraph\">Seiner Argumentation nach sei der Ortsbeirat mitnichten ausgebootet worden \u2013 er habe vielmehr gar nicht erst ins Boot geh\u00f6rt. Denn: \u201eAngelegenheiten des Oberb\u00fcrgermeisters als Untere Stra\u00dfenverkehrsbeh\u00f6rde sind keine Angelegenheit der kommunalen Selbstverwaltung und damit auch nicht der Ortsbeir\u00e4te.\u201c Zudem betont Bolle, dass die \u201estra\u00dfenverkehrsrechtliche Anordnung der Beh\u00f6rde vom 20.11.2025, welche die Ermessensaus\u00fcbung ausf\u00fchrlich dokumentiert, dem Ortsbeirat 6 in Durchschrift zugegangen\u201c sei.<\/p>\n<p class=\"id-StoryElement-paragraph\">Das wird die Gem\u00fcter der CDU-Ortsbeir\u00e4te schwerlich bes\u00e4nftigen. Sie kritisieren im Antrag, dass das Vorgehen der Stadt einen negativen Eindruck verfestige: Der Magistrat betrachte den Ortsbeirat \u201ebei der Umsetzung konkreter Ma\u00dfnahmen nicht als relevanten Beteiligten, sondern lediglich als formale Randinstanz\u201c.<\/p>\n<p class=\"id-StoryElement-paragraph\">Entsprechend fragen Schneider und Serke: \u201eWelchen konkreten Stellenwert misst der Magistrat der Arbeit des Ortsbeirats bei, wenn einstimmige Beschl\u00fcsse, Pr\u00fcfauftr\u00e4ge und Alternativvorschl\u00e4ge faktisch unbeachtet bleiben und Ma\u00dfnahmen ohne vorherige Stellungnahme umgesetzt werden?\u201c<\/p>\n","protected":false},"excerpt":{"rendered":"Startseite Frankfurt Stand: 04.01.2026, 21:00 Uhr Von: Holger Vonhof DruckenTeilen Die CDU im Ortsbeirat 6 kritisiert das Vorgehen&hellip;\n","protected":false},"author":2,"featured_media":693647,"comment_status":"","ping_status":"","sticky":false,"template":"","format":"standard","meta":{"footnotes":""},"categories":[1829],"tags":[29,2050,2051,30,2052],"class_list":{"0":"post-693646","1":"post","2":"type-post","3":"status-publish","4":"format-standard","5":"has-post-thumbnail","7":"category-frankfurt-am-main","8":"tag-deutschland","9":"tag-frankfurt","10":"tag-frankfurt-am-main","11":"tag-germany","12":"tag-hessen"},"share_on_mastodon":{"url":"https:\/\/pubeurope.com\/@de\/115839263310770753","error":""},"_links":{"self":[{"href":"https:\/\/www.europesays.com\/de\/wp-json\/wp\/v2\/posts\/693646","targetHints":{"allow":["GET"]}}],"collection":[{"href":"https:\/\/www.europesays.com\/de\/wp-json\/wp\/v2\/posts"}],"about":[{"href":"https:\/\/www.europesays.com\/de\/wp-json\/wp\/v2\/types\/post"}],"author":[{"embeddable":true,"href":"https:\/\/www.europesays.com\/de\/wp-json\/wp\/v2\/users\/2"}],"replies":[{"embeddable":true,"href":"https:\/\/www.europesays.com\/de\/wp-json\/wp\/v2\/comments?post=693646"}],"version-history":[{"count":0,"href":"https:\/\/www.europesays.com\/de\/wp-json\/wp\/v2\/posts\/693646\/revisions"}],"wp:featuredmedia":[{"embeddable":true,"href":"https:\/\/www.europesays.com\/de\/wp-json\/wp\/v2\/media\/693647"}],"wp:attachment":[{"href":"https:\/\/www.europesays.com\/de\/wp-json\/wp\/v2\/media?parent=693646"}],"wp:term":[{"taxonomy":"category","embeddable":true,"href":"https:\/\/www.europesays.com\/de\/wp-json\/wp\/v2\/categories?post=693646"},{"taxonomy":"post_tag","embeddable":true,"href":"https:\/\/www.europesays.com\/de\/wp-json\/wp\/v2\/tags?post=693646"}],"curies":[{"name":"wp","href":"https:\/\/api.w.org\/{rel}","templated":true}]}}