{"id":693649,"date":"2026-01-04T22:48:12","date_gmt":"2026-01-04T22:48:12","guid":{"rendered":"https:\/\/www.europesays.com\/de\/693649\/"},"modified":"2026-01-04T22:48:12","modified_gmt":"2026-01-04T22:48:12","slug":"feuer-in-koeln-nippes-einsatz-der-feuerwehr-in-altenheim","status":"publish","type":"post","link":"https:\/\/www.europesays.com\/de\/693649\/","title":{"rendered":"Feuer in K\u00f6ln-Nippes: Einsatz der Feuerwehr in Altenheim"},"content":{"rendered":"<p class=\"dm-paragraph my-8 dm-article-content-width\" index=\"0\" should-collapse-on-mobile=\"true\" has-padding=\"\" data-v-586984a4=\"\">Am fr\u00fchen Sonntagabend ist die Feuerwehr im Stadtteil Nippes im Einsatz. Grund daf\u00fcr ist ein Brand im \u201eZentrum f\u00fcr Betreuung und Pflege Ph\u00f6nix\u201c auf der <a href=\"https:\/\/www.ksta.de\/themen\/neusser-strasse-koeln\" target=\"_blank\" rel=\"noopener\">Neusser Stra\u00dfe<\/a>.\u00a0<\/p>\n<p class=\"dm-paragraph my-8 dm-article-content-width\" index=\"1\" should-collapse-on-mobile=\"true\" has-padding=\"\" data-v-586984a4=\"\">Zu einem Brand in einem K\u00f6lner Seniorenheim kam es am fr\u00fchen Sonntagabend. Die Rettungskr\u00e4fte waren im Stadtteil Nippes im Einsatz. Das Feuer war im \u201eZentrum f\u00fcr Betreuung und Pflege Ph\u00f6nix\u201c an der Neusser Stra\u00dfe ausgebrochen.Um 17.41 Uhr war der Alarm der Brandmeldeanlage eingegangen. Das Feuer war im Keller des Geb\u00e4udes ausgebrochen. Als die Feuerwehrkr\u00e4fte eintrafen, hatte das Pflegepersonal bereits mit der Evakuierung der Bewohnerinnen und Bewohner begonnen. Die Feuerwehr unterst\u00fctzte dabei, die Menschen ins Freie zu bringen, und k\u00e4mpfte zeitgleich gegen die Flammen. Daf\u00fcr wurde weitere Verst\u00e4rkung angefordert, rund 100 Einsatzkr\u00e4fte waren letztlich beteiligt.<\/p>\n<p>K\u00f6ln-Nippes: Brand in Altersheim ohne Verletzte<\/p>\n<p class=\"dm-paragraph my-8 dm-article-content-width\" index=\"3\" should-collapse-on-mobile=\"true\" has-padding=\"\" data-v-586984a4=\"\">\u201eDurch das gute Zusammenspiel von Haustechnik, Pflegepersonal und Einsatzkr\u00e4ften gab es unter den Bewohnerinnen und Bewohnern gl\u00fccklicherweise keine Verletzten\u201c, so eine Sprecherin der Feuerwehr am Abend gegen\u00fcber <a href=\"https:\/\/www.express.de\/koeln\/feuer-in-koeln-einsatz-der-feuerwehr-in-altenheim-im-stadtteil-nippes-1-1181275\" target=\"_blank\" rel=\"noopener\">EXPRESS.de<\/a>. \u201eZwei Personen des Pflegepersonals wurden zur weiteren Beobachtung in ein Krankenhaus gebracht.\u201c<\/p>\n<p class=\"dm-paragraph my-8 dm-article-content-width\" index=\"4\" should-collapse-on-mobile=\"true\" has-padding=\"\" data-v-586984a4=\"\">In der Pflegeeinrichtung gibt es 54 Einzel- und 13 Doppelzimmer, rund 100 Personen sind darin untergebracht. Im Anschluss an die L\u00f6scharbeiten kontrollierten die Einsatzkr\u00e4fte das Geb\u00e4ude, f\u00fchrten Luftmessungen durch. Die gute Nachricht: Alle Bewohnerinnen und Bewohner konnten in ihre Zimmer zur\u00fcckkehren.<\/p>\n<p><a href=\"https:\/\/www.ksta.de\/region\/leverkusen\/stadt-leverkusen\/feuerwehr-leverkusen-grosseinsatz-kuechenbrand-in-luetzenkirchen-1181027\" class=\"dm-imagefeat__imagecontainer dm-imagefeat relative\" aria-label=\"\" tabindex=\"-1\" data-v-68e13160=\"\" target=\"_blank\" rel=\"noopener\"><img decoding=\"async\" width=\"2048\" height=\"1365\" alt=\"Die Feuerwehren in Deutschland verzeichnen mehr Zulauf. (Illustration)\" loading=\"lazy\" onerror=\"this.setAttribute('data-error', 1)\" class=\"dm-imagefeat__image w-full aspect-square sm:aspect-auto aspect-video\" style=\"aspect-ratio:1;\" data-nuxt-pic=\"\" src=\"https:\/\/www.europesays.com\/de\/wp-content\/uploads\/2026\/01\/e930c741-45b7-4813-a4d5-512128eda025.jpeg\"  \/><\/a><\/p>\n<p class=\"dm-paragraph my-8 dm-article-content-width\" index=\"6\" should-collapse-on-mobile=\"true\" has-padding=\"\" data-v-586984a4=\"\">Wie gro\u00df das Feuer aber war, zeigt ein Detail, von dem die Feuerwehr-Sprecherin berichtet: \u201eIm Verlauf des Einsatzes wurden 21 Pressluftatmer verbraucht.\u201c Also jene Atemschutzger\u00e4te, die die Feuerwehrm\u00e4nner und -frauen bei ihren Eins\u00e4tzen zum Schutz vor gesundheitssch\u00e4dlichen Stoffen tragen.<\/p>\n<p class=\"dm-paragraph my-8 dm-article-content-width\" index=\"7\" should-collapse-on-mobile=\"true\" has-padding=\"\" data-v-586984a4=\"\">W\u00e4hrend des Einsatzes war der Verkehr auf der Neusser Stra\u00dfe zwischenzeitlich zwischen Bl\u00fccherstra\u00dfe und Friedrich-Karl-Stra\u00dfe gest\u00f6rt. Am Abend war die Stra\u00dfe aber wieder frei. Gegen 20.20 Uhr war der Einsatz der Feuerwehr dann beendet.<\/p>\n","protected":false},"excerpt":{"rendered":"Am fr\u00fchen Sonntagabend ist die Feuerwehr im Stadtteil Nippes im Einsatz. Grund daf\u00fcr ist ein Brand im \u201eZentrum&hellip;\n","protected":false},"author":2,"featured_media":693650,"comment_status":"","ping_status":"","sticky":false,"template":"","format":"standard","meta":{"footnotes":""},"categories":[1828],"tags":[29,30,1420,1209],"class_list":{"0":"post-693649","1":"post","2":"type-post","3":"status-publish","4":"format-standard","5":"has-post-thumbnail","7":"category-koeln","8":"tag-deutschland","9":"tag-germany","10":"tag-koeln","11":"tag-nordrhein-westfalen"},"share_on_mastodon":{"url":"https:\/\/pubeurope.com\/@de\/115839271294175694","error":""},"_links":{"self":[{"href":"https:\/\/www.europesays.com\/de\/wp-json\/wp\/v2\/posts\/693649","targetHints":{"allow":["GET"]}}],"collection":[{"href":"https:\/\/www.europesays.com\/de\/wp-json\/wp\/v2\/posts"}],"about":[{"href":"https:\/\/www.europesays.com\/de\/wp-json\/wp\/v2\/types\/post"}],"author":[{"embeddable":true,"href":"https:\/\/www.europesays.com\/de\/wp-json\/wp\/v2\/users\/2"}],"replies":[{"embeddable":true,"href":"https:\/\/www.europesays.com\/de\/wp-json\/wp\/v2\/comments?post=693649"}],"version-history":[{"count":0,"href":"https:\/\/www.europesays.com\/de\/wp-json\/wp\/v2\/posts\/693649\/revisions"}],"wp:featuredmedia":[{"embeddable":true,"href":"https:\/\/www.europesays.com\/de\/wp-json\/wp\/v2\/media\/693650"}],"wp:attachment":[{"href":"https:\/\/www.europesays.com\/de\/wp-json\/wp\/v2\/media?parent=693649"}],"wp:term":[{"taxonomy":"category","embeddable":true,"href":"https:\/\/www.europesays.com\/de\/wp-json\/wp\/v2\/categories?post=693649"},{"taxonomy":"post_tag","embeddable":true,"href":"https:\/\/www.europesays.com\/de\/wp-json\/wp\/v2\/tags?post=693649"}],"curies":[{"name":"wp","href":"https:\/\/api.w.org\/{rel}","templated":true}]}}