{"id":693691,"date":"2026-01-04T23:12:18","date_gmt":"2026-01-04T23:12:18","guid":{"rendered":"https:\/\/www.europesays.com\/de\/693691\/"},"modified":"2026-01-04T23:12:18","modified_gmt":"2026-01-04T23:12:18","slug":"schwer-verletzt-schneepflug-fahrer-uebersieht-fussgaenger","status":"publish","type":"post","link":"https:\/\/www.europesays.com\/de\/693691\/","title":{"rendered":"Schwer verletzt: Schneepflug-Fahrer \u00fcbersieht Fu\u00dfg\u00e4nger"},"content":{"rendered":"<p>Auf einer unbeleuchteten Kreisstra\u00dfe bei Memmingerberg im Unterallg\u00e4u ist am Samstagabend ein 25-j\u00e4hriger Fu\u00dfg\u00e4nger von einem Winterdienstfahrzeug erfasst und schwer verletzt worden.<\/p>\n<p>Wie die Polizei mitteilte, hatte der 29-j\u00e4hrige Fahrer des Schneepflugs den dunkel gekleideten Mann vermutlich nicht gesehen. Im Vorbeifahren habe er den Mann mit dem Schneeschild seines Traktors erfasst. <\/p>\n<p>Fu\u00dfg\u00e4nger nach Unfall mit Schneepflug in Klinik gebracht<\/p>\n<p>Bei dem Zusammensto\u00df st\u00fcrzte der Fu\u00dfg\u00e4nger in ein Feld neben der Stra\u00dfe. Der Traktorfahrer alarmierte sofort den Notruf und betreute den Verletzten, bis die Rettungskr\u00e4fte eingetroffen waren. <\/p>\n<p>Der Fu\u00dfg\u00e4nger wurde anschlie\u00dfend durch den Rettungsdienst in ein Krankenhaus gebracht. Unterdessen hat die Polizei Memmingen die Ermittlungen zu dem Unfall aufgenommen. <\/p>\n","protected":false},"excerpt":{"rendered":"Auf einer unbeleuchteten Kreisstra\u00dfe bei Memmingerberg im Unterallg\u00e4u ist am Samstagabend ein 25-j\u00e4hriger Fu\u00dfg\u00e4nger von einem Winterdienstfahrzeug erfasst&hellip;\n","protected":false},"author":2,"featured_media":693692,"comment_status":"","ping_status":"","sticky":false,"template":"","format":"standard","meta":{"footnotes":""},"categories":[2],"tags":[29,30,13,160339,14,15,12,160338,7727,10,8,9,11,1284,3260],"class_list":{"0":"post-693691","1":"post","2":"type-post","3":"status-publish","4":"format-standard","5":"has-post-thumbnail","7":"category-deutschland","8":"tag-deutschland","9":"tag-germany","10":"tag-headlines","11":"tag-memmingerberg","12":"tag-nachrichten","13":"tag-news","14":"tag-schlagzeilen","15":"tag-schneeraeumen","16":"tag-schwaben","17":"tag-top-news","18":"tag-top-meldungen","19":"tag-topmeldungen","20":"tag-topnews","21":"tag-unfall","22":"tag-verkehrsunfall"},"share_on_mastodon":{"url":"https:\/\/pubeurope.com\/@de\/115839365490095206","error":""},"_links":{"self":[{"href":"https:\/\/www.europesays.com\/de\/wp-json\/wp\/v2\/posts\/693691","targetHints":{"allow":["GET"]}}],"collection":[{"href":"https:\/\/www.europesays.com\/de\/wp-json\/wp\/v2\/posts"}],"about":[{"href":"https:\/\/www.europesays.com\/de\/wp-json\/wp\/v2\/types\/post"}],"author":[{"embeddable":true,"href":"https:\/\/www.europesays.com\/de\/wp-json\/wp\/v2\/users\/2"}],"replies":[{"embeddable":true,"href":"https:\/\/www.europesays.com\/de\/wp-json\/wp\/v2\/comments?post=693691"}],"version-history":[{"count":0,"href":"https:\/\/www.europesays.com\/de\/wp-json\/wp\/v2\/posts\/693691\/revisions"}],"wp:featuredmedia":[{"embeddable":true,"href":"https:\/\/www.europesays.com\/de\/wp-json\/wp\/v2\/media\/693692"}],"wp:attachment":[{"href":"https:\/\/www.europesays.com\/de\/wp-json\/wp\/v2\/media?parent=693691"}],"wp:term":[{"taxonomy":"category","embeddable":true,"href":"https:\/\/www.europesays.com\/de\/wp-json\/wp\/v2\/categories?post=693691"},{"taxonomy":"post_tag","embeddable":true,"href":"https:\/\/www.europesays.com\/de\/wp-json\/wp\/v2\/tags?post=693691"}],"curies":[{"name":"wp","href":"https:\/\/api.w.org\/{rel}","templated":true}]}}