{"id":693721,"date":"2026-01-04T23:30:12","date_gmt":"2026-01-04T23:30:12","guid":{"rendered":"https:\/\/www.europesays.com\/de\/693721\/"},"modified":"2026-01-04T23:30:12","modified_gmt":"2026-01-04T23:30:12","slug":"sparkurs-cdu-will-in-verl-den-rotstift-ansetzen","status":"publish","type":"post","link":"https:\/\/www.europesays.com\/de\/693721\/","title":{"rendered":"Sparkurs: CDU will in Verl den Rotstift ansetzen"},"content":{"rendered":"<p>Die Verler CDU hatte zum Neujahrsempfang geladen. Klar wird, dass der Rotstift angesetzt werden m\u00fcsse, auch wenn es Verl gut gehe.<\/p>\n<p>Verl (abb) &#8211; Traditionell beginnt das Jahr in der Verler Politik mit dem Neujahrsempfang der CDU. Ort des Geschehens: die Firma Stelter Bautechnik an der Schinkenstra\u00dfe in S\u00fcrenheide. W\u00e4hrend der Veranstaltung wurde die St\u00e4rke der CDU in Stadt, Kreis und Bund hervorgehoben \u2013 die Gesch\u00e4ftsf\u00fchrerin\u2026<\/p>\n<p>            <img decoding=\"async\" src=\"https:\/\/www.die-glocke.de\/typo3conf\/ext\/bo_dieglocke_template\/Resources\/Public\/Images\/logo\/glocke_plus_icon.svg\" class=\"pwTopImage\" alt=\"Glocke Plus\"\/><\/p>\n<p>                Glocke Plus Artikel<\/p>\n<p class=\"card-text equal-height text-center\" data-equalheightgroup=\"1\">\n                Jetzt weiterlesen mit G+ Abo, Angebot ausw\u00e4hlen oder anmelden.\n            <\/p>\n<tr>\n<tr>\n<td class=\"w-25px p-1\">\n<\/td>\n<td class=\"p-1\">\n                                            79,00 \u20ac (ab dem 13. Monat zzt. 7,90 \u20ac mtl.)&#13;<\/p>\n<\/td>\n<\/tr>\n<tr>\n<td class=\"w-25px p-1\">\n<\/td>\n<td class=\"p-1\">\n                                            Mindestlaufzeit 12 Monate&#13;<\/p>\n<\/td>\n<\/tr>\n<tr>\n<td class=\"w-25px p-1\">\n<\/td>\n<td class=\"p-1\">\n                                            nach 12 Monaten monatlich k\u00fcndbar<\/p>\n<\/td>\n<\/tr>\n<\/tr>\n<p>\n                    79,00 \u20ac f\u00fcr 12 Monate\n                <\/p>\n<p>                        <a class=\"paywall_order_btn-668975\" href=\"https:\/\/www.die-glocke.de\/abo\/abo-shop\/digital\/digital-plus\/g-plus-jahresabo\" target=\"_blank\" rel=\"noopener\"><\/p>\n<p>                                Jetzt bestellen<\/p>\n<p>                        <\/a><\/p>\n<tr>\n<tr>\n<td class=\"w-25px p-1\">\n<\/td>\n<td class=\"p-1\">\n                                            Alle Plus-Artikel auf www.die-glocke.de lesen&#13;<\/p>\n<\/td>\n<\/tr>\n<tr>\n<td class=\"w-25px p-1\">\n<\/td>\n<td class=\"p-1\">\n                                            f\u00fcr 0,99 \u20ac im ersten Monat testen&#13;<\/p>\n<\/td>\n<\/tr>\n<tr>\n<td class=\"w-25px p-1\">\n<\/td>\n<td class=\"p-1\">\n                                            Danach 7,90 \u20ac mtl.&#13;<\/p>\n<\/td>\n<\/tr>\n<tr>\n<td class=\"w-25px p-1\">\n<\/td>\n<td class=\"p-1\">\n                                            Monatlich k\u00fcndbar<\/p>\n<\/td>\n<\/tr>\n<\/tr>\n<p>\n                    0,99 \u20ac im 1. Monat\n                <\/p>\n<p>                        <a class=\"paywall_order_btn-668975\" href=\"https:\/\/www.die-glocke.de\/abo\/abo-shop\/digital\/digital-plus\/g-plus-monatsabo\" target=\"_blank\" rel=\"noopener\"><\/p>\n<p>                                Jetzt bestellen<\/p>\n<p>                        <\/a><\/p>\n<p>                        Bereits G+ Abonnent? Hier anmelden<\/p>\n<p>Texte und Fotos von die-glocke.de sind urheberrechtlich gesch\u00fctzt.<br \/>\n            Weiterverwendung nur mit Genehmigung der Chefredaktion.<\/p>\n","protected":false},"excerpt":{"rendered":"Die Verler CDU hatte zum Neujahrsempfang geladen. Klar wird, dass der Rotstift angesetzt werden m\u00fcsse, auch wenn es&hellip;\n","protected":false},"author":2,"featured_media":693722,"comment_status":"","ping_status":"","sticky":false,"template":"","format":"standard","meta":{"footnotes":""},"categories":[1841],"tags":[1605,160346,3364,29,30,160347,60657,1209,30724],"class_list":{"0":"post-693721","1":"post","2":"type-post","3":"status-publish","4":"format-standard","5":"has-post-thumbnail","7":"category-bielefeld","8":"tag-bielefeld","9":"tag-cdu-verl","10":"tag-de","11":"tag-deutschland","12":"tag-germany","13":"tag-ina-laukoetter","14":"tag-neujahrsempfang","15":"tag-nordrhein-westfalen","16":"tag-ralph-brinkhaus"},"share_on_mastodon":{"url":"https:\/\/pubeurope.com\/@de\/115839436357016772","error":""},"_links":{"self":[{"href":"https:\/\/www.europesays.com\/de\/wp-json\/wp\/v2\/posts\/693721","targetHints":{"allow":["GET"]}}],"collection":[{"href":"https:\/\/www.europesays.com\/de\/wp-json\/wp\/v2\/posts"}],"about":[{"href":"https:\/\/www.europesays.com\/de\/wp-json\/wp\/v2\/types\/post"}],"author":[{"embeddable":true,"href":"https:\/\/www.europesays.com\/de\/wp-json\/wp\/v2\/users\/2"}],"replies":[{"embeddable":true,"href":"https:\/\/www.europesays.com\/de\/wp-json\/wp\/v2\/comments?post=693721"}],"version-history":[{"count":0,"href":"https:\/\/www.europesays.com\/de\/wp-json\/wp\/v2\/posts\/693721\/revisions"}],"wp:featuredmedia":[{"embeddable":true,"href":"https:\/\/www.europesays.com\/de\/wp-json\/wp\/v2\/media\/693722"}],"wp:attachment":[{"href":"https:\/\/www.europesays.com\/de\/wp-json\/wp\/v2\/media?parent=693721"}],"wp:term":[{"taxonomy":"category","embeddable":true,"href":"https:\/\/www.europesays.com\/de\/wp-json\/wp\/v2\/categories?post=693721"},{"taxonomy":"post_tag","embeddable":true,"href":"https:\/\/www.europesays.com\/de\/wp-json\/wp\/v2\/tags?post=693721"}],"curies":[{"name":"wp","href":"https:\/\/api.w.org\/{rel}","templated":true}]}}