{"id":693842,"date":"2026-01-05T00:43:12","date_gmt":"2026-01-05T00:43:12","guid":{"rendered":"https:\/\/www.europesays.com\/de\/693842\/"},"modified":"2026-01-05T00:43:12","modified_gmt":"2026-01-05T00:43:12","slug":"zwei-verletzte-bei-unfall-in-schlibeck","status":"publish","type":"post","link":"https:\/\/www.europesays.com\/de\/693842\/","title":{"rendered":"Zwei Verletzte bei Unfall in Schlibeck"},"content":{"rendered":"<p class=\"text_ohne_einzug richtext text-em-55 !leading-serif mx-6 desktop:mx-0\">  Schnee und Eisgl\u00e4tte haben auch am Wochenende im Kreis <a href=\"https:\/\/rp-online.de\/thema\/viersen\/\" rel=\"nofollow noopener\" target=\"_blank\">Viersen<\/a> zu Unf\u00e4llen gef\u00fchrt. Am Sonntagmorgen, 4. Januar, wurde die Freiwillige <a href=\"https:\/\/rp-online.de\/thema\/feuerwehr\/\" rel=\"nofollow noopener\" target=\"_blank\">Feuerwehr<\/a> aus <a href=\"https:\/\/rp-online.de\/thema\/grefrath\/\" rel=\"nofollow noopener\" target=\"_blank\">Grefrath<\/a> und Vinkrath um 8.02 Uhr zu einem Unfall auf der B509 zwischen <a href=\"https:\/\/rp-online.de\/thema\/nettetal\/\" rel=\"nofollow noopener\" target=\"_blank\">Nettetal<\/a> und Grefrath gerufen. In H\u00f6he Schlibeck war ein gro\u00dfer Lkw, der aus Richtung Nettetal-Lobberich in Richtung Grefrath unterwegs war, von der Fahrbahn abgekommen. Der 40-Tonner prallte dabei zun\u00e4chst gegen einen Baum und landete dann im Graben, berichtete Wehrsprecher Edmund Laschet im Gespr\u00e4ch mit unserer Redaktion.<\/p>\n","protected":false},"excerpt":{"rendered":"Schnee und Eisgl\u00e4tte haben auch am Wochenende im Kreis Viersen zu Unf\u00e4llen gef\u00fchrt. Am Sonntagmorgen, 4. Januar, wurde&hellip;\n","protected":false},"author":2,"featured_media":693843,"comment_status":"","ping_status":"","sticky":false,"template":"","format":"standard","meta":{"footnotes":"","_share_on_mastodon":"0"},"categories":[1849],"tags":[160358,3364,29,548,663,3934,22951,30,23287,13,1962,4455,14,29261,15,1209,12,160357,16406,1284,2624,32679,5185,18183],"class_list":["post-693842","post","type-post","status-publish","format-standard","has-post-thumbnail","category-moenchengladbach","tag-b509","tag-de","tag-deutschland","tag-eu","tag-europa","tag-europe","tag-freiwillige","tag-germany","tag-grefrath","tag-headlines","tag-lkw","tag-moenchengladbach","tag-nachrichten","tag-nettetal","tag-news","tag-nordrhein-westfalen","tag-schlagzeilen","tag-schlibeck","tag-schnee","tag-unfall","tag-unfaelle","tag-unfaellen","tag-verletzt","tag-viersen"],"share_on_mastodon":{"url":"https:\/\/pubeurope.com\/@de\/115839723398934311","error":""},"_links":{"self":[{"href":"https:\/\/www.europesays.com\/de\/wp-json\/wp\/v2\/posts\/693842","targetHints":{"allow":["GET"]}}],"collection":[{"href":"https:\/\/www.europesays.com\/de\/wp-json\/wp\/v2\/posts"}],"about":[{"href":"https:\/\/www.europesays.com\/de\/wp-json\/wp\/v2\/types\/post"}],"author":[{"embeddable":true,"href":"https:\/\/www.europesays.com\/de\/wp-json\/wp\/v2\/users\/2"}],"replies":[{"embeddable":true,"href":"https:\/\/www.europesays.com\/de\/wp-json\/wp\/v2\/comments?post=693842"}],"version-history":[{"count":0,"href":"https:\/\/www.europesays.com\/de\/wp-json\/wp\/v2\/posts\/693842\/revisions"}],"wp:featuredmedia":[{"embeddable":true,"href":"https:\/\/www.europesays.com\/de\/wp-json\/wp\/v2\/media\/693843"}],"wp:attachment":[{"href":"https:\/\/www.europesays.com\/de\/wp-json\/wp\/v2\/media?parent=693842"}],"wp:term":[{"taxonomy":"category","embeddable":true,"href":"https:\/\/www.europesays.com\/de\/wp-json\/wp\/v2\/categories?post=693842"},{"taxonomy":"post_tag","embeddable":true,"href":"https:\/\/www.europesays.com\/de\/wp-json\/wp\/v2\/tags?post=693842"}],"curies":[{"name":"wp","href":"https:\/\/api.w.org\/{rel}","templated":true}]}}