{"id":693951,"date":"2026-01-05T01:57:28","date_gmt":"2026-01-05T01:57:28","guid":{"rendered":"https:\/\/www.europesays.com\/de\/693951\/"},"modified":"2026-01-05T01:57:28","modified_gmt":"2026-01-05T01:57:28","slug":"vitamin-b12-schuetzt-das-gehirn-im-alter","status":"publish","type":"post","link":"https:\/\/www.europesays.com\/de\/693951\/","title":{"rendered":"Vitamin B12 sch\u00fctzt das Gehirn im Alter"},"content":{"rendered":"<p><strong>BOSTON \/ LONDON (IT BOLTWISE) \u2013 Eine neue Langzeitstudie der Boston University zeigt, dass ein hoher Vitamin-B12-Spiegel den geistigen Verfall im Alter signifikant verlangsamen kann. Die Ergebnisse der Framingham-Herz-Studie unterstreichen die Bedeutung von Vitamin B12 f\u00fcr die Erhaltung der kognitiven F\u00e4higkeiten, insbesondere in den Bereichen Ged\u00e4chtnis, Planungsf\u00e4higkeit und Sprache. Experten fordern nun eine \u00dcberarbeitung der medizinischen Grenzwerte f\u00fcr Vitamin B12, um den Schutz des Gehirns zu verbessern.<\/strong><\/p>\n<p><img loading=\"lazy\" width=\"20\" height=\"19\" decoding=\"async\" style=\"border: 0 !important; width: 18px; -webkit-filter: grayscale(0) !important; filter: grayscale(0) !important;\" src=\"https:\/\/www.europesays.com\/de\/wp-content\/uploads\/2026\/01\/1767578235_900_amazon-logo.png\"\/>\u00a0<a style=\"color: #000;text-decoration: none;\" href=\"https:\/\/www.it-boltwise.de\/sponsoreddeals\" target=\"blank\" rel=\"noopener\"><strong>Heutige Tagesdeals bei Amazon!<\/strong><\/a>\u00a0 \u02d7\u02cb\u02cf$\u02ce\u02ca\u02d7<\/p>\n<p>Die Bedeutung von Vitamin B12 f\u00fcr die Erhaltung der geistigen Gesundheit im Alter wird durch neue Langzeitdaten eindrucksvoll untermauert. Eine umfassende Analyse der Framingham-Herz-Studie, durchgef\u00fchrt von einem Forschungsteam der Boston University, zeigt, dass ein konstant hoher Vitamin-B12-Spiegel den kognitiven Abbau deutlich verlangsamen kann. Diese Erkenntnisse sind besonders relevant f\u00fcr die Bereiche Ged\u00e4chtnis, Planungsf\u00e4higkeit und Sprache, in denen der Schutzeffekt von Vitamin B12 messbar ist.<\/p>\n<p>Die Studie legt nahe, dass die derzeitigen medizinischen Grenzwerte f\u00fcr Vitamin B12 \u00fcberarbeitet werden sollten. Daten der University of California deuten darauf hin, dass selbst \u00e4ltere Erwachsene mit Werten im unteren Normalbereich neurologische Defizite aufweisen k\u00f6nnen. Diese Defizite manifestieren sich in einer verlangsamten Denkgeschwindigkeit und, noch alarmierender, in vermehrten Sch\u00e4den an den Nervenbahnen im Gehirn, wie MRT-Scans zeigen. Diese Sch\u00e4den gelten als Fr\u00fchwarnzeichen f\u00fcr Demenz.<\/p>\n<p>Vitamin B12 erf\u00fcllt eine doppelte Schutzfunktion f\u00fcr das Gehirn. Es ist essenziell f\u00fcr die Bildung der Myelinscheiden, die die Nervenfasern isolieren und so die Reizweiterleitung beschleunigen. Ein Mangel an Vitamin B12 kann diese Isolierung br\u00fcchig machen und die Reizweiterleitung verlangsamen. Zudem baut Vitamin B12 die sch\u00e4dliche Aminos\u00e4ure Homocystein ab, deren erh\u00f6hter Spiegel als Risikofaktor f\u00fcr Alzheimer und Gef\u00e4\u00dfsch\u00e4den im Gehirn gilt.<\/p>\n<p>Besonders gef\u00e4hrdet f\u00fcr einen unerkannten Vitamin-B12-Mangel sind Senioren, Menschen mit Magen-Darm-Erkrankungen oder solche, die bestimmte Medikamente einnehmen, sowie Veganer und Vegetarier. Ein pr\u00e4ziserer Test, der Holotranscobalamin-Test, kann helfen, den aktiven, verwertbaren Vitamin-B12-Spiegel zu bestimmen und so einen Mangel fr\u00fchzeitig zu erkennen. Die Studienlage erh\u00f6ht den Druck auf Gesundheitsbeh\u00f6rden, die Referenzwerte anzupassen, um den Schutz des Gehirns zu verbessern.<\/p>\n<p>\t<a href=\"https:\/\/www.amazon.de\/gp\/angebote?&amp;linkCode=ll2&amp;tag=michaelfreita-21&amp;linkId=c40a6311bd10733d05d4a42cbb35604d&amp;language=en_GB&amp;ref_=as_li_ss_tl\" target=\"_blank\" style=\"border:0 !important;\" rel=\"noopener\"><img loading=\"lazy\" width=\"2048\" height=\"548\" decoding=\"async\" src=\"https:\/\/www.europesays.com\/de\/wp-content\/uploads\/2026\/01\/1767578237_768_adeals-5-scaled.png\" style=\"margin-left:20px;width:200px;-webkit-filter: grayscale(0) !important;filter: grayscale(0) !important;margin-bottom:15px;text-decoration:none !important;\"\/><\/a><\/p>\n<p>\t\t<a href=\"https:\/\/www.amazon.de\/blackfriday?linkCode=sl2&amp;ref_=as_li_ss_tl&amp;language=de_DE&amp;tag=michaelfreita-21&amp;linkId=0b0bd68c012cb70ca52550d56d4047be\" target=\"_blank\" style=\"border:0 !important;\" rel=\"noopener\"><img loading=\"lazy\" width=\"50\" height=\"50\" decoding=\"async\" src=\"https:\/\/www.europesays.com\/de\/wp-content\/uploads\/2026\/01\/1767578238_101_imgbin_de8e9947144cc41df7492733727cba70-small.png\" style=\"width:30px;-webkit-filter: grayscale(0) !important;filter: grayscale(0) !important;margin-bottom:15px;text-decoration:none !important; text-decoration: none !important; border: 0;position: relative;top: 5px;right: 15px;\"\/><\/a><\/p>\n<p><\/p>\n<p>\t<strong>\ud83d\udcb3 <a alt=\"Amazon Kreditkarte\" target=\"_blank\" style=\"color:#8351a9;text-decoration: none !important;\" href=\"https:\/\/www.it-boltwise.de\/freecard\" rel=\"noopener\">Amazon-Kreditkarte mit 2.000 Euro Limit bestellen!<\/a><\/strong><br \/><strong>\ud83d\udd25 <a alt=\"Amazon Hot Deals\" target=\"_blank\" style=\"color:#8351a9;text-decoration: none !important;\" href=\"https:\/\/www.it-boltwise.de\/sponsoreddeals\" rel=\"noopener\">Heutige Hot Deals bei Amazon: Bis zu 80% Rabatte!<\/a><\/strong><br \/><strong>\ud83c\udf89 <a alt=\"Amazon Haul Store\" target=\"_blank\" style=\"color:#8351a9;text-decoration: none !important;\" href=\"https:\/\/www.amazon.de\/-\/en\/haul\/store?&amp;linkCode=ll2&amp;tag=michaelfreita-21&amp;linkId=399013a5af0a4d143675bfd9301b35bc&amp;language=en_GB&amp;ref_=as_li_ss_tl\" rel=\"noopener\">Amazon Haul-Store f\u00fcr absolute Schn\u00e4ppchenj\u00e4ger!<\/a><\/strong><\/p>\n<p><a href=\"https:\/\/www.amazon.de\/s?k=ki+pin&amp;language=de_DE&amp;__mk_de_DE=%C3%85M%C3%85%C5%BD%C3%95%C3%91&amp;crid=3BXM72OD73I9R&amp;linkCode=sl2&amp;linkId=7519d2a1637f623e5ec0c0d87cd21321&amp;sprefix=ai+pin%2Caps%2C152&amp;tag=michaelfreita-21&amp;ref=as_li_ss_tl\" target=\"_blank\" style=\"border:0 !important;\" rel=\"noopener\"><img loading=\"lazy\" width=\"600\" height=\"338\" decoding=\"async\" src=\"https:\/\/www.europesays.com\/de\/wp-content\/uploads\/2026\/01\/1767578242_101_ezgif-605225c959f8d6d2.gif\" style=\"width:670px;-webkit-filter: grayscale(0) !important;filter: grayscale(0) !important;margin-bottom:15px;margin-top:15px;text-decoration:none !important;\"\/><\/a><\/p>\n<p><\/p>\n<p><a style=\"border:0 !important;\" target=\"blank\" href=\"https:\/\/www.amazon.de\/s?k=KI+Gadgets&amp;crid=1R6BH3DA4AJC1&amp;sprefix=ki+gadgets%2Caps%2C254&amp;linkCode=ll2&amp;tag=michaelfreita-21&amp;linkId=8a690e4424ff30366af05da9fb60c3c4&amp;language=en_GB&amp;ref_=as_li_ss_tl\" rel=\"noopener\"><img loading=\"lazy\" width=\"277\" height=\"60\" decoding=\"async\" style=\"-webkit-filter: grayscale(0) !important; filter: grayscale(0) !important;\" src=\"https:\/\/www.europesays.com\/de\/wp-content\/uploads\/2026\/01\/1767578243_544_gadgetbestseller.png\"\/><\/a><\/p>\n<p>    Bestseller Nr. 1 \u1d43\u293b\u1dbb \u00abKI Gadgets\u00bb<\/p>\n<p>    Bestseller Nr. 2 \u1d43\u293b\u1dbb \u00abKI Gadgets\u00bb<\/p>\n<p>    Bestseller Nr. 3 \u1d43\u293b\u1dbb \u00abKI Gadgets\u00bb<\/p>\n<p>    Bestseller Nr. 4 \u1d43\u293b\u1dbb \u00abKI Gadgets\u00bb<\/p>\n<p>    Bestseller Nr. 5 \u1d43\u293b\u1dbb \u00abKI Gadgets\u00bb<\/p>\n<p>\n<a title=\"Hat Ihnen der Artikel bzw. die News - Langzeitstudie zeigt: Vitamin B12 sch\u00fctzt das Gehirn im Alter - gefallen? Dann abonnieren Sie uns doch auf Insta: AI News, Tech Trends &amp; Robotics - Instagram - Boltwise\" style=\"border:0 !important;\" href=\"https:\/\/www.it-boltwise.de\/q295\" target=\"_blank\" rel=\"noopener\"><img loading=\"lazy\" width=\"980\" height=\"774\" decoding=\"async\" title=\"Hat Ihnen der Artikel bzw. die News - Langzeitstudie zeigt: Vitamin B12 sch\u00fctzt das Gehirn im Alter - gefallen? Dann abonnieren Sie uns doch auf Insta: AI News, Tech Trends &amp; Robotics - Instagram - Boltwise\" alt=\"Hat Ihnen der Artikel bzw. die News - Langzeitstudie zeigt: Vitamin B12 sch\u00fctzt das Gehirn im Alter - gefallen? Dann abonnieren Sie uns doch auf Insta: AI News, Tech Trends &amp; Robotics - Instagram - Boltwise\" src=\"https:\/\/www.europesays.com\/de\/wp-content\/uploads\/2026\/01\/1767578245_551_instagram.png\" style=\"width:100%;-webkit-filter: grayscale(0) !important;filter: grayscale(0) !important;\"\/><\/a><\/p>\n<p>        <img loading=\"lazy\" width=\"512\" height=\"512\" decoding=\"async\" style=\"width:42px;\" src=\"https:\/\/www.europesays.com\/de\/wp-content\/uploads\/2026\/01\/1767578246_59_4698570_email_inbox_letter_message_notifications_icon.png\"\/><\/p>\n<p>            <strong>Unseren KI-Morning-Newsletter \u00abDer KI<br \/>\n                News Espresso\u00bb mit den besten KI-News des letzten Tages gratis per eMail &#8211; ohne Werbung:<br \/>\n                <a style=\"color:#8351a9;\" href=\"https:\/\/www.it-boltwise.de\/ki-morning-newsletter\" target=\"_blank\" rel=\"noopener\">Hier kostenlos eintragen!<\/a><br \/>\n            <\/strong><\/p>\n<p><\/p>\n<p>        <a href=\"https:\/\/www.europesays.com\/de\/wp-content\/uploads\/2026\/01\/ai-vitamin-b12-brain-health.jpg\" class=\"itbw-article-image-container open-in-lightbox\" data-slb-active=\"1\" data-slb-asset=\"138288816\" data-slb-internal=\"0\" data-slb-group=\"1205947\"><br \/>\n            <img loading=\"lazy\" width=\"1024\" height=\"1024\" decoding=\"async\" itemprop=\"image\" src=\"https:\/\/www.europesays.com\/de\/wp-content\/uploads\/2026\/01\/ai-vitamin-b12-brain-health.jpg\" alt=\"Langzeitstudie zeigt: Vitamin B12 sch\u00fctzt das Gehirn im Alter\" title=\"Langzeitstudie zeigt: Vitamin B12 sch\u00fctzt das Gehirn im Alter\" class=\"open-in-lightbox size-full wp-image-1205947\"\/><br \/>\n        <\/a>Langzeitstudie zeigt: Vitamin B12 sch\u00fctzt das Gehirn im Alter (Foto: DALL-E, IT BOLTWISE)<\/p>\n<p>Erg\u00e4nzungen und Infos bitte an die Redaktion per eMail an de-info[at]it-boltwise.de. Da wir bei KI-erzeugten News und Inhalten selten auftretende KI-Halluzinationen nicht ausschlie\u00dfen k\u00f6nnen, bitten wir Sie bei Falschangaben und Fehlinformationen uns via eMail zu kontaktieren und zu informieren. Bitte vergessen Sie nicht in der eMail die Artikel-Headline zu nennen: <strong>&#8222;Langzeitstudie zeigt: Vitamin B12 sch\u00fctzt das Gehirn im Alter&#8220;<\/strong>.<\/p>\n","protected":false},"excerpt":{"rendered":"BOSTON \/ LONDON (IT BOLTWISE) \u2013 Eine neue Langzeitstudie der Boston University zeigt, dass ein hoher Vitamin-B12-Spiegel den&hellip;\n","protected":false},"author":2,"featured_media":693952,"comment_status":"","ping_status":"","sticky":false,"template":"","format":"standard","meta":{"footnotes":""},"categories":[137],"tags":[29,30,141,232],"class_list":{"0":"post-693951","1":"post","2":"type-post","3":"status-publish","4":"format-standard","5":"has-post-thumbnail","7":"category-gesundheit","8":"tag-deutschland","9":"tag-germany","10":"tag-gesundheit","11":"tag-health"},"share_on_mastodon":{"url":"https:\/\/pubeurope.com\/@de\/115840014714473344","error":""},"_links":{"self":[{"href":"https:\/\/www.europesays.com\/de\/wp-json\/wp\/v2\/posts\/693951","targetHints":{"allow":["GET"]}}],"collection":[{"href":"https:\/\/www.europesays.com\/de\/wp-json\/wp\/v2\/posts"}],"about":[{"href":"https:\/\/www.europesays.com\/de\/wp-json\/wp\/v2\/types\/post"}],"author":[{"embeddable":true,"href":"https:\/\/www.europesays.com\/de\/wp-json\/wp\/v2\/users\/2"}],"replies":[{"embeddable":true,"href":"https:\/\/www.europesays.com\/de\/wp-json\/wp\/v2\/comments?post=693951"}],"version-history":[{"count":0,"href":"https:\/\/www.europesays.com\/de\/wp-json\/wp\/v2\/posts\/693951\/revisions"}],"wp:featuredmedia":[{"embeddable":true,"href":"https:\/\/www.europesays.com\/de\/wp-json\/wp\/v2\/media\/693952"}],"wp:attachment":[{"href":"https:\/\/www.europesays.com\/de\/wp-json\/wp\/v2\/media?parent=693951"}],"wp:term":[{"taxonomy":"category","embeddable":true,"href":"https:\/\/www.europesays.com\/de\/wp-json\/wp\/v2\/categories?post=693951"},{"taxonomy":"post_tag","embeddable":true,"href":"https:\/\/www.europesays.com\/de\/wp-json\/wp\/v2\/tags?post=693951"}],"curies":[{"name":"wp","href":"https:\/\/api.w.org\/{rel}","templated":true}]}}