{"id":693959,"date":"2026-01-05T02:01:11","date_gmt":"2026-01-05T02:01:11","guid":{"rendered":"https:\/\/www.europesays.com\/de\/693959\/"},"modified":"2026-01-05T02:01:11","modified_gmt":"2026-01-05T02:01:11","slug":"dieses-modell-ist-2026-der-stylishere-modetrend","status":"publish","type":"post","link":"https:\/\/www.europesays.com\/de\/693959\/","title":{"rendered":"Dieses Modell ist 2026 der stylishere Modetrend"},"content":{"rendered":"<p class=\"sc-dr8wih-0 iEdssq paragraph-splittext-entityType_not_set ab-splittext-entityType_not_set\">Modetrends \u00e4ndern sich gef\u00fchlt schneller, als man shoppen kann. Kaum hat man sich ein neues Teil gekauft, ist es schon wieder vorbei damit. Auch bei <strong>Pullovern<\/strong> gibt es im Winter 2026 ein Modell, das wir jetzt endg\u00fcltig aussortieren k\u00f6nnen. Zum Gl\u00fcck haben wir aber schon die perfekte Alternative gefunden: super stylish und definitiv ein Teil, das l\u00e4nger als nur eine Saison bleibt.<\/p>\n","protected":false},"excerpt":{"rendered":"Modetrends \u00e4ndern sich gef\u00fchlt schneller, als man shoppen kann. Kaum hat man sich ein neues Teil gekauft, ist&hellip;\n","protected":false},"author":2,"featured_media":693960,"comment_status":"","ping_status":"","sticky":false,"template":"","format":"standard","meta":{"footnotes":"","_share_on_mastodon":"0"},"categories":[134],"tags":[175,170,169,29,23883,30,171,174,280,12172,160378,173,172],"class_list":["post-693959","post","type-post","status-publish","format-standard","has-post-thumbnail","category-unternehmen-maerkte","tag-business","tag-companies","tag-companies-markets","tag-deutschland","tag-fashion","tag-germany","tag-markets","tag-maerkte","tag-modetrends","tag-pullover","tag-shopping-tipps","tag-unternehmen","tag-unternehmen-maerkte"],"share_on_mastodon":{"url":"https:\/\/pubeurope.com\/@de\/115840030024667184","error":""},"_links":{"self":[{"href":"https:\/\/www.europesays.com\/de\/wp-json\/wp\/v2\/posts\/693959","targetHints":{"allow":["GET"]}}],"collection":[{"href":"https:\/\/www.europesays.com\/de\/wp-json\/wp\/v2\/posts"}],"about":[{"href":"https:\/\/www.europesays.com\/de\/wp-json\/wp\/v2\/types\/post"}],"author":[{"embeddable":true,"href":"https:\/\/www.europesays.com\/de\/wp-json\/wp\/v2\/users\/2"}],"replies":[{"embeddable":true,"href":"https:\/\/www.europesays.com\/de\/wp-json\/wp\/v2\/comments?post=693959"}],"version-history":[{"count":0,"href":"https:\/\/www.europesays.com\/de\/wp-json\/wp\/v2\/posts\/693959\/revisions"}],"wp:featuredmedia":[{"embeddable":true,"href":"https:\/\/www.europesays.com\/de\/wp-json\/wp\/v2\/media\/693960"}],"wp:attachment":[{"href":"https:\/\/www.europesays.com\/de\/wp-json\/wp\/v2\/media?parent=693959"}],"wp:term":[{"taxonomy":"category","embeddable":true,"href":"https:\/\/www.europesays.com\/de\/wp-json\/wp\/v2\/categories?post=693959"},{"taxonomy":"post_tag","embeddable":true,"href":"https:\/\/www.europesays.com\/de\/wp-json\/wp\/v2\/tags?post=693959"}],"curies":[{"name":"wp","href":"https:\/\/api.w.org\/{rel}","templated":true}]}}