{"id":694143,"date":"2026-01-05T03:57:28","date_gmt":"2026-01-05T03:57:28","guid":{"rendered":"https:\/\/www.europesays.com\/de\/694143\/"},"modified":"2026-01-05T03:57:28","modified_gmt":"2026-01-05T03:57:28","slug":"schmadtke-warnt-bei-hannover-96-vor-falschen-erwartungen","status":"publish","type":"post","link":"https:\/\/www.europesays.com\/de\/694143\/","title":{"rendered":"Schmadtke warnt bei Hannover 96 vor &#8222;falschen Erwartungen&#8220;"},"content":{"rendered":"<p>        <img decoding=\"async\" src=\"https:\/\/www.europesays.com\/de\/wp-content\/uploads\/2026\/01\/schmadtke-114.webp.webp\" alt=\"Fu\u00dfball-Manager J\u00f6rg Schmadtke \" title=\"Fu\u00dfball-Manager J\u00f6rg Schmadtke  | IMAGO \/ regio24\" class=\"responsive\"\/><\/p>\n<p>AUDIO: J\u00f6rg Schmadtke sieht sich nicht als 96-Heilsbringer (1 Min)<\/p>\n<p>\n                Stand: 04.01.2026 12:11 Uhr<\/p>\n<p class=\"preface\">J\u00f6rg Schmadtke ist zur\u00fcck bei Hannover 96. Kommt nun der ersehnte Aufschwung beim Fu\u00dfball-Zweitligisten? Der neue starke Mann gibt sich zur\u00fcckhaltend und warnt vor falschen Erwartungen.<\/p>\n<p class=\"\">J\u00f6rg Schmadtke &#8211; dieser Name steht in Hannover f\u00fcr rauschende Europapokal-N\u00e4chte. Gemeinsam mit Trainer Mirko Slomka f\u00fchrte der 61-J\u00e4hrige die Niedersachsen 2011\/12 und 2012\/13 zweimal in die Europa League. Kein Wunder also, dass die Euphorie unter den 96-Fans gro\u00df ist, seitdem der Fu\u00dfball-Zweitligist Schmadtke an Heiligabend als neuen Gesch\u00e4ftsf\u00fchrer Sport und damit als Nachfolger des zu RB Salzburg gewechselten Marcus Mann vorgestellt hat.<\/p>\n<p>        <img decoding=\"async\" src=\"https:\/\/www.europesays.com\/de\/wp-content\/uploads\/2026\/01\/wolfsburg16370.webp.webp\" alt=\"J\u00f6rg Schmadtke\" title=\"J\u00f6rg Schmadtke | IMAGO \/ regios24\" class=\"responsive\" loading=\"lazy\"\/><\/p>\n<p>J\u00f6rg Schmadtke \u00fcbernimmt als Sport-Gesch\u00e4ftsf\u00fchrer die Verantwortung f\u00fcr die Lizenzmannschaft und die 96-Akademie. Er erh\u00e4lt einen Vertrag bis 2029.<\/p>\n<p class=\"\">Doch Schmadtke sieht sich zu Beginn seiner zweiten Amtszeit in Hannover nicht als Heilsbringer. &#8222;Man muss mit dem Blick auf die Vergangenheit auch aufpassen. Das weckt manchmal falsche Erwartungen&#8220;, sagte er im Trainingslager im t\u00fcrkischen Belek. &#8222;Es ist eine neue Zeitrechnung: Damals war es Erste Liga, jetzt ist es Zweite Liga, auch wenn wir eine Idee haben, wie wir vielleicht auf Sicht wieder Erstligist werden.&#8220;<\/p>\n<p class=\"\">Eigentlich hatte sich Schmadtke nach seiner Zeit beim VfL Wolfsburg und einem kurzen Intermezzo beim FC Liverpool bereits in den Ruhestand verabschiedet. Zeit mit der Familie und viele Reisen statt Fu\u00dfball standen im Mittelpunkt. Doch nun hat er sich f\u00fcr eine R\u00fcckkehr nach Hannover entschieden. &#8222;Ich habe mich jetzt zwei Jahre um andere Dinge gek\u00fcmmert, aber jetzt hatte ich das Gef\u00fchl, dass ich Menschen, die ich mag, unterst\u00fctzen kann&#8220;, so der Ex-Torwart.<\/p>\n<p>    R\u00fcckkehr in die Erste Liga das Ziel<\/p>\n<p class=\"\">Das gemeinsame Ziel ist klar: Hannover 96 soll zur\u00fcck in die Erste Liga. Doch dass dies nicht einfach wird, mussten die Niedersachsen bereits in der Hinrunde erleben. Trotz eines starken Saisonstarts liegen die &#8222;Roten&#8220; zur Winterpause nur <a href=\"https:\/\/www.ndr.de\/sport\/ergebnisse\/Alle-Ergebnisse-2-Bundesliga-Fussball-2025-2026,fussballmaenner2514.html\" title=\"Ergebnisse und Tabelle 2. Fu\u00dfball-Bundesliga\" target=\"_blank\" rel=\"noopener\">auf Platz f\u00fcnf, mit vier Punkten R\u00fcckstand auf den Relegationsplatz<\/a>.<\/p>\n<p class=\"\">Schmadtke sieht die Zwischenbilanz allerdings nicht so negativ wie andere im Umfeld des chronisch unruhigen Traditionsvereins: &#8222;Wir sind ein Club, der im Sommer einen Monster-Umbruch gemacht hat. Wir haben eine relativ junge Mannschaft. Wir sind zur Halbserie F\u00fcnfter mit Anschluss nach oben, da w\u00fcrde ich sagen, es war eine gute Hinrunde.&#8220;<\/p>\n<p>    &#8222;Winter ist kompliziert bei Transfers&#8220;<\/p>\n<p class=\"\">In den Tagen von Belek soll es nun darum gehen, noch besser als Team zusammenzuwachsen und im anspruchsvollen Spielstil von <a href=\"https:\/\/www.ndr.de\/sport\/fussball\/Zweite-Bundesliga-Hannover-96-Trainer-Titz,hannover-580.html\" title=\"Trainer Titz f\u00fchrt Hannover 96 mit Menschlichkeit und Engagement auf Erfolgskurs\" target=\"_blank\" rel=\"noopener\">Trainer Christian Titz<\/a> an den Feinheiten zu arbeiten. Zudem wird Schmadtke viel Zeit am Telefon verbringen, um noch den einen oder anderen Neuzugang zu verpflichten. Vor allem f\u00fcr den Sturm ist Hannover auf der Suche.<\/p>\n<p class=\"\">Leicht werde das aber nicht, r\u00e4umte Schmadtke ein. &#8222;Der Winter ist kompliziert bei Transfers&#8220;, sagte der neue starke Mann bei 96. &#8222;Der Markt ist teurer, du kannst dem Spieler au\u00dferdem kaum Zeit zur Eingew\u00f6hnung geben. Die Ver\u00e4nderungen werden nicht riesengro\u00df sein.&#8220; Mit seiner gro\u00dfen Erfahrung und seinen guten Verbindungen will der neue Sport-Gesch\u00e4ftsf\u00fchrer aber etwas m\u00f6glich machen &#8211; und damit erste Erwartungen erf\u00fcllen.<\/p>\n<p>        <img decoding=\"async\" src=\"https:\/\/www.europesays.com\/de\/wp-content\/uploads\/2026\/01\/niedersachsenderby-120.webp.webp\" alt=\"Benjamin K\u00e4llman von Hannover 96 mit dem Ball (r.)\" title=\"Benjamin K\u00e4llman von Hannover 96 mit dem Ball (r.) | picture alliance\/dpa | Swen Pf\u00f6rtner\" class=\"responsive\" loading=\"lazy\"\/><\/p>\n<p>Welche Neuzug\u00e4nge von Hannover 96, Holstein Kiel und Eintracht Braunschweig haben eingeschlagen &#8211; und welche nicht? Das sagen die Daten. <\/p>\n<p>        <img decoding=\"async\" src=\"https:\/\/www.europesays.com\/de\/wp-content\/uploads\/2026\/01\/hannover-582.webp.webp\" alt=\"Christian Titz, Trainer von Hannover 96\" title=\"Christian Titz, Trainer von Hannover 96 | picture alliance \/ osnapix \/ Michael Titgemeyer | Michael Titgemeyer\" class=\"responsive\" loading=\"lazy\"\/><\/p>\n<p>Der Traum von der Bundesliga-R\u00fcckkehr lebt bei Hannover 96. Die empathische Art von Trainer Christian Titz hat daran gro\u00dfen Anteil.<\/p>\n<p>        <img decoding=\"async\" src=\"https:\/\/www.europesays.com\/de\/wp-content\/uploads\/2025\/12\/1766313201_858_tabelle190.webp\" alt=\"Eine Fu\u00dfballtabelle vor eine Fu\u00dfballmotiv\" title=\"Eine Fu\u00dfballtabelle vor eine Fu\u00dfballmotiv | Colourbox, Pressmaster\" class=\"responsive\" loading=\"lazy\"\/><\/p>\n<p>Ergebnisse, Tabellenst\u00e4nde und die Spieltage im \u00dcberblick.<\/p>\n","protected":false},"excerpt":{"rendered":"AUDIO: J\u00f6rg Schmadtke sieht sich nicht als 96-Heilsbringer (1 Min) Stand: 04.01.2026 12:11 Uhr J\u00f6rg Schmadtke ist zur\u00fcck&hellip;\n","protected":false},"author":2,"featured_media":694144,"comment_status":"","ping_status":"","sticky":false,"template":"","format":"standard","meta":{"footnotes":""},"categories":[5],"tags":[621,331,332,3364,29,347,30,46,2366,13,14,15,1552,12],"class_list":{"0":"post-694143","1":"post","2":"type-post","3":"status-publish","4":"format-standard","5":"has-post-thumbnail","7":"category-nachrichten","8":"tag-2-bundesliga","9":"tag-aktuelle-nachrichten","10":"tag-aktuelle-news","11":"tag-de","12":"tag-deutschland","13":"tag-fussball","14":"tag-germany","15":"tag-hannover","16":"tag-hannover-96","17":"tag-headlines","18":"tag-nachrichten","19":"tag-news","20":"tag-newsticker","21":"tag-schlagzeilen"},"share_on_mastodon":{"url":"https:\/\/pubeurope.com\/@de\/115840486453227919","error":""},"_links":{"self":[{"href":"https:\/\/www.europesays.com\/de\/wp-json\/wp\/v2\/posts\/694143","targetHints":{"allow":["GET"]}}],"collection":[{"href":"https:\/\/www.europesays.com\/de\/wp-json\/wp\/v2\/posts"}],"about":[{"href":"https:\/\/www.europesays.com\/de\/wp-json\/wp\/v2\/types\/post"}],"author":[{"embeddable":true,"href":"https:\/\/www.europesays.com\/de\/wp-json\/wp\/v2\/users\/2"}],"replies":[{"embeddable":true,"href":"https:\/\/www.europesays.com\/de\/wp-json\/wp\/v2\/comments?post=694143"}],"version-history":[{"count":0,"href":"https:\/\/www.europesays.com\/de\/wp-json\/wp\/v2\/posts\/694143\/revisions"}],"wp:featuredmedia":[{"embeddable":true,"href":"https:\/\/www.europesays.com\/de\/wp-json\/wp\/v2\/media\/694144"}],"wp:attachment":[{"href":"https:\/\/www.europesays.com\/de\/wp-json\/wp\/v2\/media?parent=694143"}],"wp:term":[{"taxonomy":"category","embeddable":true,"href":"https:\/\/www.europesays.com\/de\/wp-json\/wp\/v2\/categories?post=694143"},{"taxonomy":"post_tag","embeddable":true,"href":"https:\/\/www.europesays.com\/de\/wp-json\/wp\/v2\/tags?post=694143"}],"curies":[{"name":"wp","href":"https:\/\/api.w.org\/{rel}","templated":true}]}}