{"id":694277,"date":"2026-01-05T05:27:20","date_gmt":"2026-01-05T05:27:20","guid":{"rendered":"https:\/\/www.europesays.com\/de\/694277\/"},"modified":"2026-01-05T05:27:20","modified_gmt":"2026-01-05T05:27:20","slug":"aller-guten-dinge-sind-drei-krankenhaus-bethanien-begruesst-drei-neujahrsbabys","status":"publish","type":"post","link":"https:\/\/www.europesays.com\/de\/694277\/","title":{"rendered":"Aller guten Dinge sind drei: Krankenhaus Bethanien begr\u00fc\u00dft drei Neujahrsbabys"},"content":{"rendered":"<p>            <a href=\"https:\/\/lokalklick.eu\/wp-content\/uploads\/2026\/01\/MO_Neujahrsbaby-Auswahl-2.jpeg\" data-caption=\"Dr. Dorit Brunotte, Leitende Ober\u00e4rztin der Klinik fu\u0308r Gyn\u00e4kologie, Geburtshilfe, Gyn\u00e4kologische Onkologie &amp; Senologie (4. v.r.), freut sich gemeinsam mit der Familie und einem Teil des Teams \u00fcber die gut verlaufenen Geburten der insgesamt drei Neujahrsbabys (Foto: Bethanien)\" target=\"_blank\" rel=\"noopener\"><img loading=\"lazy\" decoding=\"async\" width=\"696\" height=\"407\" class=\"entry-thumb td-modal-image\" src=\"https:\/\/www.europesays.com\/de\/wp-content\/uploads\/2026\/01\/MO_Neujahrsbaby-Auswahl-2-696x407.jpeg\"   alt=\"\" title=\"MO_Neujahrsbaby Auswahl 2\"\/><\/a>Dr. Dorit Brunotte, Leitende Ober\u00e4rztin der Klinik fu\u0308r Gyn\u00e4kologie, Geburtshilfe, Gyn\u00e4kologische Onkologie &amp; Senologie (4. v.r.), freut sich gemeinsam mit der Familie und einem Teil des Teams \u00fcber die gut verlaufenen Geburten der insgesamt drei Neujahrsbabys (Foto: Bethanien)<\/p>\n<p><strong>Moers. <\/strong>Als Baby \u00d6mer am 01. Januar 2026 um 0.06 Uhr das Licht der Welt erblickte, begr\u00fc\u00dfte das Team der Geburtshilfe im Krankenhaus Bethanien das erste Neujahrsbaby. Im Laufe des Tages wurden neben \u00d6mer noch zwei weitere Neugeborene willkommen gehei\u00dfen. \u201eWir durften gleich drei Neujahrsbabys begr\u00fc\u00dfen. M\u00f6glich war das nur durch den gro\u00dfartigen Einsatz unseres geburtshilflichen Teams sowie der Kolleginnen und Kollegen in den OPs, die rund um die Uhr auch f\u00fcr Kaiserschnitte im Einsatz waren\u201c, betont Dr. Dorit Brunotte, Leitende Ober\u00e4rztin der Klinik f\u00fcr Gyn\u00e4kologie, Geburtshilfe, Gyn\u00e4kologische Onkologie &amp; Senologie.<\/p>\n<p>Im vergangenen Jahr betreute das Krankenhaus Bethanien insgesamt 1.524 Geburten und erh\u00f6hte damit die durchschnittliche Gesamtgeburtenrate der letzten Jahre. \u201eDie hohe Zahl an Geburten im vergangenen Jahr best\u00e4tigt das gro\u00dfe Vertrauen, das werdende Eltern unserer Klinik entgegenbringen. Neben der medizinischen Qualit\u00e4t sch\u00e4tzen viele Familien insbesondere die enge interdisziplin\u00e4re Zusammenarbeit und die individuelle Betreuung vor, w\u00e4hrend und nach der Geburt\u201c, erkl\u00e4rt Dr. Dorit Brunotte.<\/p>\n<p>Zusammen mit der Klinik f\u00fcr Kinder- &amp; Jugendmedizin des Krankenhauses Bethanien Moers ist die Klinik f\u00fcr Gyn\u00e4kologie, Geburtshilfe, Gyn\u00e4kologische Onkologie &amp; Senologie Perinatalzentrum Level 1 und damit personell und strukturell sehr gut f\u00fcr physiologische wie auch f\u00fcr Fr\u00fch- und Risikogeburten aufgestellt.<\/p>\n<p>Anzeigen<a href=\"https:\/\/www.rugana.de\/de\/Mecklenburg-Vorpommern\/Insel.Ruegen\/D41\" target=\"_blank\" rel=\"noopener\"><img decoding=\"async\" src=\"https:\/\/www.europesays.com\/de\/wp-content\/uploads\/2025\/04\/FeWo-Dranske-2-1456.jpg\"\/><\/a><\/p>\n<p>\n<a href=\"#\"><img decoding=\"async\" src=\"https:\/\/www.europesays.com\/de\/wp-content\/uploads\/2025\/04\/rec728-1-Kopie.jpg\"\/><\/a><\/p>\n<p>        <\/p>\n","protected":false},"excerpt":{"rendered":"Dr. Dorit Brunotte, Leitende Ober\u00e4rztin der Klinik fu\u0308r Gyn\u00e4kologie, Geburtshilfe, Gyn\u00e4kologische Onkologie &amp; Senologie (4. v.r.), freut sich&hellip;\n","protected":false},"author":2,"featured_media":694278,"comment_status":"","ping_status":"","sticky":false,"template":"","format":"standard","meta":{"footnotes":""},"categories":[1838],"tags":[3364,29,3715,30,1209],"class_list":{"0":"post-694277","1":"post","2":"type-post","3":"status-publish","4":"format-standard","5":"has-post-thumbnail","7":"category-duisburg","8":"tag-de","9":"tag-deutschland","10":"tag-duisburg","11":"tag-germany","12":"tag-nordrhein-westfalen"},"share_on_mastodon":{"url":"https:\/\/pubeurope.com\/@de\/115840840234803913","error":""},"_links":{"self":[{"href":"https:\/\/www.europesays.com\/de\/wp-json\/wp\/v2\/posts\/694277","targetHints":{"allow":["GET"]}}],"collection":[{"href":"https:\/\/www.europesays.com\/de\/wp-json\/wp\/v2\/posts"}],"about":[{"href":"https:\/\/www.europesays.com\/de\/wp-json\/wp\/v2\/types\/post"}],"author":[{"embeddable":true,"href":"https:\/\/www.europesays.com\/de\/wp-json\/wp\/v2\/users\/2"}],"replies":[{"embeddable":true,"href":"https:\/\/www.europesays.com\/de\/wp-json\/wp\/v2\/comments?post=694277"}],"version-history":[{"count":0,"href":"https:\/\/www.europesays.com\/de\/wp-json\/wp\/v2\/posts\/694277\/revisions"}],"wp:featuredmedia":[{"embeddable":true,"href":"https:\/\/www.europesays.com\/de\/wp-json\/wp\/v2\/media\/694278"}],"wp:attachment":[{"href":"https:\/\/www.europesays.com\/de\/wp-json\/wp\/v2\/media?parent=694277"}],"wp:term":[{"taxonomy":"category","embeddable":true,"href":"https:\/\/www.europesays.com\/de\/wp-json\/wp\/v2\/categories?post=694277"},{"taxonomy":"post_tag","embeddable":true,"href":"https:\/\/www.europesays.com\/de\/wp-json\/wp\/v2\/tags?post=694277"}],"curies":[{"name":"wp","href":"https:\/\/api.w.org\/{rel}","templated":true}]}}