{"id":694406,"date":"2026-01-05T06:47:11","date_gmt":"2026-01-05T06:47:11","guid":{"rendered":"https:\/\/www.europesays.com\/de\/694406\/"},"modified":"2026-01-05T06:47:11","modified_gmt":"2026-01-05T06:47:11","slug":"so-geht-es-weiter-mit-der-ehemaligen-stadtgaertnerei","status":"publish","type":"post","link":"https:\/\/www.europesays.com\/de\/694406\/","title":{"rendered":"So geht es weiter mit der ehemaligen Stadtg\u00e4rtnerei"},"content":{"rendered":"<p>          Areal in Bonn-Dransdorf        So geht es weiter mit der ehemaligen Stadtg\u00e4rtnerei<\/p>\n<p class=\"text-50 desktop:text-70 park-container-small px-6 mb-10 desktop:mb-14\">Dransdorf \u00b7 <strong data-cy=\"intro\" data-readtime-content=\"\">Aus den Ruinen der ehemaligen Stadtg\u00e4rtnerei in Dransdorf soll ein Zukunftsort werden. Das ist eine ambitionierte Vision. Die beiden neuen P\u00e4chter, eine Initiative und eine Stiftung, erz\u00e4hlen, was sie vorhaben.<\/strong><\/p>\n<p>                <img class=\"absolute inset-0 w-full h-full object-cover aspect-[16\/10] opacity-0 transition-opacity animated\" onload=\"this.style.opacity = '1';\" src=\"https:\/\/www.europesays.com\/de\/wp-content\/uploads\/2026\/01\/w2100_h1313_x1796_y1010_ga_Gradwanderung_auf_dem_Dransdorfer_Berg_Aus_den_Ruinen_der_ehemaligen_Stad.jpeg\"  alt=\"Das Gel\u00e4nde der ehemaligen Stadtg\u00e4rtnerei soll von einer Stiftung und einer Initiative entwickelt werden.  \" fetchpriority=\"high\" decoding=\"async\" data-park-image-img=\"\"\/><\/p>\n","protected":false},"excerpt":{"rendered":"Areal in Bonn-Dransdorf So geht es weiter mit der ehemaligen Stadtg\u00e4rtnerei Dransdorf \u00b7 Aus den Ruinen der ehemaligen&hellip;\n","protected":false},"author":2,"featured_media":694407,"comment_status":"","ping_status":"","sticky":false,"template":"","format":"standard","meta":{"footnotes":""},"categories":[1842],"tags":[1741,3364,29,30,1209],"class_list":{"0":"post-694406","1":"post","2":"type-post","3":"status-publish","4":"format-standard","5":"has-post-thumbnail","7":"category-bonn","8":"tag-bonn","9":"tag-de","10":"tag-deutschland","11":"tag-germany","12":"tag-nordrhein-westfalen"},"share_on_mastodon":{"url":"https:\/\/pubeurope.com\/@de\/115841154659577047","error":""},"_links":{"self":[{"href":"https:\/\/www.europesays.com\/de\/wp-json\/wp\/v2\/posts\/694406","targetHints":{"allow":["GET"]}}],"collection":[{"href":"https:\/\/www.europesays.com\/de\/wp-json\/wp\/v2\/posts"}],"about":[{"href":"https:\/\/www.europesays.com\/de\/wp-json\/wp\/v2\/types\/post"}],"author":[{"embeddable":true,"href":"https:\/\/www.europesays.com\/de\/wp-json\/wp\/v2\/users\/2"}],"replies":[{"embeddable":true,"href":"https:\/\/www.europesays.com\/de\/wp-json\/wp\/v2\/comments?post=694406"}],"version-history":[{"count":0,"href":"https:\/\/www.europesays.com\/de\/wp-json\/wp\/v2\/posts\/694406\/revisions"}],"wp:featuredmedia":[{"embeddable":true,"href":"https:\/\/www.europesays.com\/de\/wp-json\/wp\/v2\/media\/694407"}],"wp:attachment":[{"href":"https:\/\/www.europesays.com\/de\/wp-json\/wp\/v2\/media?parent=694406"}],"wp:term":[{"taxonomy":"category","embeddable":true,"href":"https:\/\/www.europesays.com\/de\/wp-json\/wp\/v2\/categories?post=694406"},{"taxonomy":"post_tag","embeddable":true,"href":"https:\/\/www.europesays.com\/de\/wp-json\/wp\/v2\/tags?post=694406"}],"curies":[{"name":"wp","href":"https:\/\/api.w.org\/{rel}","templated":true}]}}