{"id":694646,"date":"2026-01-05T09:11:17","date_gmt":"2026-01-05T09:11:17","guid":{"rendered":"https:\/\/www.europesays.com\/de\/694646\/"},"modified":"2026-01-05T09:11:17","modified_gmt":"2026-01-05T09:11:17","slug":"ascheberg-buergerbus-mit-neuer-route","status":"publish","type":"post","link":"https:\/\/www.europesays.com\/de\/694646\/","title":{"rendered":"ASCHEBERG: B\u00fcrgerbus mit neuer Route"},"content":{"rendered":"<p class=\"small date article__date\">Ver\u00f6ffentlicht:\u00a0Montag, 05.01.2026 06:24<\/p>\n<p>Der B\u00fcrgerbus Ascheberg f\u00e4hrt ab \u00fcbermorgen (07.01.) eine ver\u00e4nderte Route. <\/p>\n<p><img decoding=\"async\" alt=\"\" src=\"https:\/\/www.europesays.com\/de\/wp-content\/uploads\/2026\/01\/haltestelle-22.png&#038;crop=0x135x720x450&#038;resize=720x450&#038;dt=202512240633160.png\" data-size=\"720x450\"\/><\/p>\n<p>Die Haltestelle \u201eAbzweig Davensberg\u201c entf\u00e4llt und wird durch eine neue im Bereich des Bahnhofsvorplatzes ersetzt. Hintergrund: die bisherige Haltestelle birgt ein erh\u00f6htes Unfallrisiko f\u00fcr Fahrer und Fahrg\u00e4ste, sagt der B\u00fcrgerbusverein, da der B\u00fcrgerbus im Bereich einer Fahrbahnverengung kurz vor der Bahnunterf\u00fchrung halten muss. Durch die neue Haltestelle am Bahnhofsvorplatz besteht dieses Unfallrisiko nicht mehr. Au\u00dferdem gibt es \u00c4nderungen im Bereich Ascheberg aufgrund von neuen Baugebieten. <\/p>\n<ol>\n<li>Der Haltepunkte \u201eBahnhofsweg\u201c wurde aufgegeben. <\/li>\n<li>Im Bereich des neuen Baugebietes \u201eBreilbusch\u201c wurde eine neue Haltestelle (Nordkirchener Stra\u00dfe) eingerichtet.<\/li>\n<li>Auf der Stra\u00dfe Breil in H\u00f6he \u201eBahnhofsweg\u201c wurde eine neue Haltestelle (Abzw. Bahnhof) eingerichtet.<\/li>\n<\/ol>\n<p>Durch diese Fahrtrouten\u00e4nderungen zum Start am 07.01.2026 ergeben sich teilweise neue Abfahrtszeiten. Diese finden Sie in den Aush\u00e4ngen an den einzelnen Haltestellen. Der neue Fahrplan ist au\u00dferdem schon jetzt auf der Homepage des B\u00fcrgerbusvereins <a href=\"https:\/\/www.ascheberg.de\/leben-freizeit\/mobilitaet\/buergerbus-ascheberg-e-v\/\" rel=\"noopener noreferrer nofollow\" target=\"_blank\">HIER<\/a> zu finden. Au\u00dferdem liegt er ab Dienstag als Druckausgabe an den bekannten<\/p>\n<p>Stellen zur Mitnahme aus.<\/p>\n","protected":false},"excerpt":{"rendered":"Ver\u00f6ffentlicht:\u00a0Montag, 05.01.2026 06:24 Der B\u00fcrgerbus Ascheberg f\u00e4hrt ab \u00fcbermorgen (07.01.) eine ver\u00e4nderte Route. Die Haltestelle \u201eAbzweig Davensberg\u201c entf\u00e4llt&hellip;\n","protected":false},"author":2,"featured_media":694647,"comment_status":"","ping_status":"","sticky":false,"template":"","format":"standard","meta":{"footnotes":"","_share_on_mastodon":"0"},"categories":[1843],"tags":[58563,3364,29,30,8970,1209],"class_list":["post-694646","post","type-post","status-publish","format-standard","has-post-thumbnail","category-muenster","tag-ascheberg","tag-de","tag-deutschland","tag-germany","tag-muenster","tag-nordrhein-westfalen"],"share_on_mastodon":{"url":"https:\/\/pubeurope.com\/@de\/115841721278983124","error":""},"_links":{"self":[{"href":"https:\/\/www.europesays.com\/de\/wp-json\/wp\/v2\/posts\/694646","targetHints":{"allow":["GET"]}}],"collection":[{"href":"https:\/\/www.europesays.com\/de\/wp-json\/wp\/v2\/posts"}],"about":[{"href":"https:\/\/www.europesays.com\/de\/wp-json\/wp\/v2\/types\/post"}],"author":[{"embeddable":true,"href":"https:\/\/www.europesays.com\/de\/wp-json\/wp\/v2\/users\/2"}],"replies":[{"embeddable":true,"href":"https:\/\/www.europesays.com\/de\/wp-json\/wp\/v2\/comments?post=694646"}],"version-history":[{"count":0,"href":"https:\/\/www.europesays.com\/de\/wp-json\/wp\/v2\/posts\/694646\/revisions"}],"wp:featuredmedia":[{"embeddable":true,"href":"https:\/\/www.europesays.com\/de\/wp-json\/wp\/v2\/media\/694647"}],"wp:attachment":[{"href":"https:\/\/www.europesays.com\/de\/wp-json\/wp\/v2\/media?parent=694646"}],"wp:term":[{"taxonomy":"category","embeddable":true,"href":"https:\/\/www.europesays.com\/de\/wp-json\/wp\/v2\/categories?post=694646"},{"taxonomy":"post_tag","embeddable":true,"href":"https:\/\/www.europesays.com\/de\/wp-json\/wp\/v2\/tags?post=694646"}],"curies":[{"name":"wp","href":"https:\/\/api.w.org\/{rel}","templated":true}]}}