{"id":695035,"date":"2026-01-05T12:55:12","date_gmt":"2026-01-05T12:55:12","guid":{"rendered":"https:\/\/www.europesays.com\/de\/695035\/"},"modified":"2026-01-05T12:55:12","modified_gmt":"2026-01-05T12:55:12","slug":"pascal-gross-gibt-einblick-in-schwierige-bvb-monate-und-kovac-enttaeuschung","status":"publish","type":"post","link":"https:\/\/www.europesays.com\/de\/695035\/","title":{"rendered":"Pascal Gro\u00df gibt Einblick in schwierige BVB-Monate und Kovac-Entt\u00e4uschung"},"content":{"rendered":"<p>Schwierige BVB-Monate\u00a0<\/p>\n<p>                                    <img decoding=\"async\" src=\"https:\/\/www.europesays.com\/de\/wp-content\/uploads\/2026\/01\/pascal-gross-brighton-2026-imago1070868893-1767606515-186459.jpg\" title=\"Pascal Gro\u00df gibt Einblick in schwierige BVB-Monate und Kovac-Entt\u00e4uschung\" alt=\"Pascal Gro\u00df gibt Einblick in schwierige BVB-Monate und Kovac-Entt\u00e4uschung\"\/><\/p>\n<p>\n                                       \u00a9IMAGO\n                                    <\/p>\n<p>Nach eineinhalb Jahren, 66 Pflichtspielen und einem Tor im Trikot von <a title=\"Borussia Dortmund\" href=\"https:\/\/www.transfermarkt.de\/borussia-dortmund\/startseite\/verein\/16\" target=\"_blank\" rel=\"nofollow noopener\">Borussia Dortmund<\/a> zog es Mittelfeldspieler <a title=\"Pascal Gro\u00df\" href=\"https:\/\/www.transfermarkt.de\/pascal-gro-\/profil\/spieler\/82873\" target=\"_blank\" rel=\"nofollow noopener\">Pascal Gro\u00df<\/a> vergangene Woche zur\u00fcck zum Ex-Klub <a title=\"Brighton &amp; Hove Albion\" href=\"https:\/\/www.transfermarkt.de\/brighton---hove-albion\/startseite\/verein\/1237\" target=\"_blank\" rel=\"nofollow noopener\">Brighton &amp; Hove Albion<\/a>. Bereits beim <a href=\"https:\/\/www.transfermarkt.de\/spielbericht\/index\/spielbericht\/4625966\" target=\"_blank\" rel=\"nofollow noopener\">2:0-Sieg<\/a> der Seagulls am vergangenen Samstag gegen <a title=\"FC Burnley\" href=\"https:\/\/www.transfermarkt.de\/fc-burnley\/startseite\/verein\/1132\" target=\"_blank\" rel=\"nofollow noopener\">Burnley<\/a> feierte der 34 Jahre alte Routinier sein Comeback in East Sussex. Nun gab er Einblicke in seine Beweggr\u00fcnde f\u00fcr den Wechsel und seine emotionale R\u00fcckkehr in die <a title=\"Premier League\" href=\"https:\/\/www.transfermarkt.de\/premier-league\/startseite\/wettbewerb\/GB1\" target=\"_blank\" rel=\"nofollow noopener\">Premier League<\/a>.<\/p>\n<p><\/p>\n<p>Das habe er \u201eso auch noch nie erlebt\u201c, erz\u00e4hlte Gro\u00df dem \u201eKicker\u201c \u00fcber den warmen Empfang der Brighton-Fans im Amex Stadium und schob ein n\u00fcchternes \u201ecoole Sache\u201c hinterher. 19 Minuten lie\u00df Trainer <a title=\"Fabian H\u00fcrzeler\" href=\"https:\/\/www.transfermarkt.de\/fabian-h-rzeler\/profil\/trainer\/48076\" target=\"_blank\" rel=\"nofollow noopener\">Fabian H\u00fcrzeler<\/a> den 16-fachen DFB-Spieler gegen die Clarets ran. F\u00fcr den BVB hatte Gro\u00df zuletzt beim Jahresabschluss gegen M\u00f6nchengladbach auf dem Platz gestanden, war zuvor in der Endphase der Bundesliga-Hinrunde aber auch dreimal in Folge nicht\u00a0von Trainer <a title=\"Niko Kovac\" href=\"https:\/\/www.transfermarkt.de\/niko-kovac\/profil\/trainer\/10463\" target=\"_blank\" rel=\"nofollow noopener\">Niko Kovac<\/a> eingesetzt\u00a0worden. \u201eNat\u00fcrlich ist es f\u00fcr einen Vollblutfu\u00dfballer wie mich nie einfach, wenn man weniger spielt, als man sich vorstellt. Das war sehr schwierig in den vergangenen Monaten. Aber es waren auch gute Momente dabei und die Lust am Fu\u00dfball habe ich nie verloren. Nat\u00fcrlich freue ich mich, nun hoffentlich wieder mehr Einsatzzeiten zu haben, und hoffe, der neuen Mannschaft helfen zu k\u00f6nnen\u201c, so Gro\u00df.<\/p>\n<p><\/p>\n<p>Mit Kovac sei er im Reinen auseinandergegangen, dennoch machte Gro\u00df auch klar: \u201eNat\u00fcrlich war ich nicht zufrieden. Aber der Fu\u00dfball ist oft Meinungssache. Ein Trainer muss seine Entscheidungen treffen, ich als Spieler aber auch. Menschlich ist alles okay. Ich schaue jetzt nach vorn.\u201c<\/p>\n<p><\/p>\n<p>F\u00fcr Brighton hatte der geb\u00fcrtige Mannheimer von 2017 bis 2024 insgesamt 228 Spiele bestritten und 76 Scorer beigesteuert. Zur\u00fcck in England freue er sich nun auf die anstehenden \u201eHighlights wie in Manchester, im Etihad, im Old Trafford. Das ist auch ein Grund, warum ich zur\u00fcckging: Ich habe die Premier League stets verfolgt, ein ausgeglichener Wettkampf.\u201c Austausch mit den Seagulls \u00fcber eine m\u00f6gliche R\u00fcckkehr habe schon l\u00e4nger bestanden, attestierte Gro\u00df, der nach positiven Gespr\u00e4chen auch auf einen zeitnahen Vollzug gedr\u00e4ngt habe. \u201eAls ich in Dortmund nicht mehr so zum Zug kam, wollte ich wieder dahingehen, wo ich mehr Einfluss nehmen kann und \u00f6fter spiele, damit ich mich auch f\u00fcr die WM empfehlen kann. Mit Fabian (H\u00fcrzeler, d. Red.) war ich seit meinem Abschied immer im Austausch. Wir haben gesprochen und gegen Ende des Jahres haben sich dann auch die Klubs geeinigt. Das war mir wichtig, im Januar bereits zu spielen und nicht erst Ende Januar zu wechseln und einen Monat zu verlieren.\u201c<\/p>\n<p>\nGro\u00df \u00fcber BVB-Abschied: \u201eBrighton war nicht die einzige Option\u201c<\/p>\n<p>Die m\u00f6gliche WM-Teilnahme sei ein wichtiger Faktor gewesen. Er habe mit Bundestrainer <a title=\"Julian Nagelsmann\" href=\"https:\/\/www.transfermarkt.de\/julian-nagelsmann\/profil\/trainer\/8402\" target=\"_blank\" rel=\"nofollow noopener\">Julian Nagelsmann<\/a> in Kontakt gestanden, \u201eauch, als ich zuletzt nicht eingeladen war. Die genauen Inhalte bleiben unter uns, aber grunds\u00e4tzlich hat er jedem klargemacht, dass Spielzeit wichtig ist. Brighton war nicht meine einzige Option, aber hier kann ich am schnellsten Fu\u00df fassen.\u201c Die Zeit bei den Westfalen will er r\u00fcckblickend dennoch nicht missen. \u201eIch habe viele tolle Kollegen getroffen, viele tolle Menschen, ich habe Champions-League-Fu\u00dfball gespielt. Und vor allem die Heimspiele sind etwas ganz Besonderes, auch mit Blick auf Europa.\u201c<\/p>\n<p><\/p>\n<p>Dorthin k\u00f6nnte es auch mit Brighton kommende Saison wieder gehen, aktuell trennen die H\u00fcrzeler-Truppe <a href=\"https:\/\/www.transfermarkt.de\/premier-league\/tabelle\/wettbewerb\/GB1\/saison_id\/2025\" target=\"_blank\" rel=\"nofollow noopener\">in der Tabelle drei Punkte von den internationalen Pl\u00e4tzen<\/a>. Gro\u00df geht optimistisch in die zweite Saisonh\u00e4lfte: \u201eWir haben viele junge und erfahrene Spieler gleicherma\u00dfen. Wenn wir da eine gute Balance finden, k\u00f6nnen wir viele Spiele gewinnen. Wo wir landen, ist schwer abzusch\u00e4tzen, aber ich bin zuversichtlich.\u201c<\/p>\n","protected":false},"excerpt":{"rendered":"Schwierige BVB-Monate\u00a0 \u00a9IMAGO Nach eineinhalb Jahren, 66 Pflichtspielen und einem Tor im Trikot von Borussia Dortmund zog es&hellip;\n","protected":false},"author":2,"featured_media":695036,"comment_status":"","ping_status":"","sticky":false,"template":"","format":"standard","meta":{"footnotes":"","_share_on_mastodon":"0"},"categories":[136],"tags":[888,91559,29,160633,30,11286,957,265],"class_list":["post-695035","post","type-post","status-publish","format-standard","has-post-thumbnail","category-sport","tag-borussia-dortmund","tag-brighton-hove-albion","tag-deutschland","tag-fabian-huerzeler","tag-germany","tag-pascal-gross","tag-premier-league","tag-sport"],"share_on_mastodon":{"url":"https:\/\/pubeurope.com\/@de\/115842601745329700","error":""},"_links":{"self":[{"href":"https:\/\/www.europesays.com\/de\/wp-json\/wp\/v2\/posts\/695035","targetHints":{"allow":["GET"]}}],"collection":[{"href":"https:\/\/www.europesays.com\/de\/wp-json\/wp\/v2\/posts"}],"about":[{"href":"https:\/\/www.europesays.com\/de\/wp-json\/wp\/v2\/types\/post"}],"author":[{"embeddable":true,"href":"https:\/\/www.europesays.com\/de\/wp-json\/wp\/v2\/users\/2"}],"replies":[{"embeddable":true,"href":"https:\/\/www.europesays.com\/de\/wp-json\/wp\/v2\/comments?post=695035"}],"version-history":[{"count":0,"href":"https:\/\/www.europesays.com\/de\/wp-json\/wp\/v2\/posts\/695035\/revisions"}],"wp:featuredmedia":[{"embeddable":true,"href":"https:\/\/www.europesays.com\/de\/wp-json\/wp\/v2\/media\/695036"}],"wp:attachment":[{"href":"https:\/\/www.europesays.com\/de\/wp-json\/wp\/v2\/media?parent=695035"}],"wp:term":[{"taxonomy":"category","embeddable":true,"href":"https:\/\/www.europesays.com\/de\/wp-json\/wp\/v2\/categories?post=695035"},{"taxonomy":"post_tag","embeddable":true,"href":"https:\/\/www.europesays.com\/de\/wp-json\/wp\/v2\/tags?post=695035"}],"curies":[{"name":"wp","href":"https:\/\/api.w.org\/{rel}","templated":true}]}}