{"id":695147,"date":"2026-01-05T14:00:13","date_gmt":"2026-01-05T14:00:13","guid":{"rendered":"https:\/\/www.europesays.com\/de\/695147\/"},"modified":"2026-01-05T14:00:13","modified_gmt":"2026-01-05T14:00:13","slug":"vogelschlag-bei-airbus-a320-aus-muenchen-triebwerk-schwer-beschaedigt","status":"publish","type":"post","link":"https:\/\/www.europesays.com\/de\/695147\/","title":{"rendered":"Vogelschlag bei Airbus A320 aus M\u00fcnchen: Triebwerk schwer besch\u00e4digt"},"content":{"rendered":"<p>Nur wenige Sekunden vor der Landung <\/p>\n<p>Vogelschwarm bringt Lufthansa-Airbus aus M\u00fcnchen in Schieflage<\/p>\n<p>05.01.2026 &#8211; 13:32 UhrLesedauer: 2 Min.<\/p>\n<p><a href=\"#focus-0\" class=\"transition-colors duration-200 block text-current relative\" data-sctrack=\"FocusGalleryImage.Reference\"><img fetchpriority=\"high\" data-testid=\"Opener.Image\" style=\"--lqipURL:url('https:\/\/images.t-online.de\/2026\/01\/RyVQtmMTVOgi\/0x42:2048x1152\/fit-in\/150x0\/filters:blur(25)\/image.jpg')\"   loading=\"eager\" src=\"https:\/\/www.europesays.com\/de\/wp-content\/uploads\/2026\/01\/1767621612_626_image.jpg\" alt=\"V\u00f6gel prallen gegen das Triebwerk eines Airbus A320: Der Vorfall l\u00f6ste einen Rauchabsto\u00df aus und zwang die Crew zur Umleitung des Flugs.\" title=\"V\u00f6gel prallen gegen das Triebwerk eines Airbus A320: Der Vorfall l\u00f6ste einen Rauchabsto\u00df aus und zwang die Crew zur Umleitung des Flugs.\" width=\"2048\" height=\"1152\" class=\"bg-[url:var(--lqipURL)] bg-cover bg-center flex h-full w-full max-w-full\" decoding=\"async\"\/><img style=\"--width:32;--height:32\" loading=\"lazy\" src=\"https:\/\/muenchen.t-online.de\/s\/paper\/_next\/static\/media\/zoom-in.f7dae02f.svg\" alt=\"Vergr\u00f6\u00dfern des Bildes\" title=\"Vergr\u00f6\u00dfern des Bildes\" class=\"block h-[calc(var(--height)_\/_16_*_1rem)] w-[calc(var(--width)_\/_16_*_1rem)] max-w-none absolute bottom-8 right-8 rounded-4 bg-snow p-8\" decoding=\"async\"\/><\/a><\/p>\n<p>V\u00f6gel prallen gegen das Triebwerk eines Airbus A320: Der Vorfall l\u00f6ste einen Rauchabsto\u00df aus und zwang die Crew zur Umleitung des Flugs. (Quelle: Facebook\/Cluj Spotting)<\/p>\n<p class=\"font-bold text-18 leading-17\">Ein Airbus A320 aus M\u00fcnchen trifft im Landeanflug pl\u00f6tzlich auf einen Vogelschwarm \u2013 mit verheerenden Folgen f\u00fcr eines der beiden Triebwerke.<\/p>\n<p class=\"text-18 leading-17\">Mehr als eine Stunde verlief der Flug eines Lufthansa-Airbus A320 von M\u00fcnchen nach Cluj-Napoca in Rum\u00e4nien ohne Zwischenf\u00e4lle. Doch nur wenige Momente vor der Landung, in etwa 450 Metern H\u00f6he, schlugen pl\u00f6tzlich V\u00f6gel in das rechte Triebwerk des Airbus ein. Das geht aus Flugdaten sowie Fotos des Vorfalls auf Facebook hervor.<\/p>\n<p class=\"text-18 leading-17\">Der Lufthansa-Flug war zun\u00e4chst gegen 11.20 Uhr vom M\u00fcnchner Flughafen gestartet. Etwa eine Stunde sp\u00e4ter, gegen 12.30 Uhr, befand sich die Maschine bereits wieder im Landeanflug auf Cluj-Napoca. Doch nur noch wenige hundert Meter \u00fcber dem Boden durchkreuzte ein Vogelschwarm die Flugbahn des Airbus und schlug in das rechte Triebwerk ein.<\/p>\n<p class=\"text-18 leading-17\">Die Piloten entschieden sich daraufhin sofort f\u00fcr ein Durchstartman\u00f6ver. Auf mehreren Fotos ist zu sehen, wie Rauch aus dem rechten Triebwerk austritt und das Flugzeug, aufgrund des asymmetrischen Schubs, leicht nach rechts abdriftet.<\/p>\n<p class=\"text-18 leading-17\">Kurz darauf entschied sich die Crew f\u00fcr eine Ausweichlandung in Budapest. Der dortige Flughafen verf\u00fcgt \u00fcber l\u00e4ngere Landebahnen und eine leistungsf\u00e4higere Infrastruktur f\u00fcr Notf\u00e4lle. Um 13.36 Uhr setzte die Maschine sicher auf der Landebahn 31R auf. Anschlie\u00dfend wurde sie, wie auf Bildern in sozialen Medien zu erkennen ist, direkt von Einsatzfahrzeugen der Flughafenfeuerwehr empfangen.<\/p>\n<p class=\"text-18 leading-17\">Die Einsatzkr\u00e4fte \u00fcberpr\u00fcften das Flugzeug nach der Landung auf m\u00f6gliche Sch\u00e4den. Erst danach rollte die Maschine zur Parkposition, wie die Flugdaten weiter zeigen. Wie das Flugbranchenportal &#8222;The Aviation Herald&#8220; berichtet, wurde der rechte Motor, ein Triebwerk vom Typ CFM56, durch den Vogelschlag besch\u00e4digt.<\/p>\n","protected":false},"excerpt":{"rendered":"Nur wenige Sekunden vor der Landung Vogelschwarm bringt Lufthansa-Airbus aus M\u00fcnchen in Schieflage 05.01.2026 &#8211; 13:32 UhrLesedauer: 2&hellip;\n","protected":false},"author":2,"featured_media":695148,"comment_status":"","ping_status":"","sticky":false,"template":"","format":"standard","meta":{"footnotes":"","_share_on_mastodon":"0"},"categories":[1827],"tags":[42829,44757,33287,772,29,291,30,18007,2108,1268,160653,12024,21717],"class_list":["post-695147","post","type-post","status-publish","format-standard","has-post-thumbnail","category-muenchen","tag-a320","tag-airbus-a320","tag-airbus-s-a-s","tag-bayern","tag-deutschland","tag-facebook","tag-germany","tag-landeanflug","tag-lufthansa","tag-muenchen","tag-rauchabstoss","tag-rumaenien","tag-schieflage"],"share_on_mastodon":{"url":"https:\/\/pubeurope.com\/@de\/115842857724014611","error":""},"_links":{"self":[{"href":"https:\/\/www.europesays.com\/de\/wp-json\/wp\/v2\/posts\/695147","targetHints":{"allow":["GET"]}}],"collection":[{"href":"https:\/\/www.europesays.com\/de\/wp-json\/wp\/v2\/posts"}],"about":[{"href":"https:\/\/www.europesays.com\/de\/wp-json\/wp\/v2\/types\/post"}],"author":[{"embeddable":true,"href":"https:\/\/www.europesays.com\/de\/wp-json\/wp\/v2\/users\/2"}],"replies":[{"embeddable":true,"href":"https:\/\/www.europesays.com\/de\/wp-json\/wp\/v2\/comments?post=695147"}],"version-history":[{"count":0,"href":"https:\/\/www.europesays.com\/de\/wp-json\/wp\/v2\/posts\/695147\/revisions"}],"wp:featuredmedia":[{"embeddable":true,"href":"https:\/\/www.europesays.com\/de\/wp-json\/wp\/v2\/media\/695148"}],"wp:attachment":[{"href":"https:\/\/www.europesays.com\/de\/wp-json\/wp\/v2\/media?parent=695147"}],"wp:term":[{"taxonomy":"category","embeddable":true,"href":"https:\/\/www.europesays.com\/de\/wp-json\/wp\/v2\/categories?post=695147"},{"taxonomy":"post_tag","embeddable":true,"href":"https:\/\/www.europesays.com\/de\/wp-json\/wp\/v2\/tags?post=695147"}],"curies":[{"name":"wp","href":"https:\/\/api.w.org\/{rel}","templated":true}]}}