{"id":695180,"date":"2026-01-05T14:18:18","date_gmt":"2026-01-05T14:18:18","guid":{"rendered":"https:\/\/www.europesays.com\/de\/695180\/"},"modified":"2026-01-05T14:18:18","modified_gmt":"2026-01-05T14:18:18","slug":"wie-sie-apps-durch-die-firewall-von-windows-11-lassen","status":"publish","type":"post","link":"https:\/\/www.europesays.com\/de\/695180\/","title":{"rendered":"Wie Sie Apps durch die Firewall von Windows 11 lassen"},"content":{"rendered":"<p>Die Windows Defender Firewall ist eine der vielen Sicherheitsfunktionen, die in Windows 11 verf\u00fcgbar sind. Ihre Aufgabe ist es, Ihren Computer vor Bedrohungen von au\u00dfen zu sch\u00fctzen.<\/p>\n<p>Obwohl die Firewall gut verwaltet, welche Apps und Funktionen automatisch eine Verbindung \u00fcber das Netzwerk herstellen sollen, m\u00fcssen Sie manchmal eine App manuell zulassen oder ablehnen. Diese Anleitung hilft Ihnen, den Zugriff von Apps auf die Firewall unter Windows 11 manuell zu erlauben.<\/p>\n<p>Was Sie tun m\u00fcssen:<\/p>\n<ul class=\"wp-block-list\">\n<li>Gehen Sie in die Einstellungen.<\/li>\n<li>W\u00e4hlen Sie dann Datenschutz und Sicherheit &gt; Windows-Sicherheit und navigieren Sie zu Firewall und Netzwerkschutz.<\/li>\n<li>Klicken Sie auf Zugriff von App durch Firewall zulassen.<\/li>\n<li>Klicken Sie auf die Schaltfl\u00e4che Einstellungen \u00e4ndern. Sie brauchen hierf\u00fcr Admin-Rechte. Auf Unternehmensrechnern ist das oft nicht der Fall.<\/li>\n<li>Klicken Sie auf die App in der Liste, um sie durch die Windows-Firewall zu lassen.<\/li>\n<li>W\u00e4hlen Sie die Option \u201cPrivat\u201d f\u00fcr zu Hause oder am Arbeitsplatz oder die Option \u201c\u00d6ffentlich\u201d, um die App an \u00f6ffentlichen Orten wie z.B. in einem Caf\u00e9 zuzulassen.<\/li>\n<li>Klicken Sie zum Abschluss auf die Schaltfl\u00e4che Ok. Die App sollte nun vollen Zugriff auf das Netzwerk unter Windows 11 haben.<\/li>\n<\/ul>\n<p><img decoding=\"async\" data-wp-class--hide=\"state.isContentHidden\" data-wp-class--show=\"state.isContentVisible\" data-wp-init=\"callbacks.setButtonStyles\" data-wp-on-async--click=\"actions.showLightbox\" data-wp-on-async--load=\"callbacks.setButtonStyles\" data-wp-on-async-window--resize=\"callbacks.setButtonStyles\" src=\"https:\/\/www.europesays.com\/de\/wp-content\/uploads\/2026\/01\/image_15b900.png\" alt=\"\" class=\"wp-image-3003920\"  width=\"1200\" height=\"642\"  loading=\"lazy\"\/><\/p>\n<p class=\"imageCredit\">PC Welt \/ Foundry<\/p>\n<p><strong>Hinweis:<\/strong> Wenn die App nicht in der Liste enthalten ist, klicken Sie auf die Schaltfl\u00e4che Andere App zulassen, um die App zu finden, die Sie zulassen m\u00f6chten.<\/p>\n<p><strong>Mehr Windows 11 Tipps:<\/strong><\/p>\n<p>\u00dcbrigens: Sollten Sie Windows 11 Home im Einsatz haben, dann entgehen Ihnen die vielen Vorteile der Pro-Version, die wir Ihnen <a href=\"https:\/\/www.pcwelt.de\/article\/1203134\/windows-11-unterschiede-zwischen-home-und-pro-version.html\" target=\"_blank\" rel=\"noreferrer noopener\">hier vorstellen.<\/a>\u00a0Im PC-WELT Software-Shop ist das Windows-11-Upgrade <a href=\"#\" target=\"_blank\" rel=\"nofollow\" data-subtag=\"4-1-3003907-1-0-0-0-0\" data-domain-name=\"pcwelt\" data-adblocker-link=\"https:\/\/software.pcwelt.de\/offer\/windows_11_professional_upgrade\/44487?x-source=4-1-3003907-1-0-0-0-0\" class=\" client-link-wrapper\">f\u00fcr g\u00fcnstige 59,99 Euro statt 145 Euro<\/a>\u00a0erh\u00e4ltlich.<\/p>\n<p><img loading=\"lazy\" decoding=\"async\" class=\"vgwort\" src=\"https:\/\/www.europesays.com\/de\/wp-content\/uploads\/2026\/01\/d2340ab8dbb349239dc12b0f889d8755.gif\" width=\"1\" height=\"1\" alt=\"vgwort\"\/><\/p>\n<p>Dieser Artikel erschien zuerst bei unserer Schwesterpublikation <a href=\"https:\/\/www.pcworld.com\" rel=\"noreferrer noopener\" target=\"_blank\">PCWorld<\/a> und wurde aus dem Englischen \u00fcbersetzt und lokalisiert.<\/p>\n","protected":false},"excerpt":{"rendered":"Die Windows Defender Firewall ist eine der vielen Sicherheitsfunktionen, die in Windows 11 verf\u00fcgbar sind. Ihre Aufgabe ist&hellip;\n","protected":false},"author":2,"featured_media":695181,"comment_status":"","ping_status":"","sticky":false,"template":"","format":"standard","meta":{"footnotes":""},"categories":[135],"tags":[29,30,190,189,194,191,193,192],"class_list":{"0":"post-695180","1":"post","2":"type-post","3":"status-publish","4":"format-standard","5":"has-post-thumbnail","7":"category-wissenschaft-technik","8":"tag-deutschland","9":"tag-germany","10":"tag-science","11":"tag-science-technology","12":"tag-technik","13":"tag-technology","14":"tag-wissenschaft","15":"tag-wissenschaft-technik"},"share_on_mastodon":{"url":"https:\/\/pubeurope.com\/@de\/115842928187926904","error":""},"_links":{"self":[{"href":"https:\/\/www.europesays.com\/de\/wp-json\/wp\/v2\/posts\/695180","targetHints":{"allow":["GET"]}}],"collection":[{"href":"https:\/\/www.europesays.com\/de\/wp-json\/wp\/v2\/posts"}],"about":[{"href":"https:\/\/www.europesays.com\/de\/wp-json\/wp\/v2\/types\/post"}],"author":[{"embeddable":true,"href":"https:\/\/www.europesays.com\/de\/wp-json\/wp\/v2\/users\/2"}],"replies":[{"embeddable":true,"href":"https:\/\/www.europesays.com\/de\/wp-json\/wp\/v2\/comments?post=695180"}],"version-history":[{"count":0,"href":"https:\/\/www.europesays.com\/de\/wp-json\/wp\/v2\/posts\/695180\/revisions"}],"wp:featuredmedia":[{"embeddable":true,"href":"https:\/\/www.europesays.com\/de\/wp-json\/wp\/v2\/media\/695181"}],"wp:attachment":[{"href":"https:\/\/www.europesays.com\/de\/wp-json\/wp\/v2\/media?parent=695180"}],"wp:term":[{"taxonomy":"category","embeddable":true,"href":"https:\/\/www.europesays.com\/de\/wp-json\/wp\/v2\/categories?post=695180"},{"taxonomy":"post_tag","embeddable":true,"href":"https:\/\/www.europesays.com\/de\/wp-json\/wp\/v2\/tags?post=695180"}],"curies":[{"name":"wp","href":"https:\/\/api.w.org\/{rel}","templated":true}]}}