{"id":695777,"date":"2026-01-05T19:45:12","date_gmt":"2026-01-05T19:45:12","guid":{"rendered":"https:\/\/www.europesays.com\/de\/695777\/"},"modified":"2026-01-05T19:45:12","modified_gmt":"2026-01-05T19:45:12","slug":"kanzler-raeumt-im-kanzleramt-auf-merz-feuert-seinen-bueroleiter-politik","status":"publish","type":"post","link":"https:\/\/www.europesays.com\/de\/695777\/","title":{"rendered":"Kanzler r\u00e4umt im Kanzleramt auf: Merz feuert seinen B\u00fcroleiter | Politik"},"content":{"rendered":"<p>Berlin \u2013 <b>Personal-Paukenschlag im Kanzleramt! <\/b><\/p>\n<p>BILD erfuhr: Kanzler Friedrich Merz (70, CDU) feuert seinen B\u00fcroleiter Jacob Schrot. Der 35-J\u00e4hrige ist ab sofort nicht mehr f\u00fcr Merz t\u00e4tig. Grund f\u00fcr die Abl\u00f6sung: Der Bundeskanzler ist unzufrieden mit dem fehlenden Wirtschaftswissen in seinem direkten Umfeld. <\/p>\n<p>Auch interessant<\/p>\n<p>Anzeige<\/p>\n<p>Auch interessant<\/p>\n<p>Anzeige<\/p>\n<p>Schrot hat Politikwissenschaften studiert. Zu seinem Spezialgebiet geh\u00f6rt die Au\u00dfenpolitik. Er galt als einer der engsten Vertrauten von Merz. Kritiker sagen: Schrot sah sich mehr und mehr als Chefberater des Kanzlers f\u00fcr nahezu alle Themen. Dadurch seien viele Informationen nicht zu Merz durchgedrungen.<\/p>\n<p>Offiziell teilte Merz mit, er danke Schrot \u201ef\u00fcr seinen unerm\u00fcdlichen Einsatz und die vertrauensvolle Zusammenarbeit. Ich danke ihm ausdr\u00fccklich f\u00fcr seine Loyalit\u00e4t und die herausragende Unterst\u00fctzung beim Start der neuen Regierung, aber auch in der Zeit der Opposition und im Wahlkampf.\u201c Schrot gehe im gegenseitigen Einvernehmen.<\/p>\n<p>Schrot betonte offiziell, er sei dem Kanzler \u201esehr dankbar f\u00fcr das in mich gesetzte Vertrauen. Es war mir ein gro\u00dfes Privileg, das erste Amtsjahr seiner Kanzlerschaft in dieser historischen Phase nach Kr\u00e4ften zu unterst\u00fctzen.\u201c Er wolle sich nun \u201eneuen beruflichen Herausforderungen stellen\u201c. <\/p>\n<p><img decoding=\"async\" width=\"992\" height=\"558\" alt=\"Er leitet ab sofort das Kanzler-B\u00fcro: Philipp Birkenmaier\" src=\"https:\/\/www.europesays.com\/de\/wp-content\/uploads\/2026\/01\/2f0029406baff8be1c325ff90f267a1f,d75ecb7b.jpeg\"   class=\"landscape\" loading=\"lazy\"\/><\/p>\n<p class=\"fig__caption__text\">Er leitet ab sofort das Kanzler-B\u00fcro: Philipp Birkenmaier<\/p>\n<p>Foto: IMAGO\/dts Nachrichtenagentur<\/p>\n<p>Nach BILD-Informationen wird Schrot das Kanzleramt verlassen und sich au\u00dferhalb der Regierung einen neuen Job suchen.<\/p>\n<p>Neuer Merz-B\u00fcroleiter wird der bisherige CDU-Bundesgesch\u00e4ftsf\u00fchrer Philipp Birkenmaier. Der Jurist arbeitete bereits unter Kanzlerin Angela Merkel (71, CDU) von 2007 bis 2012 im Kanzleramt. Anschlie\u00dfend war Birkenmaier u.a. im Wirtschaftsministerium und f\u00fcr den CDU-Parlamentskreis Mittelstand t\u00e4tig. 2022 erarbeitete Birkenmaier zusammen mit CDU-Generalsekret\u00e4r Carsten Linnemann (48) das neue CDU-Grundsatzprogramm. Seit Juli 2024 ist er Bundesgesch\u00e4ftsf\u00fchrer der CDU Deutschlands.<\/p>\n","protected":false},"excerpt":{"rendered":"Berlin \u2013 Personal-Paukenschlag im Kanzleramt! BILD erfuhr: Kanzler Friedrich Merz (70, CDU) feuert seinen B\u00fcroleiter Jacob Schrot. Der&hellip;\n","protected":false},"author":2,"featured_media":695778,"comment_status":"","ping_status":"","sticky":false,"template":"","format":"standard","meta":{"footnotes":""},"categories":[5],"tags":[1737,1738,1736,13,14,15,12,138370,45,10,8,9,11],"class_list":{"0":"post-695777","1":"post","2":"type-post","3":"status-publish","4":"format-standard","5":"has-post-thumbnail","7":"category-nachrichten","8":"tag-breaking-news","9":"tag-desk-delta","10":"tag-fb-instantarticles","11":"tag-headlines","12":"tag-nachrichten","13":"tag-news","14":"tag-schlagzeilen","15":"tag-team-first","16":"tag-texttospeech","17":"tag-top-news","18":"tag-top-meldungen","19":"tag-topmeldungen","20":"tag-topnews"},"share_on_mastodon":{"url":"https:\/\/pubeurope.com\/@de\/115844213920026898","error":""},"_links":{"self":[{"href":"https:\/\/www.europesays.com\/de\/wp-json\/wp\/v2\/posts\/695777","targetHints":{"allow":["GET"]}}],"collection":[{"href":"https:\/\/www.europesays.com\/de\/wp-json\/wp\/v2\/posts"}],"about":[{"href":"https:\/\/www.europesays.com\/de\/wp-json\/wp\/v2\/types\/post"}],"author":[{"embeddable":true,"href":"https:\/\/www.europesays.com\/de\/wp-json\/wp\/v2\/users\/2"}],"replies":[{"embeddable":true,"href":"https:\/\/www.europesays.com\/de\/wp-json\/wp\/v2\/comments?post=695777"}],"version-history":[{"count":0,"href":"https:\/\/www.europesays.com\/de\/wp-json\/wp\/v2\/posts\/695777\/revisions"}],"wp:featuredmedia":[{"embeddable":true,"href":"https:\/\/www.europesays.com\/de\/wp-json\/wp\/v2\/media\/695778"}],"wp:attachment":[{"href":"https:\/\/www.europesays.com\/de\/wp-json\/wp\/v2\/media?parent=695777"}],"wp:term":[{"taxonomy":"category","embeddable":true,"href":"https:\/\/www.europesays.com\/de\/wp-json\/wp\/v2\/categories?post=695777"},{"taxonomy":"post_tag","embeddable":true,"href":"https:\/\/www.europesays.com\/de\/wp-json\/wp\/v2\/tags?post=695777"}],"curies":[{"name":"wp","href":"https:\/\/api.w.org\/{rel}","templated":true}]}}