{"id":695991,"date":"2026-01-05T21:42:14","date_gmt":"2026-01-05T21:42:14","guid":{"rendered":"https:\/\/www.europesays.com\/de\/695991\/"},"modified":"2026-01-05T21:42:14","modified_gmt":"2026-01-05T21:42:14","slug":"messerangriff-in-isernhagen-28-jaehriger-ausser-lebensgefahr","status":"publish","type":"post","link":"https:\/\/www.europesays.com\/de\/695991\/","title":{"rendered":"Messerangriff in Isernhagen: 28-J\u00e4hriger au\u00dfer Lebensgefahr"},"content":{"rendered":"<p>\n                Stand: 05.01.2026 16:31 Uhr<\/p>\n<p>                    <a href=\"https:\/\/www.europesays.com\/de\/wp-content\/uploads\/2026\/01\/rettungswagen-124.webp.webp\" class=\"zoomimage\" title=\"Bild vergr\u00f6\u00dfern\"><\/p>\n<p>        <img decoding=\"async\" src=\"https:\/\/www.europesays.com\/de\/wp-content\/uploads\/2026\/01\/rettungswagen-124.webp.webp\" alt=\"Die Aufschrift \u201eRettungsdienst\u201c auf der Motorhaube eines Rettungswagens.\" title=\"Einsatzkr\u00e4fte fanden den Mann an einem Feldweg. (Themenbild) | NDR, Julius Matuschik\" class=\"responsive\" loading=\"lazy\"\/><\/p>\n<p>                    <\/a><\/p>\n<p>                    Einsatzkr\u00e4fte fanden den Mann an einem Feldweg. (Themenbild)<\/p>\n<p class=\"\">Nach einem Messerangriff in Isernhagen (Region Hannover) ist das 28 Jahre alte Opfer mittlerweile au\u00dfer Lebensgefahr. Das teilte die Polizei am Montag mit. Der Mann hatte den Angaben zufolge am Freitagabend gegen 22.30 Uhr eigenst\u00e4ndig den Notruf gew\u00e4hlt. Einsatzkr\u00e4fte fanden den Verletzten an einem Feldweg im Bereich der Stra\u00dfe Landwehrdamm. Der Mann aus Bremen wurde noch vor Ort medizinisch versorgt und anschlie\u00dfend in einem Krankenhaus notoperiert. Der Kriminaldauerdienst Hannover ermittelt wegen des Verdachts eines versuchten T\u00f6tungsdelikts. Zu den Hintergr\u00fcnden der Tat, dem Tatwerkzeug sowie zu einem m\u00f6glichen Tatverd\u00e4chtigen liegen laut Polizei noch keine gesicherten Erkenntnisse vor. Die Beamten bitten Zeuginnen und Zeugen, die am Freitagabend im Bereich des Hufeisensees verd\u00e4chtige Beobachtungen gemacht haben oder Hinweise zur Tat geben k\u00f6nnen, sich unter der <strong>Telefonnummer<\/strong> (<strong>0511) 109 55 55<\/strong> zu melden.<\/p>\n<p>Dieses Thema im Programm:<\/p>\n<p>                NDR 1 Niedersachsen | Regional Hannover | 05.01.2026 | 15:00 Uhr<\/p>\n","protected":false},"excerpt":{"rendered":"Stand: 05.01.2026 16:31 Uhr Einsatzkr\u00e4fte fanden den Mann an einem Feldweg. (Themenbild) Nach einem Messerangriff in Isernhagen (Region&hellip;\n","protected":false},"author":2,"featured_media":695992,"comment_status":"","ping_status":"","sticky":false,"template":"","format":"standard","meta":{"footnotes":""},"categories":[1836],"tags":[590,3364,29,75570,30,46,63003,52182,3263,5517,35260,1980,14,15,1411,95749,16184,121,21976,9958,5185],"class_list":{"0":"post-695991","1":"post","2":"type-post","3":"status-publish","4":"format-standard","5":"has-post-thumbnail","7":"category-hannover","8":"tag-aktuell","9":"tag-de","10":"tag-deutschland","11":"tag-feldweg","12":"tag-germany","13":"tag-hannover","14":"tag-hufeisensee","15":"tag-isernhagen","16":"tag-krankenhaus","17":"tag-lebensgefahr","18":"tag-lebensgefaehrlich","19":"tag-mann","20":"tag-nachrichten","21":"tag-news","22":"tag-niedersachsen","23":"tag-notoperation","24":"tag-notruf","25":"tag-polizei","26":"tag-stichverletzungen","27":"tag-toetungsdelikt","28":"tag-verletzt"},"share_on_mastodon":{"url":"https:\/\/pubeurope.com\/@de\/115844674150022132","error":""},"_links":{"self":[{"href":"https:\/\/www.europesays.com\/de\/wp-json\/wp\/v2\/posts\/695991","targetHints":{"allow":["GET"]}}],"collection":[{"href":"https:\/\/www.europesays.com\/de\/wp-json\/wp\/v2\/posts"}],"about":[{"href":"https:\/\/www.europesays.com\/de\/wp-json\/wp\/v2\/types\/post"}],"author":[{"embeddable":true,"href":"https:\/\/www.europesays.com\/de\/wp-json\/wp\/v2\/users\/2"}],"replies":[{"embeddable":true,"href":"https:\/\/www.europesays.com\/de\/wp-json\/wp\/v2\/comments?post=695991"}],"version-history":[{"count":0,"href":"https:\/\/www.europesays.com\/de\/wp-json\/wp\/v2\/posts\/695991\/revisions"}],"wp:featuredmedia":[{"embeddable":true,"href":"https:\/\/www.europesays.com\/de\/wp-json\/wp\/v2\/media\/695992"}],"wp:attachment":[{"href":"https:\/\/www.europesays.com\/de\/wp-json\/wp\/v2\/media?parent=695991"}],"wp:term":[{"taxonomy":"category","embeddable":true,"href":"https:\/\/www.europesays.com\/de\/wp-json\/wp\/v2\/categories?post=695991"},{"taxonomy":"post_tag","embeddable":true,"href":"https:\/\/www.europesays.com\/de\/wp-json\/wp\/v2\/tags?post=695991"}],"curies":[{"name":"wp","href":"https:\/\/api.w.org\/{rel}","templated":true}]}}